{"id":69728,"date":"2024-04-11T05:58:01","date_gmt":"2024-04-11T08:58:01","guid":{"rendered":"https:\/\/www.crossprensa.com.ar\/news\/?p=69728"},"modified":"2024-04-11T05:58:01","modified_gmt":"2024-04-11T08:58:01","slug":"ama-sx-jeremy-martin-fuera-por-el-resto-del-campeonato","status":"publish","type":"post","link":"https:\/\/www.crossprensa.com.ar\/news\/ama-sx-jeremy-martin-fuera-por-el-resto-del-campeonato\/ama-supercross\/","title":{"rendered":"AMA SX: Jeremy Martin fuera por el resto del campeonato."},"content":{"rendered":"<p>Jeremy Martin y el equipo han decidido mutuamente que ser\u00eda mejor no participar el resto de la temporada de Supercross 2024 por complicaciones de su accidente a principios de este campeonato.<\/p>\n<p><!--more--><\/p>\n<p><span>No es una decisi\u00f3n especialmente dif\u00edcil porque la salud del piloto siempre prima sobre cualquier otra cosa. Con un comienzo de temporada turbulento, Martin no ha cumplido sus expectativas personales hasta el momento y es muy consciente de los riesgos que corre si intenta continuar a menos del cien por cien.<\/span><\/p>\n<p><a href=\"https:\/\/xpstore3.mitiendanube.com\/\"><img fetchpriority=\"high\" decoding=\"async\" class=\"alignnone wp-image-69459 size-full\" src=\"https:\/\/www.crossprensa.com.ar\/news\/wp-content\/uploads\/2024\/03\/xpw-1.jpg\" alt=\"\" width=\"1080\" height=\"94\" \/><\/a><\/p>\n<p><strong><span>Jeremy Mart\u00edn:<\/span><\/strong><\/p>\n<p><em><span>\u201cEstoy incre\u00edblemente decepcionado por tener que tomar esta decisi\u00f3n, pero cuando se trata de mi salud y mi futuro, es la decisi\u00f3n correcta. Me cost\u00f3 contarle al equipo, pero ellos me apoyaron completamente sabiendo todo lo que pas\u00e9\u201d.<\/span><\/em><\/p>\n<p><strong><span>Brandon Haas (propietario del equipo):<\/span><\/strong><\/p>\n<p><em><span>\u201cEstas situaciones nunca son f\u00e1ciles para el piloto o el equipo porque no est\u00e1s seguro de estar entendiendo toda la historia desde el punto de vista de la salud. El corredor siempre quiere competir y Jeremy es uno de los competidores m\u00e1s duros que jam\u00e1s haya visto este deporte. A fin de cuentas, \u00e9l ha ayudado a que nuestro programa crezca de tantas maneras que tiene sentido apoyarlo en cualquier decisi\u00f3n que tome\u201d.<\/span><\/em><\/p>\n<p><span>Nota: Comunicado de prensa<\/span><\/p>\n","protected":false},"excerpt":{"rendered":"<p>Jeremy Martin y el equipo han decidido mutuamente que ser\u00eda mejor no participar el resto&#8230;<\/p>\n","protected":false},"author":2,"featured_media":69729,"comment_status":"closed","ping_status":"closed","sticky":false,"template":"","format":"standard","meta":{"om_disable_all_campaigns":false,"_monsterinsights_skip_tracking":false,"_monsterinsights_sitenote_active":false,"_monsterinsights_sitenote_note":"","_monsterinsights_sitenote_category":0,"_uf_show_specific_survey":0,"_uf_disable_surveys":false,"footnotes":""},"categories":[30,37],"tags":[],"class_list":["post-69728","post","type-post","status-publish","format-standard","has-post-thumbnail","hentry","category-ama-supercross","category-crossprensa"],"aioseo_notices":[],"_links":{"self":[{"href":"https:\/\/www.crossprensa.com.ar\/news\/wp-json\/wp\/v2\/posts\/69728","targetHints":{"allow":["GET"]}}],"collection":[{"href":"https:\/\/www.crossprensa.com.ar\/news\/wp-json\/wp\/v2\/posts"}],"about":[{"href":"https:\/\/www.crossprensa.com.ar\/news\/wp-json\/wp\/v2\/types\/post"}],"author":[{"embeddable":true,"href":"https:\/\/www.crossprensa.com.ar\/news\/wp-json\/wp\/v2\/users\/2"}],"replies":[{"embeddable":true,"href":"https:\/\/www.crossprensa.com.ar\/news\/wp-json\/wp\/v2\/comments?post=69728"}],"version-history":[{"count":1,"href":"https:\/\/www.crossprensa.com.ar\/news\/wp-json\/wp\/v2\/posts\/69728\/revisions"}],"predecessor-version":[{"id":69730,"href":"https:\/\/www.crossprensa.com.ar\/news\/wp-json\/wp\/v2\/posts\/69728\/revisions\/69730"}],"wp:featuredmedia":[{"embeddable":true,"href":"https:\/\/www.crossprensa.com.ar\/news\/wp-json\/wp\/v2\/media\/69729"}],"wp:attachment":[{"href":"https:\/\/www.crossprensa.com.ar\/news\/wp-json\/wp\/v2\/media?parent=69728"}],"wp:term":[{"taxonomy":"category","embeddable":true,"href":"https:\/\/www.crossprensa.com.ar\/news\/wp-json\/wp\/v2\/categories?post=69728"},{"taxonomy":"post_tag","embeddable":true,"href":"https:\/\/www.crossprensa.com.ar\/news\/wp-json\/wp\/v2\/tags?post=69728"}],"curies":[{"name":"wp","href":"https:\/\/api.w.org\/{rel}","templated":true}]}}