{"id":69668,"date":"2024-04-08T12:00:34","date_gmt":"2024-04-08T15:00:34","guid":{"rendered":"https:\/\/www.crossprensa.com.ar\/news\/?p=69668"},"modified":"2024-04-08T12:00:34","modified_gmt":"2024-04-08T15:00:34","slug":"accidente-y-yeso-para-francesco-copetti","status":"publish","type":"post","link":"https:\/\/www.crossprensa.com.ar\/news\/accidente-y-yeso-para-francesco-copetti\/sin-categoria\/","title":{"rendered":"ACCIDENTE Y YESO PARA FRANCESCO COPETTI."},"content":{"rendered":"<p>Francesco Copetti como todos ya saben, est\u00e1 corriendo como piloto oficial de Husqvarna en Brasil. Este fin de semana pasado, la 2da. fecha del Campeonato Brasile\u00f1o se corr\u00eda en el impresionante circuito de Canelinha donde se esperaba otra brillante actuaci\u00f3n del argentino, pero&#8230; se cruz\u00f3 un diente! o dos.<\/p>\n<p><!--more--><\/p>\n<p>En esa maravillosa pista, existen bajadas y subidas ENORMES a la que no estamos acostumbrados en nuestro pa\u00eds, y que pusieron a prueba a todos. En la pelea por la punta, Francesco ven\u00eda bajando a fondo y se encuentra con dos deformaciones en el piso que se llaman DIENTES, y se causan por ser zona de frenaje donde las ruedas traseras de las motos rebotan y forman estos obst\u00e1culos que como pueden ver en el video, desacomodan la moto de Copetti y de su perseguidor, terminando los dos en el piso. Lo peor es que el piloto cordob\u00e9s sufri\u00f3 dos fisuras en su mu\u00f1eca derecha que lo tendr\u00e1n enyesado por 20 dias.<\/p>\n<p>Desde aqu\u00ed, le enviamos toda la buena onda y como siempre seguiremos su evoluci\u00f3n.<\/p>\n<div style=\"width: 480px;\" class=\"wp-video\"><!--[if lt IE 9]><script>document.createElement('video');<\/script><![endif]-->\n<video class=\"wp-video-shortcode\" id=\"video-69668-1\" width=\"480\" height=\"848\" preload=\"metadata\" controls=\"controls\"><source type=\"video\/mp4\" src=\"https:\/\/www.crossprensa.com.ar\/news\/wp-content\/uploads\/2024\/04\/WhatsApp-Video-2024-04-08-at-11.26.10.mp4?_=1\" \/><a href=\"https:\/\/www.crossprensa.com.ar\/news\/wp-content\/uploads\/2024\/04\/WhatsApp-Video-2024-04-08-at-11.26.10.mp4\">https:\/\/www.crossprensa.com.ar\/news\/wp-content\/uploads\/2024\/04\/WhatsApp-Video-2024-04-08-at-11.26.10.mp4<\/a><\/video><\/div>\n<p>&nbsp;<\/p>\n","protected":false},"excerpt":{"rendered":"<p>Francesco Copetti como todos ya saben, est\u00e1 corriendo como piloto oficial de Husqvarna en Brasil&#8230;.<\/p>\n","protected":false},"author":2,"featured_media":69669,"comment_status":"closed","ping_status":"closed","sticky":false,"template":"","format":"standard","meta":{"om_disable_all_campaigns":false,"_monsterinsights_skip_tracking":false,"_monsterinsights_sitenote_active":false,"_monsterinsights_sitenote_note":"","_monsterinsights_sitenote_category":0,"_uf_show_specific_survey":0,"_uf_disable_surveys":false,"footnotes":""},"categories":[1],"tags":[],"class_list":["post-69668","post","type-post","status-publish","format-standard","has-post-thumbnail","hentry","category-sin-categoria"],"aioseo_notices":[],"_links":{"self":[{"href":"https:\/\/www.crossprensa.com.ar\/news\/wp-json\/wp\/v2\/posts\/69668","targetHints":{"allow":["GET"]}}],"collection":[{"href":"https:\/\/www.crossprensa.com.ar\/news\/wp-json\/wp\/v2\/posts"}],"about":[{"href":"https:\/\/www.crossprensa.com.ar\/news\/wp-json\/wp\/v2\/types\/post"}],"author":[{"embeddable":true,"href":"https:\/\/www.crossprensa.com.ar\/news\/wp-json\/wp\/v2\/users\/2"}],"replies":[{"embeddable":true,"href":"https:\/\/www.crossprensa.com.ar\/news\/wp-json\/wp\/v2\/comments?post=69668"}],"version-history":[{"count":1,"href":"https:\/\/www.crossprensa.com.ar\/news\/wp-json\/wp\/v2\/posts\/69668\/revisions"}],"predecessor-version":[{"id":69671,"href":"https:\/\/www.crossprensa.com.ar\/news\/wp-json\/wp\/v2\/posts\/69668\/revisions\/69671"}],"wp:featuredmedia":[{"embeddable":true,"href":"https:\/\/www.crossprensa.com.ar\/news\/wp-json\/wp\/v2\/media\/69669"}],"wp:attachment":[{"href":"https:\/\/www.crossprensa.com.ar\/news\/wp-json\/wp\/v2\/media?parent=69668"}],"wp:term":[{"taxonomy":"category","embeddable":true,"href":"https:\/\/www.crossprensa.com.ar\/news\/wp-json\/wp\/v2\/categories?post=69668"},{"taxonomy":"post_tag","embeddable":true,"href":"https:\/\/www.crossprensa.com.ar\/news\/wp-json\/wp\/v2\/tags?post=69668"}],"curies":[{"name":"wp","href":"https:\/\/api.w.org\/{rel}","templated":true}]}}