{"id":69634,"date":"2024-04-05T08:09:53","date_gmt":"2024-04-05T11:09:53","guid":{"rendered":"https:\/\/www.crossprensa.com.ar\/news\/?p=69634"},"modified":"2024-04-05T08:18:01","modified_gmt":"2024-04-05T11:18:01","slug":"mx-argentino-la-previa-2","status":"publish","type":"post","link":"https:\/\/www.crossprensa.com.ar\/news\/mx-argentino-la-previa-2\/sin-categoria\/","title":{"rendered":"MX ARGENTINO: La previa&#8230;"},"content":{"rendered":"<p>En 2023 nos sorprendi\u00f3 todo en Victorica, por el nivel organizativo. Este a\u00f1o abren la temporada 2024 del Campeonato Argentino de Motocross, con lo que ser\u00e1 otra espectacular carrera el fin de semana del 13 y 14 de Abril, que tambi\u00e9n ser\u00e1 cobertura y transmisi\u00f3n EN VIVO de Crossprensa!<\/p>\n<p><!--more--><\/p>\n<p>Son varios los equipos que han sumado pilotos, y al estar presentes todas las categor\u00edas en esta primera fecha, veremos un despliegue fenomenal de estructuras que adem\u00e1s iremos visitando para que Uds. conozcan todo.<\/p>\n<p>Aqu\u00ed, un res\u00famen de que pasar\u00e1 con cada equipo y cada marca, con los pilotos confirmados hasta ahora, porque faltan varios&#8230;<\/p>\n<p><a href=\"https:\/\/www.instagram.com\/kawasaki.argentina\/?hl=en\"><img fetchpriority=\"high\" decoding=\"async\" class=\"alignnone wp-image-69632 size-full\" src=\"https:\/\/www.crossprensa.com.ar\/news\/wp-content\/uploads\/2024\/04\/Banner-Web_Familia-KX_1200x100-1-1.gif\" alt=\"\" width=\"1200\" height=\"100\" \/><\/a><\/p>\n<p><strong>KAWASAKI ARGENTINA:<\/strong><\/p>\n<p>MX1 &#8211; Joaqu\u00edn Poli<\/p>\n<p><a href=\"https:\/\/www.instagram.com\/ktmracingargentina\/?hl=en\"><img decoding=\"async\" class=\"alignnone wp-image-69452 size-full\" src=\"https:\/\/www.crossprensa.com.ar\/news\/wp-content\/uploads\/2024\/03\/WhatsApp-Image-2023-22-072-at-18.00.34.jpeg\" alt=\"\" width=\"1283\" height=\"109\" \/><\/a><\/p>\n<p><strong>KTM ARGENTINA\/SPORT ADVENTURE<\/strong><\/p>\n<p>MX1 &#8211; Lautaro Toro<\/p>\n<p><a href=\"https:\/\/www.instagram.com\/gasgas.sportadventure\/?hl=en\"><img decoding=\"async\" class=\"alignnone wp-image-69453 size-full\" src=\"https:\/\/www.crossprensa.com.ar\/news\/wp-content\/uploads\/2024\/03\/WhatsApp-Image-2023-22-072-at-18.00.35.jpeg\" alt=\"\" width=\"1283\" height=\"109\" \/><\/a><\/p>\n<p><strong>GAS GAS \/ SPORT ADVENTURE<\/strong><\/p>\n<p>MX2 &#8211; Tom\u00e1s Matkovich<\/p>\n<p><a href=\"https:\/\/www.instagram.com\/avantmotos_oficial\/?hl=en\"><img loading=\"lazy\" decoding=\"async\" class=\"alignnone wp-image-69438 size-full\" src=\"https:\/\/www.crossprensa.com.ar\/news\/wp-content\/uploads\/2024\/03\/Sin-titulo-7044.jpg\" alt=\"\" width=\"1594\" height=\"174\" \/><\/a><\/p>\n<p><strong>HONDA AVANT:<\/strong><\/p>\n<p>MX1 &#8211; Ferm\u00edn Ciccimarra<\/p>\n<p>MX3 A &#8211; Jos\u00e9 Felipe<\/p>\n<p>MX3 B &#8211; Demi\u00e1n Guiral<\/p>\n<p><a href=\"https:\/\/www.instagram.com\/sl.mechanic\/?hl=en\"><img loading=\"lazy\" decoding=\"async\" class=\"alignnone wp-image-69440 size-full\" src=\"https:\/\/www.crossprensa.com.ar\/news\/wp-content\/uploads\/2024\/03\/Sin-titulo-7079.jpg\" alt=\"\" width=\"1283\" height=\"109\" \/><\/a><\/p>\n<p><strong>SL MECHANICS<\/strong><\/p>\n<p>65cc Felipe manzoni<br \/>\n85cc Pedrito soraiz<br \/>\nMX 3 A Gustavo Rivero (h)<br \/>\nMX 3 C Federico Guinsel<br \/>\nMX 2 B Joaqu\u00edn Guinsel<br \/>\nMX 2 B Facundo Lorenz<br \/>\nMX 1 B Joaqu\u00edn Allivellatore<\/p>\n<p><a href=\"https:\/\/www.instagram.com\/crossprensa.argentina\/?hl=en\"><img loading=\"lazy\" decoding=\"async\" class=\"alignnone wp-image-69436 size-full\" src=\"https:\/\/www.crossprensa.com.ar\/news\/wp-content\/uploads\/2024\/03\/sin-titulo-3.jpg\" alt=\"\" width=\"1280\" height=\"106\" \/><\/a><\/p>\n<p><strong>HUSQVARNA OFICIAL \/ CASTROL-AXION-RADIKAL RACING<\/strong><\/p>\n<p>WMX &#8211; Guadalupe Alonso<\/p>\n<p>MX1 &#8211; Nicol\u00e1s Rolando<\/p>\n<p>MX3 &#8211; Dar\u00edo Arco<\/p>\n<p><em><strong>y esto reci\u00e9n comienza&#8230; En breve MUCHO M\u00c1S de la previa de Victorica.<\/strong><\/em><\/p>\n<p>&nbsp;<\/p>\n<p>&nbsp;<\/p>\n","protected":false},"excerpt":{"rendered":"<p>En 2023 nos sorprendi\u00f3 todo en Victorica, por el nivel organizativo. Este a\u00f1o abren la&#8230;<\/p>\n","protected":false},"author":2,"featured_media":69635,"comment_status":"closed","ping_status":"closed","sticky":false,"template":"","format":"standard","meta":{"om_disable_all_campaigns":false,"_monsterinsights_skip_tracking":false,"_monsterinsights_sitenote_active":false,"_monsterinsights_sitenote_note":"","_monsterinsights_sitenote_category":0,"_uf_show_specific_survey":0,"_uf_disable_surveys":false,"footnotes":""},"categories":[1],"tags":[],"class_list":["post-69634","post","type-post","status-publish","format-standard","has-post-thumbnail","hentry","category-sin-categoria"],"aioseo_notices":[],"_links":{"self":[{"href":"https:\/\/www.crossprensa.com.ar\/news\/wp-json\/wp\/v2\/posts\/69634","targetHints":{"allow":["GET"]}}],"collection":[{"href":"https:\/\/www.crossprensa.com.ar\/news\/wp-json\/wp\/v2\/posts"}],"about":[{"href":"https:\/\/www.crossprensa.com.ar\/news\/wp-json\/wp\/v2\/types\/post"}],"author":[{"embeddable":true,"href":"https:\/\/www.crossprensa.com.ar\/news\/wp-json\/wp\/v2\/users\/2"}],"replies":[{"embeddable":true,"href":"https:\/\/www.crossprensa.com.ar\/news\/wp-json\/wp\/v2\/comments?post=69634"}],"version-history":[{"count":4,"href":"https:\/\/www.crossprensa.com.ar\/news\/wp-json\/wp\/v2\/posts\/69634\/revisions"}],"predecessor-version":[{"id":69658,"href":"https:\/\/www.crossprensa.com.ar\/news\/wp-json\/wp\/v2\/posts\/69634\/revisions\/69658"}],"wp:featuredmedia":[{"embeddable":true,"href":"https:\/\/www.crossprensa.com.ar\/news\/wp-json\/wp\/v2\/media\/69635"}],"wp:attachment":[{"href":"https:\/\/www.crossprensa.com.ar\/news\/wp-json\/wp\/v2\/media?parent=69634"}],"wp:term":[{"taxonomy":"category","embeddable":true,"href":"https:\/\/www.crossprensa.com.ar\/news\/wp-json\/wp\/v2\/categories?post=69634"},{"taxonomy":"post_tag","embeddable":true,"href":"https:\/\/www.crossprensa.com.ar\/news\/wp-json\/wp\/v2\/tags?post=69634"}],"curies":[{"name":"wp","href":"https:\/\/api.w.org\/{rel}","templated":true}]}}