{"id":69620,"date":"2024-04-04T07:37:45","date_gmt":"2024-04-04T10:37:45","guid":{"rendered":"https:\/\/www.crossprensa.com.ar\/news\/?p=69620"},"modified":"2024-04-04T07:39:19","modified_gmt":"2024-04-04T10:39:19","slug":"rally-de-portugal-dominio-de-schareina-con-honda","status":"publish","type":"post","link":"https:\/\/www.crossprensa.com.ar\/news\/rally-de-portugal-dominio-de-schareina-con-honda\/sin-categoria\/","title":{"rendered":"RALLY DE PORTUGAL: DOMINIO DE SCHAREINA CON HONDA."},"content":{"rendered":"<p><strong>Tras marcar el mejor tiempo en el pr\u00f3logo de la ma\u00f1ana, Tosha Schareina (Honda) se proclam\u00f3 vencedor de la etapa inaugural del bp Ultimate Rally-Raid Portugal, justo por delante de su compatriota Lorenzo Santolino (Sherco). Ant\u00f3nio Maio (Yamaha) llegar\u00e1 a la segunda jornada como el mejor portugu\u00e9s. GRAN TRABAJO del argentino Jerem\u00edas Pascual!\u00a0<\/strong><\/p>\n<p><!--more--><\/p>\n<p>Tosha Schairena, piloto del equipo oficial Honda, liderado por Rub\u00e9n Faria, regresa a las carreras y ha comenzado de la mejor forma el bp Ultimate Rally-Raid Portugal. El piloto valenciano admiti\u00f3: <strong>&#8220;El comienzo fue bastante duro, con las zonas de arena, donde tuve muchas dificultades. Luego, la superficie se puso m\u00e1s dura y ataqu\u00e9. A pesar de algunos peque\u00f1os errores, en general todo fue bien y la estrategia para empezar m\u00e1s atr\u00e1s era correcta.&#8221;<\/strong><\/p>\n<p>Tambi\u00e9n conocedor de las caracter\u00edsticas del recorrido, su compatriota Lorenzo Santolino (Sherco) fue uno de los grandes protagonistas de la jornada, terminando la etapa en segunda posici\u00f3n, justo por delante del norteamericano de Honda Skyler Howes.<\/p>\n<p>Ant\u00f3nio Maio (Yamaha) estuvo a un gran nivel, siendo el cuarto m\u00e1s r\u00e1pido de la etapa y el mejor de los portugueses, y el soldado de la GNR afirm\u00f3:\u00a0<strong>&#8220;El recorrido fue un poco diferente de lo que esperaba, pero fue divertido. No, No comet\u00ed errores de navegaci\u00f3n y era importante terminar el primer d\u00eda con buenas sensaciones&#8221;.<\/strong><\/p>\n<p>El chileno Pablo Quintanilla (Honda) cerr\u00f3 el top 5, por delante de Sebastien B\u00fchler (Hero). El portugu\u00e9s-alem\u00e1n, residente en el pueblo de Rel\u00edquias, a unos 80 kil\u00f3metros de Gr\u00e2ndola, se mostr\u00f3 satisfecho al final de los primeros 100 kil\u00f3metros cronometrados:\u00a0<strong>&#8220;Disfrut\u00e9 mucho del recorrido y el \u00fanico problema que tuve fue retroceder dos o tres &#8220;Hay muchas veces que ir a buscar los puntos de ruta. Pero para empezar fue un buen paso&#8221;.<\/strong><\/p>\n<p>Pese a ser el m\u00e1s r\u00e1pido de la etapa, aprovechando su experiencia en terrenos similares, en las afueras de su ciudad natal (Durban, Sud\u00e1frica), una penalizaci\u00f3n releg\u00f3 a Bradley Cox a la s\u00e9ptima plaza. A\u00fan as\u00ed, el piloto de KTM destac\u00f3:\u00a0<strong>\u201cDisfrut\u00e9 mucho pilotando aqu\u00ed. Es duro, pero divertido, incluso cuando hay mucho barro\u201d.<\/strong><\/p>\n<p>El portugu\u00e9s Bruno Santos (Husqvarna) fue octavo y primero en la categor\u00eda Rally2, mientras que el argentino Manuel And\u00fajar marc\u00f3 el mejor tiempo entre los Quad, con 6m39s de ventaja sobre el lituano Antanas Kanopkinas.<\/p>\n<p>Un \u00fanico sector selectivo disputado al sur de Gr\u00e2ndola, de 193,04 kil\u00f3metros, es el reto que afrontan los equipos en la etapa de este mi\u00e9rcoles, segunda del bp Ultimate Rally-Raid Portugal. Un recorrido disputado en el bosque de alcornoques del Alentejo, pero con algunos tramos de arena.<\/p>\n<p><strong>Posici\u00f3n 10 y excelente trabajo para el argentino (cordob\u00e9s) Jerem\u00edas Pascual!!! (Foto abajo)<\/strong><\/p>\n<p><img fetchpriority=\"high\" decoding=\"async\" class=\"alignnone size-full wp-image-69624\" src=\"https:\/\/www.crossprensa.com.ar\/news\/wp-content\/uploads\/2024\/04\/WhatsApp-Image-2024-04-03-at-5.55.53-AM.jpeg\" alt=\"\" width=\"1200\" height=\"1600\" srcset=\"https:\/\/www.crossprensa.com.ar\/news\/wp-content\/uploads\/2024\/04\/WhatsApp-Image-2024-04-03-at-5.55.53-AM.jpeg 1200w, https:\/\/www.crossprensa.com.ar\/news\/wp-content\/uploads\/2024\/04\/WhatsApp-Image-2024-04-03-at-5.55.53-AM-225x300.jpeg 225w, https:\/\/www.crossprensa.com.ar\/news\/wp-content\/uploads\/2024\/04\/WhatsApp-Image-2024-04-03-at-5.55.53-AM-300x400.jpeg 300w, https:\/\/www.crossprensa.com.ar\/news\/wp-content\/uploads\/2024\/04\/WhatsApp-Image-2024-04-03-at-5.55.53-AM-768x1024.jpeg 768w, https:\/\/www.crossprensa.com.ar\/news\/wp-content\/uploads\/2024\/04\/WhatsApp-Image-2024-04-03-at-5.55.53-AM-1152x1536.jpeg 1152w, https:\/\/www.crossprensa.com.ar\/news\/wp-content\/uploads\/2024\/04\/WhatsApp-Image-2024-04-03-at-5.55.53-AM-750x1000.jpeg 750w, https:\/\/www.crossprensa.com.ar\/news\/wp-content\/uploads\/2024\/04\/WhatsApp-Image-2024-04-03-at-5.55.53-AM-1140x1520.jpeg 1140w\" sizes=\"(max-width: 1200px) 100vw, 1200px\" \/><\/p>\n","protected":false},"excerpt":{"rendered":"<p>Tras marcar el mejor tiempo en el pr\u00f3logo de la ma\u00f1ana, Tosha Schareina (Honda) se&#8230;<\/p>\n","protected":false},"author":2,"featured_media":69622,"comment_status":"closed","ping_status":"closed","sticky":false,"template":"","format":"standard","meta":{"om_disable_all_campaigns":false,"_monsterinsights_skip_tracking":false,"_monsterinsights_sitenote_active":false,"_monsterinsights_sitenote_note":"","_monsterinsights_sitenote_category":0,"_uf_show_specific_survey":0,"_uf_disable_surveys":false,"footnotes":""},"categories":[1],"tags":[],"class_list":["post-69620","post","type-post","status-publish","format-standard","has-post-thumbnail","hentry","category-sin-categoria"],"aioseo_notices":[],"_links":{"self":[{"href":"https:\/\/www.crossprensa.com.ar\/news\/wp-json\/wp\/v2\/posts\/69620","targetHints":{"allow":["GET"]}}],"collection":[{"href":"https:\/\/www.crossprensa.com.ar\/news\/wp-json\/wp\/v2\/posts"}],"about":[{"href":"https:\/\/www.crossprensa.com.ar\/news\/wp-json\/wp\/v2\/types\/post"}],"author":[{"embeddable":true,"href":"https:\/\/www.crossprensa.com.ar\/news\/wp-json\/wp\/v2\/users\/2"}],"replies":[{"embeddable":true,"href":"https:\/\/www.crossprensa.com.ar\/news\/wp-json\/wp\/v2\/comments?post=69620"}],"version-history":[{"count":4,"href":"https:\/\/www.crossprensa.com.ar\/news\/wp-json\/wp\/v2\/posts\/69620\/revisions"}],"predecessor-version":[{"id":69626,"href":"https:\/\/www.crossprensa.com.ar\/news\/wp-json\/wp\/v2\/posts\/69620\/revisions\/69626"}],"wp:featuredmedia":[{"embeddable":true,"href":"https:\/\/www.crossprensa.com.ar\/news\/wp-json\/wp\/v2\/media\/69622"}],"wp:attachment":[{"href":"https:\/\/www.crossprensa.com.ar\/news\/wp-json\/wp\/v2\/media?parent=69620"}],"wp:term":[{"taxonomy":"category","embeddable":true,"href":"https:\/\/www.crossprensa.com.ar\/news\/wp-json\/wp\/v2\/categories?post=69620"},{"taxonomy":"post_tag","embeddable":true,"href":"https:\/\/www.crossprensa.com.ar\/news\/wp-json\/wp\/v2\/tags?post=69620"}],"curies":[{"name":"wp","href":"https:\/\/api.w.org\/{rel}","templated":true}]}}