{"id":69617,"date":"2024-04-03T14:10:10","date_gmt":"2024-04-03T17:10:10","guid":{"rendered":"https:\/\/www.crossprensa.com.ar\/news\/?p=69617"},"modified":"2024-04-03T14:10:10","modified_gmt":"2024-04-03T17:10:10","slug":"oficial-todd-kellett-corre-para-factory-yamaha-mxgp","status":"publish","type":"post","link":"https:\/\/www.crossprensa.com.ar\/news\/oficial-todd-kellett-corre-para-factory-yamaha-mxgp\/mxgp\/","title":{"rendered":"Oficial: Todd Kellett corre para Factory Yamaha &#8211; MXGP"},"content":{"rendered":"<p><span>Yamaha Motor Europe se complace en anunciar que Todd Kellett, el actual campe\u00f3n de la Copa del Mundo FIM Sand Race, har\u00e1 una aparici\u00f3n especial para el equipo Monster Energy Yamaha Factory MXGP en el pr\u00f3ximo MXGP de Cerde\u00f1a en Riola-Sardo, reemplazando al lesionado Jago Geerts. .<\/span><\/p>\n<p><!--more--><\/p>\n<p><span>Kellett, conocido por sus excepcionales habilidades en la arena, como lo demuestran sus recientes victorias en el Enduropale du Touquet en Francia y el Enduro del Verano en Argentina, se unir\u00e1 a Calvin Vlaanderen bajo la carpa del equipo Monster Energy Yamaha Factory MXGP para la tercera fecha del Campeonato del Mundo de Motocross FIM. Kellett agrega una dimensi\u00f3n emocionante al equipo y a MXGP mientras se preparan para afrontar una de las carreras de arena m\u00e1s desafiantes del calendario.<\/span><\/p>\n<p><span>Kellett, que correr\u00e1 un solo GP como recompensa por su \u00e9xito en la Copa del Mundo, mostrar\u00e1 su destreza en las carreras de arena a bordo de una YZ450FM de f\u00e1brica en el MXGP de Cerde\u00f1a antes de volver a centrarse en defender su t\u00edtulo de la Copa del Mundo.\u00a0<\/span><\/p>\n<p>&nbsp;<\/p>\n","protected":false},"excerpt":{"rendered":"<p>Yamaha Motor Europe se complace en anunciar que Todd Kellett, el actual campe\u00f3n de la&#8230;<\/p>\n","protected":false},"author":2,"featured_media":0,"comment_status":"closed","ping_status":"closed","sticky":false,"template":"","format":"standard","meta":{"om_disable_all_campaigns":false,"_monsterinsights_skip_tracking":false,"_monsterinsights_sitenote_active":false,"_monsterinsights_sitenote_note":"","_monsterinsights_sitenote_category":0,"_uf_show_specific_survey":0,"_uf_disable_surveys":false,"footnotes":""},"categories":[24,115],"tags":[],"class_list":["post-69617","post","type-post","status-publish","format-standard","hentry","category-mxgp","category-mxgp-argentina"],"aioseo_notices":[],"_links":{"self":[{"href":"https:\/\/www.crossprensa.com.ar\/news\/wp-json\/wp\/v2\/posts\/69617","targetHints":{"allow":["GET"]}}],"collection":[{"href":"https:\/\/www.crossprensa.com.ar\/news\/wp-json\/wp\/v2\/posts"}],"about":[{"href":"https:\/\/www.crossprensa.com.ar\/news\/wp-json\/wp\/v2\/types\/post"}],"author":[{"embeddable":true,"href":"https:\/\/www.crossprensa.com.ar\/news\/wp-json\/wp\/v2\/users\/2"}],"replies":[{"embeddable":true,"href":"https:\/\/www.crossprensa.com.ar\/news\/wp-json\/wp\/v2\/comments?post=69617"}],"version-history":[{"count":1,"href":"https:\/\/www.crossprensa.com.ar\/news\/wp-json\/wp\/v2\/posts\/69617\/revisions"}],"predecessor-version":[{"id":69619,"href":"https:\/\/www.crossprensa.com.ar\/news\/wp-json\/wp\/v2\/posts\/69617\/revisions\/69619"}],"wp:attachment":[{"href":"https:\/\/www.crossprensa.com.ar\/news\/wp-json\/wp\/v2\/media?parent=69617"}],"wp:term":[{"taxonomy":"category","embeddable":true,"href":"https:\/\/www.crossprensa.com.ar\/news\/wp-json\/wp\/v2\/categories?post=69617"},{"taxonomy":"post_tag","embeddable":true,"href":"https:\/\/www.crossprensa.com.ar\/news\/wp-json\/wp\/v2\/tags?post=69617"}],"curies":[{"name":"wp","href":"https:\/\/api.w.org\/{rel}","templated":true}]}}