{"id":69403,"date":"2024-03-26T10:02:35","date_gmt":"2024-03-26T13:02:35","guid":{"rendered":"https:\/\/www.crossprensa.com.ar\/news\/?p=69403"},"modified":"2024-03-26T10:02:35","modified_gmt":"2024-03-26T13:02:35","slug":"gracias-y-adios-villa-la-angostura","status":"publish","type":"post","link":"https:\/\/www.crossprensa.com.ar\/news\/gracias-y-adios-villa-la-angostura\/mxgp\/","title":{"rendered":"Gracias y adi\u00f3s, Villa La Angostura."},"content":{"rendered":"<p>Ya es definitivo: Se est\u00e1 desarmando el circuito de Villa La Angostura.<\/p>\n<p>No vamos a tomar partido ni dar opini\u00f3n porque no corresponde ya que entrar\u00edamos en un terreno que no queremos, pero si agradecer como corresponde a TODOS los que han apoyado esta carrera, a la gente cordial del sur que nos hizo quedar tan bien con los visitantes europeos y que han dejado tan buena im\u00e1gen hacia el exterior.<\/p>\n<p><!--more--><\/p>\n<p><em><strong>Desde 2015, Crossprensa viaja siempre con veh\u00edculos de Cassano&#8230;\u00a0 Y este a\u00f1o no fue la excepci\u00f3n. Vos, que auto, furg\u00f3n o camioneta busc\u00e1s? Si quer\u00e9s algo confiable NO LO DUDES y hac\u00e9 click abajo:\u00a0<\/strong><\/em><\/p>\n<p><a href=\"https:\/\/www.instagram.com\/cassano.automobili\/\"><img fetchpriority=\"high\" decoding=\"async\" class=\"alignnone wp-image-69404 size-full\" src=\"https:\/\/www.crossprensa.com.ar\/news\/wp-content\/uploads\/2024\/03\/xpw-6.jpg\" alt=\"\" width=\"2104\" height=\"227\" \/><\/a><\/p>\n<p>Estuvimos en todas las ediciones del MXGP en Argentina, cubrimos cada una de ellas en Villa La Angostura y siempre nos hicieron sentir como en casa. Vimos a todos los que pudieron ganar en la mejor pista del mundo y a cada argentino que se anim\u00f3 a estar en un partidor al lado de los mejores del planeta.<\/p>\n<p>Y es un privilegio que tuvimos gracias al apoyo que recibimos de nuestros sponsors, del p\u00fablico que nos sigue y de cada piloto que nos atendi\u00f3 el tel\u00e9fono para informar como corresponde.<\/p>\n<p>Ahora solo nos queda decir GRACIAS, y esperar el anuncio del nuevo emplazamiento de lo que competir\u00e1 consigo mismo, porque la vara qued\u00f3 tan alta con el Patagonia Race Track, que conociendo la capacidad de Lucas de La Fuente, sin dudas va a ir por algo mejor, superador! Igualmente la organizaci\u00f3n de +Eventos, que demostrar\u00e1 que puede y con mas fuerza que antes.<\/p>\n<p>Lo \u00fanico que les podemos decir, es que sigan leyendo Crossprensa, sin\u00f3 donde lo van a ver primero?<\/p>\n<p>Muchas gracias Villa La Angostura, Bariloche, y a todos los lugares donde nos recibieron, como en casa!<\/p>\n<p>Hacemos un peque\u00f1o repaso en fotos de todo lo que vivimos&#8230; pero publicaremos uno mas amplio para no olvidar NADA ni a NADIE de todos los que pisaron ese suelo que para nosotros seguir\u00e1 siendo sagrado.<\/p>\n<p>Fotos: Fabi\u00e1n Arriagada.<\/p>\n<p><img decoding=\"async\" class=\"alignnone size-full wp-image-69406\" src=\"https:\/\/www.crossprensa.com.ar\/news\/wp-content\/uploads\/2024\/03\/GFA0009-copia.jpg\" alt=\"\" width=\"1200\" height=\"795\" srcset=\"https:\/\/www.crossprensa.com.ar\/news\/wp-content\/uploads\/2024\/03\/GFA0009-copia.jpg 1200w, https:\/\/www.crossprensa.com.ar\/news\/wp-content\/uploads\/2024\/03\/GFA0009-copia-300x199.jpg 300w, https:\/\/www.crossprensa.com.ar\/news\/wp-content\/uploads\/2024\/03\/GFA0009-copia-604x400.jpg 604w, https:\/\/www.crossprensa.com.ar\/news\/wp-content\/uploads\/2024\/03\/GFA0009-copia-768x509.jpg 768w, https:\/\/www.crossprensa.com.ar\/news\/wp-content\/uploads\/2024\/03\/GFA0009-copia-750x497.jpg 750w, https:\/\/www.crossprensa.com.ar\/news\/wp-content\/uploads\/2024\/03\/GFA0009-copia-1140x755.jpg 1140w\" sizes=\"(max-width: 1200px) 100vw, 1200px\" \/><\/p>\n<p>Aquella madrugada de 2015 cuando la cola llegaba a 10 Km. de la pista para entrar, y todav\u00eda era de noche&#8230;<\/p>\n<p><img decoding=\"async\" class=\"alignnone size-full wp-image-69407\" src=\"https:\/\/www.crossprensa.com.ar\/news\/wp-content\/uploads\/2024\/03\/12957249_10208501700047448_1357179021_n.jpg\" alt=\"\" width=\"960\" height=\"636\" srcset=\"https:\/\/www.crossprensa.com.ar\/news\/wp-content\/uploads\/2024\/03\/12957249_10208501700047448_1357179021_n.jpg 960w, https:\/\/www.crossprensa.com.ar\/news\/wp-content\/uploads\/2024\/03\/12957249_10208501700047448_1357179021_n-300x199.jpg 300w, https:\/\/www.crossprensa.com.ar\/news\/wp-content\/uploads\/2024\/03\/12957249_10208501700047448_1357179021_n-604x400.jpg 604w, https:\/\/www.crossprensa.com.ar\/news\/wp-content\/uploads\/2024\/03\/12957249_10208501700047448_1357179021_n-768x509.jpg 768w, https:\/\/www.crossprensa.com.ar\/news\/wp-content\/uploads\/2024\/03\/12957249_10208501700047448_1357179021_n-750x497.jpg 750w\" sizes=\"(max-width: 960px) 100vw, 960px\" \/><\/p>\n<p>Max Nagl #12, el ganador de 2015, saltando junto a Marco Schmit #702.<\/p>\n<p><img loading=\"lazy\" decoding=\"async\" class=\"alignnone size-full wp-image-69410\" src=\"https:\/\/www.crossprensa.com.ar\/news\/wp-content\/uploads\/2024\/03\/GFA0286-copy.jpg\" alt=\"\" width=\"1200\" height=\"795\" srcset=\"https:\/\/www.crossprensa.com.ar\/news\/wp-content\/uploads\/2024\/03\/GFA0286-copy.jpg 1200w, https:\/\/www.crossprensa.com.ar\/news\/wp-content\/uploads\/2024\/03\/GFA0286-copy-300x199.jpg 300w, https:\/\/www.crossprensa.com.ar\/news\/wp-content\/uploads\/2024\/03\/GFA0286-copy-604x400.jpg 604w, https:\/\/www.crossprensa.com.ar\/news\/wp-content\/uploads\/2024\/03\/GFA0286-copy-768x509.jpg 768w, https:\/\/www.crossprensa.com.ar\/news\/wp-content\/uploads\/2024\/03\/GFA0286-copy-750x497.jpg 750w, https:\/\/www.crossprensa.com.ar\/news\/wp-content\/uploads\/2024\/03\/GFA0286-copy-1140x755.jpg 1140w\" sizes=\"(max-width: 1200px) 100vw, 1200px\" \/><\/p>\n<p>Se acuerdan de Ryan Villopoto #2 en Argentina? Fue una pelea de energizantes, que termin\u00f3 antes de tiempo&#8230;<\/p>\n<p>&nbsp;<\/p>\n<p><img loading=\"lazy\" decoding=\"async\" class=\"alignnone size-full wp-image-69408\" src=\"https:\/\/www.crossprensa.com.ar\/news\/wp-content\/uploads\/2024\/03\/12966101_10208501700007447_2038954730_n.jpg\" alt=\"\" width=\"960\" height=\"675\" srcset=\"https:\/\/www.crossprensa.com.ar\/news\/wp-content\/uploads\/2024\/03\/12966101_10208501700007447_2038954730_n.jpg 960w, https:\/\/www.crossprensa.com.ar\/news\/wp-content\/uploads\/2024\/03\/12966101_10208501700007447_2038954730_n-300x211.jpg 300w, https:\/\/www.crossprensa.com.ar\/news\/wp-content\/uploads\/2024\/03\/12966101_10208501700007447_2038954730_n-569x400.jpg 569w, https:\/\/www.crossprensa.com.ar\/news\/wp-content\/uploads\/2024\/03\/12966101_10208501700007447_2038954730_n-768x540.jpg 768w, https:\/\/www.crossprensa.com.ar\/news\/wp-content\/uploads\/2024\/03\/12966101_10208501700007447_2038954730_n-750x527.jpg 750w\" sizes=\"(max-width: 960px) 100vw, 960px\" \/><\/p>\n<p>Tim Gajser lograba su primera victoria en Argentina, en 2016.<\/p>\n<p><img loading=\"lazy\" decoding=\"async\" class=\"alignnone size-full wp-image-69409\" src=\"https:\/\/www.crossprensa.com.ar\/news\/wp-content\/uploads\/2024\/03\/GFA0212-copia.jpg\" alt=\"\" width=\"1200\" height=\"804\" srcset=\"https:\/\/www.crossprensa.com.ar\/news\/wp-content\/uploads\/2024\/03\/GFA0212-copia.jpg 1200w, https:\/\/www.crossprensa.com.ar\/news\/wp-content\/uploads\/2024\/03\/GFA0212-copia-300x201.jpg 300w, https:\/\/www.crossprensa.com.ar\/news\/wp-content\/uploads\/2024\/03\/GFA0212-copia-597x400.jpg 597w, https:\/\/www.crossprensa.com.ar\/news\/wp-content\/uploads\/2024\/03\/GFA0212-copia-768x515.jpg 768w, https:\/\/www.crossprensa.com.ar\/news\/wp-content\/uploads\/2024\/03\/GFA0212-copia-750x503.jpg 750w, https:\/\/www.crossprensa.com.ar\/news\/wp-content\/uploads\/2024\/03\/GFA0212-copia-1140x764.jpg 1140w\" sizes=\"(max-width: 1200px) 100vw, 1200px\" \/><\/p>\n<p>Herlings lograba su primera victoria en MX2, en Argentina, en 2016.<\/p>\n<p>Y algunos de los argentinos que se animaron&#8230; que l\u00e1stima que muchos de ellos no est\u00e9 corriendo hoy. Fotos de <strong><a href=\"https:\/\/www.instagram.com\/phfg58\/\">@phfg58 Ferm\u00edn Guti\u00e9rrez<\/a><\/strong><\/p>\n<p><strong>Benjam\u00edn Cassano con su padre C\u00e9sar.<\/strong><\/p>\n<p><img loading=\"lazy\" decoding=\"async\" class=\"alignnone size-full wp-image-69421\" src=\"https:\/\/www.crossprensa.com.ar\/news\/wp-content\/uploads\/2024\/03\/6bdbe45e-accb-4467-985d-7aae5d08ca75.jpeg\" alt=\"\" width=\"1600\" height=\"897\" srcset=\"https:\/\/www.crossprensa.com.ar\/news\/wp-content\/uploads\/2024\/03\/6bdbe45e-accb-4467-985d-7aae5d08ca75.jpeg 1600w, https:\/\/www.crossprensa.com.ar\/news\/wp-content\/uploads\/2024\/03\/6bdbe45e-accb-4467-985d-7aae5d08ca75-300x168.jpeg 300w, https:\/\/www.crossprensa.com.ar\/news\/wp-content\/uploads\/2024\/03\/6bdbe45e-accb-4467-985d-7aae5d08ca75-620x348.jpeg 620w, https:\/\/www.crossprensa.com.ar\/news\/wp-content\/uploads\/2024\/03\/6bdbe45e-accb-4467-985d-7aae5d08ca75-768x431.jpeg 768w, https:\/\/www.crossprensa.com.ar\/news\/wp-content\/uploads\/2024\/03\/6bdbe45e-accb-4467-985d-7aae5d08ca75-1536x861.jpeg 1536w, https:\/\/www.crossprensa.com.ar\/news\/wp-content\/uploads\/2024\/03\/6bdbe45e-accb-4467-985d-7aae5d08ca75-750x420.jpeg 750w, https:\/\/www.crossprensa.com.ar\/news\/wp-content\/uploads\/2024\/03\/6bdbe45e-accb-4467-985d-7aae5d08ca75-1140x639.jpeg 1140w\" sizes=\"(max-width: 1600px) 100vw, 1600px\" \/><\/p>\n<p><strong>Jerem\u00edas Fern\u00e1ndez<\/strong><\/p>\n<p><img loading=\"lazy\" decoding=\"async\" class=\"alignnone size-full wp-image-69412\" src=\"https:\/\/www.crossprensa.com.ar\/news\/wp-content\/uploads\/2024\/03\/12966676_1320975271251896_1537870238_n.jpg\" alt=\"\" width=\"643\" height=\"960\" srcset=\"https:\/\/www.crossprensa.com.ar\/news\/wp-content\/uploads\/2024\/03\/12966676_1320975271251896_1537870238_n.jpg 643w, https:\/\/www.crossprensa.com.ar\/news\/wp-content\/uploads\/2024\/03\/12966676_1320975271251896_1537870238_n-201x300.jpg 201w, https:\/\/www.crossprensa.com.ar\/news\/wp-content\/uploads\/2024\/03\/12966676_1320975271251896_1537870238_n-268x400.jpg 268w\" sizes=\"(max-width: 643px) 100vw, 643px\" \/><\/p>\n<p><strong>Ezequiel Fanello<\/strong><\/p>\n<p><img loading=\"lazy\" decoding=\"async\" class=\"alignnone size-full wp-image-69413\" src=\"https:\/\/www.crossprensa.com.ar\/news\/wp-content\/uploads\/2024\/03\/12957343_1320975524585204_40869593_n.jpg\" alt=\"\" width=\"643\" height=\"960\" srcset=\"https:\/\/www.crossprensa.com.ar\/news\/wp-content\/uploads\/2024\/03\/12957343_1320975524585204_40869593_n.jpg 643w, https:\/\/www.crossprensa.com.ar\/news\/wp-content\/uploads\/2024\/03\/12957343_1320975524585204_40869593_n-201x300.jpg 201w, https:\/\/www.crossprensa.com.ar\/news\/wp-content\/uploads\/2024\/03\/12957343_1320975524585204_40869593_n-268x400.jpg 268w\" sizes=\"(max-width: 643px) 100vw, 643px\" \/><\/p>\n<p><strong>Marco Schmit<\/strong><\/p>\n<p><img loading=\"lazy\" decoding=\"async\" class=\"alignnone size-full wp-image-69414\" src=\"https:\/\/www.crossprensa.com.ar\/news\/wp-content\/uploads\/2024\/03\/12969306_1320826467933443_1288856622_n.jpg\" alt=\"\" width=\"643\" height=\"960\" srcset=\"https:\/\/www.crossprensa.com.ar\/news\/wp-content\/uploads\/2024\/03\/12969306_1320826467933443_1288856622_n.jpg 643w, https:\/\/www.crossprensa.com.ar\/news\/wp-content\/uploads\/2024\/03\/12969306_1320826467933443_1288856622_n-201x300.jpg 201w, https:\/\/www.crossprensa.com.ar\/news\/wp-content\/uploads\/2024\/03\/12969306_1320826467933443_1288856622_n-268x400.jpg 268w\" sizes=\"(max-width: 643px) 100vw, 643px\" \/><\/p>\n<p><strong>Ignacio Toya<\/strong><\/p>\n<p><img loading=\"lazy\" decoding=\"async\" class=\"alignnone size-full wp-image-69415\" src=\"https:\/\/www.crossprensa.com.ar\/news\/wp-content\/uploads\/2024\/03\/12980370_1320827304600026_979039583_n.jpg\" alt=\"\" width=\"643\" height=\"960\" srcset=\"https:\/\/www.crossprensa.com.ar\/news\/wp-content\/uploads\/2024\/03\/12980370_1320827304600026_979039583_n.jpg 643w, https:\/\/www.crossprensa.com.ar\/news\/wp-content\/uploads\/2024\/03\/12980370_1320827304600026_979039583_n-201x300.jpg 201w, https:\/\/www.crossprensa.com.ar\/news\/wp-content\/uploads\/2024\/03\/12980370_1320827304600026_979039583_n-268x400.jpg 268w\" sizes=\"(max-width: 643px) 100vw, 643px\" \/><\/p>\n<p><strong>Demian Villar<\/strong><\/p>\n<p><img loading=\"lazy\" decoding=\"async\" class=\"alignnone size-full wp-image-69416\" src=\"https:\/\/www.crossprensa.com.ar\/news\/wp-content\/uploads\/2024\/03\/12992134_1320974564585300_1658971183_n.jpg\" alt=\"\" width=\"643\" height=\"960\" srcset=\"https:\/\/www.crossprensa.com.ar\/news\/wp-content\/uploads\/2024\/03\/12992134_1320974564585300_1658971183_n.jpg 643w, https:\/\/www.crossprensa.com.ar\/news\/wp-content\/uploads\/2024\/03\/12992134_1320974564585300_1658971183_n-201x300.jpg 201w, https:\/\/www.crossprensa.com.ar\/news\/wp-content\/uploads\/2024\/03\/12992134_1320974564585300_1658971183_n-268x400.jpg 268w\" sizes=\"(max-width: 643px) 100vw, 643px\" \/><\/p>\n<p><strong>Nahuel Kriger<\/strong><\/p>\n<p><img loading=\"lazy\" decoding=\"async\" class=\"alignnone size-full wp-image-69417\" src=\"https:\/\/www.crossprensa.com.ar\/news\/wp-content\/uploads\/2024\/03\/12966844_1320976657918424_105003740_n.jpg\" alt=\"\" width=\"643\" height=\"960\" srcset=\"https:\/\/www.crossprensa.com.ar\/news\/wp-content\/uploads\/2024\/03\/12966844_1320976657918424_105003740_n.jpg 643w, https:\/\/www.crossprensa.com.ar\/news\/wp-content\/uploads\/2024\/03\/12966844_1320976657918424_105003740_n-201x300.jpg 201w, https:\/\/www.crossprensa.com.ar\/news\/wp-content\/uploads\/2024\/03\/12966844_1320976657918424_105003740_n-268x400.jpg 268w\" sizes=\"(max-width: 643px) 100vw, 643px\" \/><\/p>\n<p><strong>Agust\u00edn Carrasco<\/strong><\/p>\n<p><img loading=\"lazy\" decoding=\"async\" class=\"alignnone size-full wp-image-69420\" src=\"https:\/\/www.crossprensa.com.ar\/news\/wp-content\/uploads\/2024\/03\/DSC_0062-scaled.jpg\" alt=\"\" width=\"2560\" height=\"1714\" srcset=\"https:\/\/www.crossprensa.com.ar\/news\/wp-content\/uploads\/2024\/03\/DSC_0062-scaled.jpg 2560w, https:\/\/www.crossprensa.com.ar\/news\/wp-content\/uploads\/2024\/03\/DSC_0062-300x201.jpg 300w, https:\/\/www.crossprensa.com.ar\/news\/wp-content\/uploads\/2024\/03\/DSC_0062-598x400.jpg 598w, https:\/\/www.crossprensa.com.ar\/news\/wp-content\/uploads\/2024\/03\/DSC_0062-768x514.jpg 768w, https:\/\/www.crossprensa.com.ar\/news\/wp-content\/uploads\/2024\/03\/DSC_0062-1536x1028.jpg 1536w, https:\/\/www.crossprensa.com.ar\/news\/wp-content\/uploads\/2024\/03\/DSC_0062-2048x1371.jpg 2048w, https:\/\/www.crossprensa.com.ar\/news\/wp-content\/uploads\/2024\/03\/DSC_0062-750x502.jpg 750w, https:\/\/www.crossprensa.com.ar\/news\/wp-content\/uploads\/2024\/03\/DSC_0062-1140x763.jpg 1140w\" sizes=\"(max-width: 2560px) 100vw, 2560px\" \/><\/p>\n<p>&nbsp;<\/p>\n<p><strong>V\u00edctor Garrido<\/strong><\/p>\n<p><img loading=\"lazy\" decoding=\"async\" class=\"alignnone size-full wp-image-69419\" src=\"https:\/\/www.crossprensa.com.ar\/news\/wp-content\/uploads\/2024\/03\/DSC_0050-scaled.jpg\" alt=\"\" width=\"2560\" height=\"1714\" srcset=\"https:\/\/www.crossprensa.com.ar\/news\/wp-content\/uploads\/2024\/03\/DSC_0050-scaled.jpg 2560w, https:\/\/www.crossprensa.com.ar\/news\/wp-content\/uploads\/2024\/03\/DSC_0050-300x201.jpg 300w, https:\/\/www.crossprensa.com.ar\/news\/wp-content\/uploads\/2024\/03\/DSC_0050-598x400.jpg 598w, https:\/\/www.crossprensa.com.ar\/news\/wp-content\/uploads\/2024\/03\/DSC_0050-768x514.jpg 768w, https:\/\/www.crossprensa.com.ar\/news\/wp-content\/uploads\/2024\/03\/DSC_0050-1536x1028.jpg 1536w, https:\/\/www.crossprensa.com.ar\/news\/wp-content\/uploads\/2024\/03\/DSC_0050-2048x1371.jpg 2048w, https:\/\/www.crossprensa.com.ar\/news\/wp-content\/uploads\/2024\/03\/DSC_0050-750x502.jpg 750w, https:\/\/www.crossprensa.com.ar\/news\/wp-content\/uploads\/2024\/03\/DSC_0050-1140x763.jpg 1140w\" sizes=\"(max-width: 2560px) 100vw, 2560px\" \/><\/p>\n<p>Y hay mucho m\u00e1s, que ser\u00e1 motivo de otra nota en Crossprensa.<\/p>\n<p>&nbsp;<\/p>\n<p>&nbsp;<\/p>\n","protected":false},"excerpt":{"rendered":"<p>Ya es definitivo: Se est\u00e1 desarmando el circuito de Villa La Angostura. No vamos a&#8230;<\/p>\n","protected":false},"author":2,"featured_media":69405,"comment_status":"closed","ping_status":"closed","sticky":false,"template":"","format":"standard","meta":{"om_disable_all_campaigns":false,"_monsterinsights_skip_tracking":false,"_monsterinsights_sitenote_active":false,"_monsterinsights_sitenote_note":"","_monsterinsights_sitenote_category":0,"_uf_show_specific_survey":0,"_uf_disable_surveys":false,"footnotes":""},"categories":[37,24,115],"tags":[],"class_list":["post-69403","post","type-post","status-publish","format-standard","has-post-thumbnail","hentry","category-crossprensa","category-mxgp","category-mxgp-argentina"],"aioseo_notices":[],"_links":{"self":[{"href":"https:\/\/www.crossprensa.com.ar\/news\/wp-json\/wp\/v2\/posts\/69403","targetHints":{"allow":["GET"]}}],"collection":[{"href":"https:\/\/www.crossprensa.com.ar\/news\/wp-json\/wp\/v2\/posts"}],"about":[{"href":"https:\/\/www.crossprensa.com.ar\/news\/wp-json\/wp\/v2\/types\/post"}],"author":[{"embeddable":true,"href":"https:\/\/www.crossprensa.com.ar\/news\/wp-json\/wp\/v2\/users\/2"}],"replies":[{"embeddable":true,"href":"https:\/\/www.crossprensa.com.ar\/news\/wp-json\/wp\/v2\/comments?post=69403"}],"version-history":[{"count":1,"href":"https:\/\/www.crossprensa.com.ar\/news\/wp-json\/wp\/v2\/posts\/69403\/revisions"}],"predecessor-version":[{"id":69422,"href":"https:\/\/www.crossprensa.com.ar\/news\/wp-json\/wp\/v2\/posts\/69403\/revisions\/69422"}],"wp:featuredmedia":[{"embeddable":true,"href":"https:\/\/www.crossprensa.com.ar\/news\/wp-json\/wp\/v2\/media\/69405"}],"wp:attachment":[{"href":"https:\/\/www.crossprensa.com.ar\/news\/wp-json\/wp\/v2\/media?parent=69403"}],"wp:term":[{"taxonomy":"category","embeddable":true,"href":"https:\/\/www.crossprensa.com.ar\/news\/wp-json\/wp\/v2\/categories?post=69403"},{"taxonomy":"post_tag","embeddable":true,"href":"https:\/\/www.crossprensa.com.ar\/news\/wp-json\/wp\/v2\/tags?post=69403"}],"curies":[{"name":"wp","href":"https:\/\/api.w.org\/{rel}","templated":true}]}}