{"id":67125,"date":"2023-12-05T19:59:14","date_gmt":"2023-12-05T22:59:14","guid":{"rendered":"https:\/\/www.crossprensa.com.ar\/news\/?p=67125"},"modified":"2023-12-05T19:59:14","modified_gmt":"2023-12-05T22:59:14","slug":"sexton-entrena-con-ktm","status":"publish","type":"post","link":"https:\/\/www.crossprensa.com.ar\/news\/sexton-entrena-con-ktm\/ama-supercross\/","title":{"rendered":"SEXTON ENTRENA CON KTM!"},"content":{"rendered":"<p>Podr\u00e1 adaptarse lo suficientemente r\u00e1pido a la KTM para enfrentarse a un Tomac sano nuevamente, el campe\u00f3n de MX en 450 Jett Lawrence, el campe\u00f3n de 250 Hunter Lawrence en su &#8220;vieja&#8221; moto, m\u00e1s Webb en una Yamaha, Roczen, Anderson, Barcia y el resto? Falta poco para saberlo&#8230;<\/p>\n<p><!--more--><\/p>\n<p><span style=\"color: #0000ff;\"><em><strong>PARA VER TODO EL AMA SX 2024 EN VIVO, COMUNICATE CON CROSSPRENSA Y SUSCRIBITE!<\/strong><\/em><\/span><\/p>\n<p><a href=\"https:\/\/wa.link\/y29y12\"><img fetchpriority=\"high\" decoding=\"async\" class=\"alignnone wp-image-66949 size-full\" src=\"http:\/\/www.crossprensa.com.ar\/news\/wp-content\/uploads\/2023\/11\/126014959_1340382686305203_8550572874999072673_n.jpg\" alt=\"\" width=\"1944\" height=\"472\" \/><\/a><\/p>\n<p>&nbsp;<\/p>\n<p>\u201cIncluso ahora, nunca se sabe, son aguas desconocidas para m\u00ed, y estoy muy contento con esto en los entrenamientos, pero competir es diferente. Supongo que lo veremos en Anaheim\u201d.<\/p>\n<p>Chase Sexton tiene una gran temporada por delante mientras el campe\u00f3n defensor se prepara para enfrentarse a una gran cantidad de estrellas talentosas en la serie de supercross de 2024, adem\u00e1s de adaptarse a un nuevo equipo y moto.<\/p>\n<p>&nbsp;<\/p>\n<blockquote class=\"twitter-tweet\" data-media-max-width=\"560\">\n<p dir=\"ltr\" lang=\"en\">Some raw clips I shot of <a href=\"https:\/\/twitter.com\/_chasesexton?ref_src=twsrc%5Etfw\">@_chasesexton<\/a> at the 2024 Red Bull KTM intro <a href=\"https:\/\/t.co\/1EQob2GbSW\">pic.twitter.com\/1EQob2GbSW<\/a><\/p>\n<p>\u2014 Kellen Brauer (@kellenbrauer) <a href=\"https:\/\/twitter.com\/kellenbrauer\/status\/1732112348998140136?ref_src=twsrc%5Etfw\">December 5, 2023<\/a><\/p><\/blockquote>\n<p><script async src=\"https:\/\/platform.twitter.com\/widgets.js\" charset=\"utf-8\"><\/script><\/p>\n","protected":false},"excerpt":{"rendered":"<p>Podr\u00e1 adaptarse lo suficientemente r\u00e1pido a la KTM para enfrentarse a un Tomac sano nuevamente,&#8230;<\/p>\n","protected":false},"author":2,"featured_media":67137,"comment_status":"open","ping_status":"open","sticky":false,"template":"","format":"standard","meta":{"om_disable_all_campaigns":false,"_monsterinsights_skip_tracking":false,"_monsterinsights_sitenote_active":false,"_monsterinsights_sitenote_note":"","_monsterinsights_sitenote_category":0,"_uf_show_specific_survey":0,"_uf_disable_surveys":false,"footnotes":""},"categories":[30,37],"tags":[],"class_list":["post-67125","post","type-post","status-publish","format-standard","has-post-thumbnail","hentry","category-ama-supercross","category-crossprensa"],"aioseo_notices":[],"_links":{"self":[{"href":"https:\/\/www.crossprensa.com.ar\/news\/wp-json\/wp\/v2\/posts\/67125","targetHints":{"allow":["GET"]}}],"collection":[{"href":"https:\/\/www.crossprensa.com.ar\/news\/wp-json\/wp\/v2\/posts"}],"about":[{"href":"https:\/\/www.crossprensa.com.ar\/news\/wp-json\/wp\/v2\/types\/post"}],"author":[{"embeddable":true,"href":"https:\/\/www.crossprensa.com.ar\/news\/wp-json\/wp\/v2\/users\/2"}],"replies":[{"embeddable":true,"href":"https:\/\/www.crossprensa.com.ar\/news\/wp-json\/wp\/v2\/comments?post=67125"}],"version-history":[{"count":2,"href":"https:\/\/www.crossprensa.com.ar\/news\/wp-json\/wp\/v2\/posts\/67125\/revisions"}],"predecessor-version":[{"id":67138,"href":"https:\/\/www.crossprensa.com.ar\/news\/wp-json\/wp\/v2\/posts\/67125\/revisions\/67138"}],"wp:featuredmedia":[{"embeddable":true,"href":"https:\/\/www.crossprensa.com.ar\/news\/wp-json\/wp\/v2\/media\/67137"}],"wp:attachment":[{"href":"https:\/\/www.crossprensa.com.ar\/news\/wp-json\/wp\/v2\/media?parent=67125"}],"wp:term":[{"taxonomy":"category","embeddable":true,"href":"https:\/\/www.crossprensa.com.ar\/news\/wp-json\/wp\/v2\/categories?post=67125"},{"taxonomy":"post_tag","embeddable":true,"href":"https:\/\/www.crossprensa.com.ar\/news\/wp-json\/wp\/v2\/tags?post=67125"}],"curies":[{"name":"wp","href":"https:\/\/api.w.org\/{rel}","templated":true}]}}