{"id":67119,"date":"2023-12-05T12:40:15","date_gmt":"2023-12-05T15:40:15","guid":{"rendered":"https:\/\/www.crossprensa.com.ar\/news\/?p=67119"},"modified":"2023-12-05T12:43:03","modified_gmt":"2023-12-05T15:43:03","slug":"mx-argentino-asi-quedaron-los-campeonatos","status":"publish","type":"post","link":"https:\/\/www.crossprensa.com.ar\/news\/mx-argentino-asi-quedaron-los-campeonatos\/mx-argentino\/","title":{"rendered":"MX ARGENTINO, AS\u00cd QUEDARON LOS CAMPEONATOS."},"content":{"rendered":"<p>Termin\u00f3 un duro a\u00f1o para el Motocross Argentino. Sin dudas que la situaci\u00f3n econ\u00f3mica afect\u00f3 la &#8220;poblaci\u00f3n&#8221; de boxes y partidores que con mucho esfuerzo de equipos y pilotos estuvieron recorriendo el pa\u00eds de punta a punta para terminar las 8 fechas que llevaron nuestro deporte una vez mas a transitar rutas por miles de Km.! Qued\u00f3 mucho por analizar, trofeos de campeonato inclu\u00eddos&#8230; Pero ser\u00e1 para otra nota en breve.<\/p>\n<p><!--more--><\/p>\n<p><span style=\"color: #0000ff;\"><em><strong>PARA VER TODO EL AMA SX 2024 EN VIVO, COMUNICATE CON CROSSPRENSA Y SUSCRIBITE!<\/strong><\/em><\/span><\/p>\n<p><a href=\"https:\/\/wa.link\/y29y12\"><img fetchpriority=\"high\" decoding=\"async\" class=\"alignnone wp-image-66949 size-full\" src=\"http:\/\/www.crossprensa.com.ar\/news\/wp-content\/uploads\/2023\/11\/126014959_1340382686305203_8550572874999072673_n.jpg\" alt=\"\" width=\"1944\" height=\"472\" \/><\/a><\/p>\n<p><strong>50cc. A<\/strong><\/p>\n<p>1 114 Felipe Manzoni 200<br \/>\n2 8 Delfina Rodriguez 162<br \/>\n3 7 Galo Zamarbide 102<br \/>\n4 4 Jacob Urfalian 46<br \/>\n5 15 Alvaro Volpe -10<br \/>\n6 84 Thiago De La Calle -10<br \/>\n7 718 Lautaro Farina -14<br \/>\n8 727 Maximo Cozzolino -18<\/p>\n<p>&nbsp;<\/p>\n<p><strong>50cc. B<\/strong><\/p>\n<p>1 27 Alejandro Monaco 188<br \/>\n2 41 Jeremias Mur 133<br \/>\n3 93 Benjamin Quiroga 127<br \/>\n4 18 Benjamin Pfister 107<br \/>\n5 30 Liam Skaarup 89<br \/>\n6 10 Catalina Rodriguez 86<br \/>\n7 14 Alfonso Diaz 31<br \/>\n8 333 Tobias Ruarte 12<br \/>\n9 100 Leon Vaccari -10<br \/>\n10 5 Gonzalo Pascual -14<br \/>\n11 75 Juan Ignacio Coral -17<br \/>\n12 61 Leon Todoni -22<br \/>\n13 2 Nino Martino -24<\/p>\n<p><strong>65cc.\u00a0<\/strong><\/p>\n<p>1 276 Benjamin Juarez 168<br \/>\n2 44 Valentino Coral 149<br \/>\n3 23 Tobias Bua 113<br \/>\n4 104 Facundo Bazan 107<br \/>\n5 95 Geremias Quiroga 105<br \/>\n6 222 Jorge Herrera 90<br \/>\n7 822 Franchesco Cabrol Favaro 86<br \/>\n8 133 Pedro Soraiz 85<br \/>\n9 214 Tiziano Sepulveda 61<br \/>\n10 33 Lorenzo Osses 48<br \/>\n11 56 Filipo Anselmi 33<br \/>\n12 4 Jacob Urfalian 32<br \/>\n13 38 Benicio Sotana 28<br \/>\n14 300 Agustin Sepulveda 27<br \/>\n15 218 Bautista Lazzaretti 27<br \/>\n16 127 Jeronimo Naon 19<br \/>\n17 90 Ethan Skaarup 16<br \/>\n18 3 Ian Luxen 13<br \/>\n19 5 Tadeo Indaco 11<br \/>\n20 12 Pedro Diaz 10<br \/>\n21 151 Salvador Romero 9<br \/>\n22 69 Juan Salvador Tolra 8<br \/>\n23 84 Thiago De La Calle 8<br \/>\n24 45 Nasser Grinovero 7<br \/>\n25 223 Agustin Sepulveda 5<br \/>\n26 295 Imanol Arriaga Perez 5<br \/>\n27 7 Santino Valdebenito 4<br \/>\n28 13 Valentino Espinosa 4<br \/>\n29 22 Karim Carrivale 2<br \/>\n30 55 Santiago Lopez Kinspald 1<\/p>\n<p><img decoding=\"async\" class=\"alignnone size-full wp-image-67135\" src=\"http:\/\/www.crossprensa.com.ar\/news\/wp-content\/uploads\/2023\/12\/IMG_20231204_061859.jpg\" alt=\"\" width=\"1350\" height=\"607\" srcset=\"https:\/\/www.crossprensa.com.ar\/news\/wp-content\/uploads\/2023\/12\/IMG_20231204_061859.jpg 1350w, https:\/\/www.crossprensa.com.ar\/news\/wp-content\/uploads\/2023\/12\/IMG_20231204_061859-300x135.jpg 300w, https:\/\/www.crossprensa.com.ar\/news\/wp-content\/uploads\/2023\/12\/IMG_20231204_061859-620x279.jpg 620w, https:\/\/www.crossprensa.com.ar\/news\/wp-content\/uploads\/2023\/12\/IMG_20231204_061859-768x345.jpg 768w, https:\/\/www.crossprensa.com.ar\/news\/wp-content\/uploads\/2023\/12\/IMG_20231204_061859-750x337.jpg 750w, https:\/\/www.crossprensa.com.ar\/news\/wp-content\/uploads\/2023\/12\/IMG_20231204_061859-1140x513.jpg 1140w\" sizes=\"(max-width: 1350px) 100vw, 1350px\" \/><\/p>\n<p><strong>85cc A<\/strong><\/p>\n<p>1 128 Francesco Copetti 310<br \/>\n2 999 Israel Bamba 237<br \/>\n3 25 Leon Gomez Courtade 215<br \/>\n4 90 Lazaro Rodriguez Priebe 154<br \/>\n5 513 Joaquin Curbelo Cabrera 153<br \/>\n6 86 Taro Rafael Nakatsuka 145<br \/>\n7 65 Enrique Pfister Sosa 130<br \/>\n8 77 Emiliano Carabajal 81<br \/>\n9 27 Saul Kotler 75<br \/>\n10 156 Matias VillaVeiran 65<br \/>\n11 16 Ulises Corredera 63<br \/>\n12 131 Sebastian Figueroa 30<br \/>\n13 102 Rodrigo Stuara 26<br \/>\n14 44 Juan Boris 19<br \/>\n15 80 Renzzo Marchoni 14<br \/>\n16 268 Vicente Mello 12<br \/>\n17 111 Juan Martin Figueroa 0<br \/>\n18 71 Mateo Hinricksen 0<br \/>\n19 238 Ramiro Maria 0<br \/>\n20 41 Diego Rojas 0<br \/>\n21 53 Bruno Regner Rosales 0<br \/>\n22 18 Bautista Fassana 0<br \/>\n23 191 Mateo Granton 0<br \/>\n24 277 Bruno Fusi 0<br \/>\n25 913 Matteo Silva 0<br \/>\n26 63 Francisco Birocco -2<br \/>\n27 122 Maximo Tomini Broggi -11<br \/>\n28 22 Ignacio Villagra -19<br \/>\n29 31 Conrado Walzynski -20<br \/>\n30 84 Valentino Mosca -26<br \/>\n31 100 Felipe Diaz -26<br \/>\n32 10 Marcelo Arroyo -29<br \/>\n33 23 Bautista Galdeano -30<br \/>\n34 95 Pedro Gabriel Soria -30<br \/>\n35 777 Maximo Merlo -31<br \/>\n36 64 Joaquin Duarte -33<br \/>\n37 17 Valentino Alba -35<br \/>\n38 19 Yazird Ayala -35<br \/>\n39 221 Marco Gambaro -35<br \/>\n40 12 Santino Riba -36<br \/>\n41 74 Santino Calvari -37<br \/>\n42 99 Valentino Armas -37<br \/>\n43 142 Tomas Martin -37<br \/>\n44 222 Martin Boncho -38<br \/>\n45 710 Nahuel Senatore -39<\/p>\n<p><strong>85cc B<\/strong><\/p>\n<p>1 177 Francisco Villagra 283<br \/>\n2 114 Mijael Urfalian 245<br \/>\n3 8 Gunji Nakatsuka 221<br \/>\n4 241 Mateo Cornejo 92<br \/>\n5 180 Felipe Cruz 60<br \/>\n6 142 Tomas Martin 45<br \/>\n7 61 Benjamin Sotana 36<br \/>\n8 218 Bautista Lazzaretti 26<br \/>\n9 104 Facundo Bazan 21<br \/>\n10 247 Franco Stremel 21<br \/>\n11 199 Exequiel Jaime 16<br \/>\n12 119 Facundo Perea 12<br \/>\n13 147 Valentino Gomez 0<br \/>\n14 352 Felipe Avila -1<br \/>\n15 151 Salvador Romero -5<br \/>\n16 38 Agustin Sequeira -6<br \/>\n17 72 Salvador Ferreyra -8<br \/>\n18 312 Simon Accinelli -10<br \/>\n19 276 Benjamin Juarez -18<br \/>\n20 253 Thiago Nicolas Calizalla -20<br \/>\n21 9 Francisco Rodriguez Priebe -22<br \/>\n22 28 Tobias Bua -22<br \/>\n23 127 Jeronimo Naon -23<br \/>\n24 227 Benjamin Alba -26<\/p>\n<p><img decoding=\"async\" class=\"alignnone size-full wp-image-67129\" src=\"http:\/\/www.crossprensa.com.ar\/news\/wp-content\/uploads\/2023\/12\/159-scaled.jpg\" alt=\"\" width=\"2560\" height=\"2048\" srcset=\"https:\/\/www.crossprensa.com.ar\/news\/wp-content\/uploads\/2023\/12\/159-scaled.jpg 2560w, https:\/\/www.crossprensa.com.ar\/news\/wp-content\/uploads\/2023\/12\/159-300x240.jpg 300w, https:\/\/www.crossprensa.com.ar\/news\/wp-content\/uploads\/2023\/12\/159-500x400.jpg 500w, https:\/\/www.crossprensa.com.ar\/news\/wp-content\/uploads\/2023\/12\/159-768x614.jpg 768w, https:\/\/www.crossprensa.com.ar\/news\/wp-content\/uploads\/2023\/12\/159-1536x1229.jpg 1536w, https:\/\/www.crossprensa.com.ar\/news\/wp-content\/uploads\/2023\/12\/159-2048x1638.jpg 2048w, https:\/\/www.crossprensa.com.ar\/news\/wp-content\/uploads\/2023\/12\/159-750x600.jpg 750w, https:\/\/www.crossprensa.com.ar\/news\/wp-content\/uploads\/2023\/12\/159-1140x912.jpg 1140w\" sizes=\"(max-width: 2560px) 100vw, 2560px\" \/><\/p>\n<p><em>Jazm\u00edn Rutherford &#8211; Foto: @phfg58 \/ Ferm\u00edn Guti\u00e9rrez<\/em><\/p>\n<p><strong>DAMAS A<\/strong><\/p>\n<p>1 99 Jazmin Rutherford 133<br \/>\n2 901 Macarena Luzardo 114<br \/>\n3 9 Brenda Righi 107<br \/>\n4 31 Candelaria Lima 87<br \/>\n5 258 Belen Turco 22<br \/>\n6 153 Maria Padilla 20<br \/>\n7 91 Celina Miranda 17<br \/>\n8 998 Valentina Galaz 0<br \/>\n9 29 Natalia Scaglioni -3<br \/>\n10 1 Angela Feola -8<br \/>\n11 107 Katerin Santana -16<br \/>\n12 45 Julieta Jerez -22<br \/>\n13 149 Micaela Ayelen Adriani -22<\/p>\n<p><img loading=\"lazy\" decoding=\"async\" class=\"alignnone size-full wp-image-67128\" src=\"http:\/\/www.crossprensa.com.ar\/news\/wp-content\/uploads\/2023\/12\/356-1-scaled.jpg\" alt=\"\" width=\"2560\" height=\"2048\" srcset=\"https:\/\/www.crossprensa.com.ar\/news\/wp-content\/uploads\/2023\/12\/356-1-scaled.jpg 2560w, https:\/\/www.crossprensa.com.ar\/news\/wp-content\/uploads\/2023\/12\/356-1-300x240.jpg 300w, https:\/\/www.crossprensa.com.ar\/news\/wp-content\/uploads\/2023\/12\/356-1-500x400.jpg 500w, https:\/\/www.crossprensa.com.ar\/news\/wp-content\/uploads\/2023\/12\/356-1-768x614.jpg 768w, https:\/\/www.crossprensa.com.ar\/news\/wp-content\/uploads\/2023\/12\/356-1-1536x1229.jpg 1536w, https:\/\/www.crossprensa.com.ar\/news\/wp-content\/uploads\/2023\/12\/356-1-2048x1638.jpg 2048w, https:\/\/www.crossprensa.com.ar\/news\/wp-content\/uploads\/2023\/12\/356-1-750x600.jpg 750w, https:\/\/www.crossprensa.com.ar\/news\/wp-content\/uploads\/2023\/12\/356-1-1140x912.jpg 1140w\" sizes=\"(max-width: 2560px) 100vw, 2560px\" \/><\/p>\n<p><em>Guadalupe Alonso &#8211; Foto: @phfg58 \/ Ferm\u00edn Guti\u00e9rrez<\/em><\/p>\n<p><strong>DAMAS B<\/strong><\/p>\n<p>1 14 Guadalupe Alonso 151<br \/>\n2 5 Guadalupe Luna 141<br \/>\n3 111 Maria Menichetti 75<br \/>\n4 55 Daniela Fuentes 47<br \/>\n5 101 Jorgelina Miguel 45<br \/>\n6 117 Josefina Tello 38<br \/>\n7 92 Natalia Gutierrez 36<br \/>\n8 82 Evangelina Iglesias 31<br \/>\n9 22 Antonela Scaglioni 29<br \/>\n10 243 Vaihtiare Sobarzo 16<br \/>\n11 7 Yoseline Altamirano 15<br \/>\n12 51 Agostina Ilariucci 5<br \/>\n13 123 Iana Suarez 0<br \/>\n14 112 Micaela Gallardo -14<\/p>\n<p><img loading=\"lazy\" decoding=\"async\" class=\"alignnone size-full wp-image-67131\" src=\"http:\/\/www.crossprensa.com.ar\/news\/wp-content\/uploads\/2023\/12\/3314-scaled.jpg\" alt=\"\" width=\"2560\" height=\"1707\" srcset=\"https:\/\/www.crossprensa.com.ar\/news\/wp-content\/uploads\/2023\/12\/3314-scaled.jpg 2560w, https:\/\/www.crossprensa.com.ar\/news\/wp-content\/uploads\/2023\/12\/3314-300x200.jpg 300w, https:\/\/www.crossprensa.com.ar\/news\/wp-content\/uploads\/2023\/12\/3314-600x400.jpg 600w, https:\/\/www.crossprensa.com.ar\/news\/wp-content\/uploads\/2023\/12\/3314-768x512.jpg 768w, https:\/\/www.crossprensa.com.ar\/news\/wp-content\/uploads\/2023\/12\/3314-1536x1024.jpg 1536w, https:\/\/www.crossprensa.com.ar\/news\/wp-content\/uploads\/2023\/12\/3314-2048x1365.jpg 2048w, https:\/\/www.crossprensa.com.ar\/news\/wp-content\/uploads\/2023\/12\/3314-750x500.jpg 750w, https:\/\/www.crossprensa.com.ar\/news\/wp-content\/uploads\/2023\/12\/3314-1140x760.jpg 1140w\" sizes=\"(max-width: 2560px) 100vw, 2560px\" \/><\/p>\n<p><em>Dar\u00edo Arco &#8211; Foto: @phfg58 \/ Ferm\u00edn Guti\u00e9rrez<\/em><\/p>\n<p><strong>MX3 A<\/strong><\/p>\n<p>1 07 Dario Arco 311<br \/>\n2 114 Sebastian Sanchez 262<br \/>\n3 241 Gustavo Rivero 225<br \/>\n4 1 Nicolas Carranza 224<br \/>\n5 511 Pedro Destefanis 157<br \/>\n6 64 Jorge Clady 42<br \/>\n7 364 Pedro Carballo 37<br \/>\n8 95 Franco Calvera 31<br \/>\n9 100 Norberto Debernardi 26<br \/>\n10 22 Osvaldo Perez 24<br \/>\n11 212 Juan Martin Sanchez Catala 16<br \/>\n12 256 Santiago Leitao 15<br \/>\n13 59 Kevin Bava 13<br \/>\n14 85 Yago Mubarello 9<br \/>\n15 135 Franco Vaccari -14<br \/>\n16 595 Mauro Thanos -14<br \/>\n17 10 Matias Castillo -20<br \/>\n18 202 Rodrigo Cancino -25<br \/>\n19 21 Pablo Tassano -27<br \/>\n20 553 Maximiliano Torres -27<\/p>\n<p><strong>MX3 B<\/strong><\/p>\n<p>1 100 Norberto Debernardi 280<br \/>\n2 108 Kevin Echeveste 228<br \/>\n3 89 German Rodriguez 219<br \/>\n4 27 Demian Guiral 154<br \/>\n5 67 Hernan Villacreces 144<br \/>\n6 51 David Caramella 129<br \/>\n7 127 Patricio Rodriguez 108<br \/>\n8 99 Augusto Colafranceschi 95<br \/>\n9 188 Carlos Segobia 93<br \/>\n10 70 Rodrigo Fernandez 60<br \/>\n11 311 Esteban Adriel 47<br \/>\n12 86 Gabriel Fernandez 16<br \/>\n13 369 Fabio Sanchez 15<br \/>\n14 20 Cristian Morini 10<br \/>\n15 18 Fernando Sanchez 7<br \/>\n16 129 Gaston Salazar 4<br \/>\n17 722 Pablo Barella 1<br \/>\n18 69 Marcos Alvarez 0<br \/>\n19 61 Adrian Testa 0<br \/>\n20 907 Jose Salas 0<br \/>\n21 9 Julio Mezher 0<br \/>\n22 44 German Boris 0<br \/>\n23 126 Diego Romero 0<br \/>\n24 111 Ricardo Dominguez 0<br \/>\n25 50 Nestor Dominguez 0<br \/>\n26 187 Ezequiel Merlo 0<br \/>\n27 19 Ignacio Molins Galdino -3<br \/>\n28 52 Gonzalo Albert -3<br \/>\n29 14 Fernando Amoretti -8<br \/>\n30 77 Fabian Anderlique -14<br \/>\n31 12 Ariel Bonomo -19<br \/>\n32 720 Patricio Petrocelli -21<br \/>\n33 41 Luciano Moine -23<br \/>\n34 104 Juan Pablo Diaz -25<br \/>\n35 121 Gabriel Boimo -28<br \/>\n36 131 Juan Pablo Oliver -28<br \/>\n37 134 Dardo Gentili -28<br \/>\n38 88 Leopoldo Grosso -29<br \/>\n39 58 Mariano Cadenas -30<br \/>\n40 238 Cristian Reinaudi -31<br \/>\n41 38 Ariel Lopez -33<br \/>\n42 11 Diego Figueroa -37<br \/>\n43 287 Fernando Rivara -37<br \/>\n44 710 Gaston Senatore -38<br \/>\n45 4 Pablo Depetris -39<br \/>\n46 47 Manuel Gili -39<\/p>\n<p><strong>MX3 C (A revisar.).<\/strong><\/p>\n<p>1 510 Estanislao Salanueva 300<br \/>\n2 113 Sebastian Urquia 222<br \/>\n3 6 Julio Quiroga 184<br \/>\n4 712 Juan Casti\u00f1eira 176<br \/>\n5 181 Martin Odetti 158<br \/>\n6 987 Marcelo Mansilla 123<br \/>\n7 15 Ricardo Sarag\u00fceta 87<br \/>\n8 441 Pablo Tomei 71<br \/>\n9 118 Marcelo Zecchin 61<br \/>\n10 219 Federico Guinsel 56<br \/>\n11 499 Pablo Estevez 49<br \/>\n12 628 Jorge Jimenez Maturana 49<br \/>\n13 68 Guillermo Traversa 46<br \/>\n14 122 Ricardo Mira 24<br \/>\n15 24 Claudio Cid 16<br \/>\n16 432 Diego Ferreiro 12<br \/>\n17 5 Jorge Ochoa 0<br \/>\n18 23 Javier Follonier 0<br \/>\n19 17 German Campero -22<br \/>\n20 96 Gabriel Gonzalez -25<br \/>\n21 151 Rodrigo Salim -25<br \/>\n22 284 Cristian Ava -25<br \/>\n23 247 Gustavo Rivero -27<br \/>\n24 951 Carlos Garay -27<br \/>\n25 7 Dario Ovejero -28<br \/>\n26 172 Julio Baez -32<br \/>\n27 226 Hugo Piva -35<br \/>\n28 707 Sergio Bearzi -36<\/p>\n<p><strong>MX2\u00a0<\/strong><\/p>\n<p><a href=\"https:\/\/www.instagram.com\/gasgas.sportadventure\/?hl=en\"><img loading=\"lazy\" decoding=\"async\" class=\"alignnone wp-image-66578 size-full\" src=\"http:\/\/www.crossprensa.com.ar\/news\/wp-content\/uploads\/2023\/10\/WhatsApp-Image-2023-22-072-at-18.00.35.jpeg\" alt=\"\" width=\"1283\" height=\"109\" \/><\/a><\/p>\n<p>1 54 Tomas Matkovich 278<br \/>\n2 75 Julian Seibel 224<br \/>\n3 347 Juan Abadia 166<br \/>\n4 46 Alfonso Bratchi 156<br \/>\n5 19 Juan Ignacio Salgado 89<br \/>\n6 146 German Bratschi 80<br \/>\n7 1 Tomas Moyano 37<br \/>\n8 261 Vicente Diaz Ruiz 26<br \/>\n9 222 Franco Iavecchia 22<br \/>\n10 18 Fermin Ciccimarra 8<br \/>\n11 288 Ignacio Liprandi 2<br \/>\n12 95 Maximo Caceres 1<br \/>\n13 34 Joaquin Perini 0<br \/>\n14 931 Esteban Presser 0<br \/>\n15 55 Nicolas Mana 0<br \/>\n16 187 Agustin Paez -6<br \/>\n17 124 Jeremias Pascual -19<br \/>\n18 753 Ramiro Lopez -19<br \/>\n19 259 Camilo Gomez Caceres -30<\/p>\n<p><strong>MX2 B<\/strong><\/p>\n<p><a href=\"https:\/\/www.instagram.com\/_sportadventure\/?hl=en\"><img loading=\"lazy\" decoding=\"async\" class=\"alignnone wp-image-66579 size-full\" src=\"http:\/\/www.crossprensa.com.ar\/news\/wp-content\/uploads\/2023\/10\/WhatsApp-Image-2023-22-072-at-18.00.34.jpeg\" alt=\"\" width=\"1283\" height=\"109\" \/><\/a><\/p>\n<p>1 17 Juan Felipe Garcia 271<br \/>\n2 8 Felipe Vilchez 189<br \/>\n3 911 Juan Jose Obregozo 170<br \/>\n4 30 Benjamin Pascual 119<br \/>\n5 28 Tomas Hegoburu 118<br \/>\n6 204 Felipe Quirno Costa 96<br \/>\n7 178 Matias Mirtuono 96<br \/>\n8 96 Joaquin Gomez 96<br \/>\n9 40 Felipe Favetto 67<br \/>\n10 15 Agustin Gollano 61<br \/>\n11 219 Joaquin Guinsel 56<br \/>\n12 48 Ignacio Bertopaulus 54<br \/>\n13 117 Julian Garrido 50<br \/>\n14 432 Thomas Rivarola 49<br \/>\n15 121 Santino Salgado 36<br \/>\n16 88 Maximo Castello 36<br \/>\n17 12 Tomas Rivero 33<br \/>\n18 199 Mateo Campagnolle 26<br \/>\n19 41 Franco Richard 10<br \/>\n20 99 Lazaro Santarelli 7<br \/>\n21 62 Benicio Osses 0<br \/>\n22 20 Gaspar Oliva 0<br \/>\n23 23 Octavio Paz 0<br \/>\n24 170 Lautaro Marengo 0<br \/>\n25 158 Santigo Gonzalez 0<br \/>\n26 299 Thiago Saroba 0<br \/>\n27 115 Tomas Gomez Tomaselli 0<br \/>\n28 144 Valentin Medina Escobar 0<br \/>\n29 441 Baltazar Frezze 0<br \/>\n30 122 Tomas Bolzonella 0<br \/>\n31 64 Nicolas Ciancio 0<br \/>\n32 91 Nicolas Serdan -10<br \/>\n33 111 Francisco Menichetti -12<br \/>\n34 92 Ivan Wohlmuth -15<br \/>\n35 118 Adolfo Scaglioni -20<br \/>\n36 192 Vladimir Svetlik -26<br \/>\n37 14 Lucas Galoppo -28<br \/>\n38 294 Agustin Wensel -29<br \/>\n39 10 Facundo Echazu -30<br \/>\n40 77 Angel Ruarte -33<br \/>\n41 136 Jonas Aloe -36<br \/>\n42 119 Yorgo Kutulas -38<br \/>\n43 515 Juan Ignacio Piermarini -38<br \/>\n44 21 Martiniano Lima -39<br \/>\n45 71 Lucio Rosito -39<br \/>\n46 275 Nahim Uequin -40<\/p>\n<p><strong>MX1 B<\/strong><\/p>\n<p>1 165 Gonzalo Diaz Velez 303<br \/>\n2 15 Tomas Montes Gadda 229<br \/>\n3 112 Francisco Cabarcos Escola 194<br \/>\n4 113 Emiliano Castillo 125<br \/>\n5 655 Leandro Fernandez 88<br \/>\n6 42 Lucas Scopinario 87<br \/>\n7 116 Joaquin Allivellatore 63<br \/>\n8 51 Daniel Garay 57<br \/>\n9 31 Segundo Bomben 37<br \/>\n10 47 Tomas Scopinario 31<br \/>\n11 16 Fernando Olguin 27<br \/>\n12 57 Lautaro Lucero 23<br \/>\n13 75 Miguel Matthews 20<br \/>\n14 157 Diego Soria 20<br \/>\n15 214 Gianfranco Benatti 19<br \/>\n16 229 Paul Olmos 16<br \/>\n17 111 Alejandro Telles 9<br \/>\n18 259 Alan Brajovich -4<br \/>\n19 304 Ezequiel Suarez -4<br \/>\n20 422 Lucas Barrionuevo -10<br \/>\n21 181 Ulises Miranda -10<br \/>\n22 55 David Sona -12<br \/>\n23 7 Matias Lobos -26<br \/>\n24 17 Lucas Quiroga -28<br \/>\n25 177 Pablo Quiroga -31<br \/>\n26 22 Tomas Conti -35<\/p>\n<p><img loading=\"lazy\" decoding=\"async\" class=\"alignnone size-full wp-image-67130\" src=\"http:\/\/www.crossprensa.com.ar\/news\/wp-content\/uploads\/2023\/12\/251-scaled.jpg\" alt=\"\" width=\"2560\" height=\"2048\" srcset=\"https:\/\/www.crossprensa.com.ar\/news\/wp-content\/uploads\/2023\/12\/251-scaled.jpg 2560w, https:\/\/www.crossprensa.com.ar\/news\/wp-content\/uploads\/2023\/12\/251-300x240.jpg 300w, https:\/\/www.crossprensa.com.ar\/news\/wp-content\/uploads\/2023\/12\/251-500x400.jpg 500w, https:\/\/www.crossprensa.com.ar\/news\/wp-content\/uploads\/2023\/12\/251-768x614.jpg 768w, https:\/\/www.crossprensa.com.ar\/news\/wp-content\/uploads\/2023\/12\/251-1536x1229.jpg 1536w, https:\/\/www.crossprensa.com.ar\/news\/wp-content\/uploads\/2023\/12\/251-2048x1638.jpg 2048w, https:\/\/www.crossprensa.com.ar\/news\/wp-content\/uploads\/2023\/12\/251-750x600.jpg 750w, https:\/\/www.crossprensa.com.ar\/news\/wp-content\/uploads\/2023\/12\/251-1140x912.jpg 1140w\" sizes=\"(max-width: 2560px) 100vw, 2560px\" \/><\/p>\n<p><em>Joaqu\u00edn Poli &#8211; Foto: @phfg58 \/ Ferm\u00edn Guti\u00e9rrez<\/em><\/p>\n<p><a href=\"https:\/\/www.instagram.com\/kawasaki.argentina\/?hl=en\"><img loading=\"lazy\" decoding=\"async\" class=\"alignnone wp-image-65970 size-full\" src=\"http:\/\/www.crossprensa.com.ar\/news\/wp-content\/uploads\/2023\/09\/Banner-Web_Familia-KX_1200x100-1.gif\" alt=\"\" width=\"1200\" height=\"100\" \/><\/a><\/p>\n<p><strong>MX1\u00a0<\/strong><\/p>\n<p>1 1 Joaquin Poli 320<br \/>\n2 4 Rodrigo Landa 218<br \/>\n3 144 Nicolas Rolando 207<br \/>\n4 338 Lautaro Toro 205<br \/>\n5 33 Luciano Righi 193<br \/>\n6 85 Agustin Carrasco 152<br \/>\n7 124 Lucas Sendon 86<br \/>\n8 110 Matias Pavez Ramirez 43<br \/>\n9 117 Pablo Galletta 43<br \/>\n10 198 Agustin Poli 28<br \/>\n11 924 Nicolas Callegaris 7<br \/>\n12 44 Andres Sanchez 4<br \/>\n13 100 Diego Rojas -20<br \/>\n14 8 Sergio Villaronga -29<\/p>\n","protected":false},"excerpt":{"rendered":"<p>Termin\u00f3 un duro a\u00f1o para el Motocross Argentino. Sin dudas que la situaci\u00f3n econ\u00f3mica afect\u00f3&#8230;<\/p>\n","protected":false},"author":2,"featured_media":67127,"comment_status":"open","ping_status":"open","sticky":false,"template":"","format":"standard","meta":{"om_disable_all_campaigns":false,"_monsterinsights_skip_tracking":false,"_monsterinsights_sitenote_active":false,"_monsterinsights_sitenote_note":"","_monsterinsights_sitenote_category":0,"_uf_show_specific_survey":0,"_uf_disable_surveys":false,"footnotes":""},"categories":[37,27],"tags":[],"class_list":["post-67119","post","type-post","status-publish","format-standard","has-post-thumbnail","hentry","category-crossprensa","category-mx-argentino"],"aioseo_notices":[],"_links":{"self":[{"href":"https:\/\/www.crossprensa.com.ar\/news\/wp-json\/wp\/v2\/posts\/67119","targetHints":{"allow":["GET"]}}],"collection":[{"href":"https:\/\/www.crossprensa.com.ar\/news\/wp-json\/wp\/v2\/posts"}],"about":[{"href":"https:\/\/www.crossprensa.com.ar\/news\/wp-json\/wp\/v2\/types\/post"}],"author":[{"embeddable":true,"href":"https:\/\/www.crossprensa.com.ar\/news\/wp-json\/wp\/v2\/users\/2"}],"replies":[{"embeddable":true,"href":"https:\/\/www.crossprensa.com.ar\/news\/wp-json\/wp\/v2\/comments?post=67119"}],"version-history":[{"count":6,"href":"https:\/\/www.crossprensa.com.ar\/news\/wp-json\/wp\/v2\/posts\/67119\/revisions"}],"predecessor-version":[{"id":67136,"href":"https:\/\/www.crossprensa.com.ar\/news\/wp-json\/wp\/v2\/posts\/67119\/revisions\/67136"}],"wp:featuredmedia":[{"embeddable":true,"href":"https:\/\/www.crossprensa.com.ar\/news\/wp-json\/wp\/v2\/media\/67127"}],"wp:attachment":[{"href":"https:\/\/www.crossprensa.com.ar\/news\/wp-json\/wp\/v2\/media?parent=67119"}],"wp:term":[{"taxonomy":"category","embeddable":true,"href":"https:\/\/www.crossprensa.com.ar\/news\/wp-json\/wp\/v2\/categories?post=67119"},{"taxonomy":"post_tag","embeddable":true,"href":"https:\/\/www.crossprensa.com.ar\/news\/wp-json\/wp\/v2\/tags?post=67119"}],"curies":[{"name":"wp","href":"https:\/\/api.w.org\/{rel}","templated":true}]}}