{"id":67075,"date":"2023-11-29T13:34:55","date_gmt":"2023-11-29T16:34:55","guid":{"rendered":"https:\/\/www.crossprensa.com.ar\/news\/?p=67075"},"modified":"2023-11-29T13:34:55","modified_gmt":"2023-11-29T16:34:55","slug":"mx-argentino-en-neuquen-los-horarios","status":"publish","type":"post","link":"https:\/\/www.crossprensa.com.ar\/news\/mx-argentino-en-neuquen-los-horarios\/mx-argentino\/","title":{"rendered":"MX ARGENTINO EN NEUQU\u00c9N, LOS HORARIOS!"},"content":{"rendered":"<p>Con la hist\u00f3rica foto de la largada del 2014 con esa recordada carrera en el barro, les presentamos los horarios para el fin de semana en Neuqu\u00e9n, donde se va a correr el coronaci\u00f3n de 2023 del Campeonato Argentino de Motocross. Una fiesta que NO TE POD\u00c9S PERDER! No digas que no te avisamos&#8230;<\/p>\n<p><!--more--><\/p>\n<p><a href=\"https:\/\/www.instagram.com\/gasgas.argentina\/?hl=en\"><img fetchpriority=\"high\" decoding=\"async\" class=\"alignnone wp-image-65474 size-full\" src=\"http:\/\/www.crossprensa.com.ar\/news\/wp-content\/uploads\/2023\/08\/GASGAS.png\" alt=\"\" width=\"1201\" height=\"101\" srcset=\"https:\/\/www.crossprensa.com.ar\/news\/wp-content\/uploads\/2023\/08\/GASGAS.png 1201w, https:\/\/www.crossprensa.com.ar\/news\/wp-content\/uploads\/2023\/08\/GASGAS-300x25.png 300w, https:\/\/www.crossprensa.com.ar\/news\/wp-content\/uploads\/2023\/08\/GASGAS-620x52.png 620w, https:\/\/www.crossprensa.com.ar\/news\/wp-content\/uploads\/2023\/08\/GASGAS-768x65.png 768w, https:\/\/www.crossprensa.com.ar\/news\/wp-content\/uploads\/2023\/08\/GASGAS-750x63.png 750w, https:\/\/www.crossprensa.com.ar\/news\/wp-content\/uploads\/2023\/08\/GASGAS-1140x96.png 1140w\" sizes=\"(max-width: 1201px) 100vw, 1201px\" \/><\/a><\/p>\n<p><img decoding=\"async\" class=\"alignnone size-full wp-image-67076\" src=\"http:\/\/www.crossprensa.com.ar\/news\/wp-content\/uploads\/2023\/11\/nqns-1.jpg\" alt=\"\" width=\"1278\" height=\"1714\" \/><\/p>\n<p><a href=\"https:\/\/www.instagram.com\/ktmcanamrosario\/?hl=en\"><img decoding=\"async\" class=\"alignnone wp-image-66579 size-full\" src=\"http:\/\/www.crossprensa.com.ar\/news\/wp-content\/uploads\/2023\/10\/WhatsApp-Image-2023-22-072-at-18.00.34.jpeg\" alt=\"\" width=\"1283\" height=\"109\" \/><\/a><\/p>\n<p><img loading=\"lazy\" decoding=\"async\" class=\"alignnone size-full wp-image-67077\" src=\"http:\/\/www.crossprensa.com.ar\/news\/wp-content\/uploads\/2023\/11\/nqnd-1.jpg\" alt=\"\" width=\"1402\" height=\"1889\" \/><\/p>\n","protected":false},"excerpt":{"rendered":"<p>Con la hist\u00f3rica foto de la largada del 2014 con esa recordada carrera en el&#8230;<\/p>\n","protected":false},"author":2,"featured_media":67078,"comment_status":"open","ping_status":"open","sticky":false,"template":"","format":"standard","meta":{"om_disable_all_campaigns":false,"_monsterinsights_skip_tracking":false,"_uf_show_specific_survey":0,"_uf_disable_surveys":false,"footnotes":""},"categories":[37,27],"tags":[],"class_list":["post-67075","post","type-post","status-publish","format-standard","has-post-thumbnail","hentry","category-crossprensa","category-mx-argentino"],"aioseo_notices":[],"_links":{"self":[{"href":"https:\/\/www.crossprensa.com.ar\/news\/wp-json\/wp\/v2\/posts\/67075","targetHints":{"allow":["GET"]}}],"collection":[{"href":"https:\/\/www.crossprensa.com.ar\/news\/wp-json\/wp\/v2\/posts"}],"about":[{"href":"https:\/\/www.crossprensa.com.ar\/news\/wp-json\/wp\/v2\/types\/post"}],"author":[{"embeddable":true,"href":"https:\/\/www.crossprensa.com.ar\/news\/wp-json\/wp\/v2\/users\/2"}],"replies":[{"embeddable":true,"href":"https:\/\/www.crossprensa.com.ar\/news\/wp-json\/wp\/v2\/comments?post=67075"}],"version-history":[{"count":1,"href":"https:\/\/www.crossprensa.com.ar\/news\/wp-json\/wp\/v2\/posts\/67075\/revisions"}],"predecessor-version":[{"id":67079,"href":"https:\/\/www.crossprensa.com.ar\/news\/wp-json\/wp\/v2\/posts\/67075\/revisions\/67079"}],"wp:featuredmedia":[{"embeddable":true,"href":"https:\/\/www.crossprensa.com.ar\/news\/wp-json\/wp\/v2\/media\/67078"}],"wp:attachment":[{"href":"https:\/\/www.crossprensa.com.ar\/news\/wp-json\/wp\/v2\/media?parent=67075"}],"wp:term":[{"taxonomy":"category","embeddable":true,"href":"https:\/\/www.crossprensa.com.ar\/news\/wp-json\/wp\/v2\/categories?post=67075"},{"taxonomy":"post_tag","embeddable":true,"href":"https:\/\/www.crossprensa.com.ar\/news\/wp-json\/wp\/v2\/tags?post=67075"}],"curies":[{"name":"wp","href":"https:\/\/api.w.org\/{rel}","templated":true}]}}