{"id":67039,"date":"2023-11-28T20:54:36","date_gmt":"2023-11-28T23:54:36","guid":{"rendered":"https:\/\/www.crossprensa.com.ar\/news\/?p=67039"},"modified":"2023-11-28T20:54:36","modified_gmt":"2023-11-28T23:54:36","slug":"final-de-ano-brillante-para-el-mx-mas-grande-del-pais","status":"publish","type":"post","link":"https:\/\/www.crossprensa.com.ar\/news\/final-de-ano-brillante-para-el-mx-mas-grande-del-pais\/crossprensa\/","title":{"rendered":"FINAL DE A\u00d1O BRILLANTE, PARA EL MX MAS GRANDE DEL PA\u00cdS!"},"content":{"rendered":"<p>San Agust\u00edn vuelve a ser el lugar que el MX CORDOB\u00c9S elige para cerrar el a\u00f1o, tal como ocurriera en 2022. 200 pilotos inscriptos, excelentes carreras en un circuito que si bien no present\u00f3 modificaciones si tuvo mucho trabajo para adecuarlo a la exigencia, y por sobre todas las cosas intentar superar la sequ\u00eda, el calor y el intenso viento.<\/p>\n<p><!--more--><\/p>\n<p>Fue terrible la manera en que trabajaron para tener la pista lo mejor posible con condiciones tan adversas, y a todos los que se quejaron tan livianamente por redes y NO ESTUVIERON en la carrera, no les voy a contestar nada porque opinar sin estar, es in\u00fatil y habla de la facilidad que da internet y un teclado para opinar de forma hasta denigrante, porque si hubiesen visto todo lo que hicieron, todo lo que trabajaron, no hablar\u00edan ni escribir\u00edan NADA.<\/p>\n<p>Pero, yendo a lo concreto, tener esta cantidad de motos inscriptas y el enorme espect\u00e1culo que dieron, habla una vez mas de que el Campeonato Cordob\u00e9s dirigido por Leonel Banner se merece el t\u00edtulo del MAS GRANDE! Aqu\u00ed los resultados, en breve los campeonatos y en unos d\u00edas les daremos el res\u00famen de un a\u00f1o dif\u00edcil, complicado, con contratiempos, pero a lo que TODOS los que trabajan le pusieron el pecho y lo sacaron adelante cuando en la misma situaci\u00f3n, otros lo hubiesen dado por terminado. Seriedad, responsabilidad y ganas de buen motocross, esa fue la premisa.<\/p>\n<p><a href=\"https:\/\/www.instagram.com\/phfg58\/?hl=en\"><strong>FOTOS: Ferm\u00edn Guti\u00e9rrez \/ Crossprensa<\/strong><\/a><\/p>\n<p><strong><span style=\"color: #0000ff;\">MINI KIDS<\/span><\/strong><\/p>\n<p>1 61 LEON TODONI MINI KIDS 60 PARANA<br \/>\n2 17 TOMAS WASINGER BUTTO MINI KIDS 48 GALVEZ SANTA FE<br \/>\n3 100 LEON VACARI MINI KIDS 42 CORDOBA<br \/>\n4 10 CATALINA RODRIGUEZ MINI KIDS 40,5 SAN JUAN<br \/>\n5 108 AUGUSTO ARANDA MINI KIDS 36 MENDOZA<br \/>\n6 46 VALENTINO VACCARI MINI KIDS 31,5 CORDOBA<br \/>\n7 16 CLEMENTE TELLO MINI KIDS 27 LA RIOJA<br \/>\n8 777 JANO MARTIN MINI KIDS 24 CORDOBA<\/p>\n<p><img fetchpriority=\"high\" decoding=\"async\" class=\"alignnone size-full wp-image-67062\" src=\"http:\/\/www.crossprensa.com.ar\/news\/wp-content\/uploads\/2023\/11\/229-scaled.jpg\" alt=\"\" width=\"2560\" height=\"2048\" srcset=\"https:\/\/www.crossprensa.com.ar\/news\/wp-content\/uploads\/2023\/11\/229-scaled.jpg 2560w, https:\/\/www.crossprensa.com.ar\/news\/wp-content\/uploads\/2023\/11\/229-300x240.jpg 300w, https:\/\/www.crossprensa.com.ar\/news\/wp-content\/uploads\/2023\/11\/229-500x400.jpg 500w, https:\/\/www.crossprensa.com.ar\/news\/wp-content\/uploads\/2023\/11\/229-768x614.jpg 768w, https:\/\/www.crossprensa.com.ar\/news\/wp-content\/uploads\/2023\/11\/229-1536x1229.jpg 1536w, https:\/\/www.crossprensa.com.ar\/news\/wp-content\/uploads\/2023\/11\/229-2048x1638.jpg 2048w, https:\/\/www.crossprensa.com.ar\/news\/wp-content\/uploads\/2023\/11\/229-750x600.jpg 750w, https:\/\/www.crossprensa.com.ar\/news\/wp-content\/uploads\/2023\/11\/229-1140x912.jpg 1140w\" sizes=\"(max-width: 2560px) 100vw, 2560px\" \/><\/p>\n<h3><span style=\"color: #0000ff;\">MINICROSS A y B<\/span><\/h3>\n<p>1 93 BENJAMIN QUIROGA MINI B 60 MENDOZA<br \/>\n2 8 DELFINA RODRIGUEZ MINI A 55,5 SAN JUAN<br \/>\n3 555 FELIPE CARTASEGNA MINI A 55,5<br \/>\n4 5 GONZALO PASCUAL MINI B 48 VILLA DOLORE<br \/>\n5 2 NINO MARTIN MINI B 42 VILLA ALLENDE<br \/>\n6 27 ALEJANDRO MONACO MINI B 36 TUCUMAN<br \/>\n7 61 LEON TODONI MINI B 36 PARANA<br \/>\n8 65 TULIO UMFIER MINI B 28,5 ALEM MISIONES<br \/>\n9 333 TOBIAS RUARTE MINI B 27 LA RIOJA<br \/>\n10 100 LEON VACCARI MINI B 27 CORDOBA<br \/>\n11 10 CATALINA RODRIGUEZ MINI B 25,5 SAN JUAN<br \/>\n12 515 ANGELINA FRANCHESCA CATALANO MINI A 22,5 PARANA<br \/>\n13 108 AUGUSTO ARANDA MINI B 18 MENDOZA<br \/>\n14 16 CLEMENTE TELLO MINI B 7,5 LA RIOJA<br \/>\n15 17 TOMAS WASINGER BUTTO MINI B 0 GALVEZ<\/p>\n<p><img decoding=\"async\" class=\"alignnone size-full wp-image-67063\" src=\"http:\/\/www.crossprensa.com.ar\/news\/wp-content\/uploads\/2023\/11\/300-1-scaled.jpg\" alt=\"\" width=\"2560\" height=\"2048\" srcset=\"https:\/\/www.crossprensa.com.ar\/news\/wp-content\/uploads\/2023\/11\/300-1-scaled.jpg 2560w, https:\/\/www.crossprensa.com.ar\/news\/wp-content\/uploads\/2023\/11\/300-1-300x240.jpg 300w, https:\/\/www.crossprensa.com.ar\/news\/wp-content\/uploads\/2023\/11\/300-1-500x400.jpg 500w, https:\/\/www.crossprensa.com.ar\/news\/wp-content\/uploads\/2023\/11\/300-1-768x614.jpg 768w, https:\/\/www.crossprensa.com.ar\/news\/wp-content\/uploads\/2023\/11\/300-1-1536x1229.jpg 1536w, https:\/\/www.crossprensa.com.ar\/news\/wp-content\/uploads\/2023\/11\/300-1-2048x1638.jpg 2048w, https:\/\/www.crossprensa.com.ar\/news\/wp-content\/uploads\/2023\/11\/300-1-750x600.jpg 750w, https:\/\/www.crossprensa.com.ar\/news\/wp-content\/uploads\/2023\/11\/300-1-1140x912.jpg 1140w\" sizes=\"(max-width: 2560px) 100vw, 2560px\" \/><\/p>\n<h3><span style=\"color: #0000ff;\">65cc.<\/span><\/h3>\n<p>1 276 BENJAMIN JUAREZ 65cc A 60 LA PAMPA<br \/>\n2 44 VALENTINO CORAL 65cc B 60 MENDOZA<br \/>\n3 23 TOBIAS BUA 65cc A 51 BUENOS AIRES<br \/>\n4 41 GREGORIO GIRAUDO 65cc B 51 HERNANDO<br \/>\n5 28 VALENTINO ZILIOLI 65cc B 45 RIO CEBALLOS<br \/>\n6 95 GEREMIAS QUIROGA 65cc A 42 MENDOZA<br \/>\n7 104 FACUNDO BAZAN 65cc A 42 LA RIOJA<br \/>\n8 38 BENICIO SOTANA 65cc B 39 MENDOZA<br \/>\n9 21 LAUTARO BENJAMIN RODRIGUEZ 65cc A 33 SAN AGUSTIN<br \/>\n10 45 NASSER GRINOVERO 65cc B 31,5 PARANA<br \/>\n11 8 DELFINA RODRIGUEZ 65cc B 28,5 SAN JUAN<br \/>\n12 4 JACOB URFALIAN 65cc B 16,5 JUJUY<br \/>\n13 138 MATEO GRANT 65cc B 13,5 SAN RAFAEL MZA<\/p>\n<h3><span style=\"color: #0000ff;\">85cc.<\/span><\/h3>\n<p>1 63 FRANCISCO BIROCCO 85cc A 60 SACANTA<br \/>\n2 276 BENJAMIN JUAREZ 85cc B 60 LA PAMPA<br \/>\n3 12 SANTINO RIBA 85cc A 51 ARROYITO<br \/>\n4 114 MIJAEL URFALIN 85cc B 45 CORDOBA<br \/>\n5 119 FACUNDO PEREA 85cc B 45<br \/>\n6 61 BENJAMIN SOTANA 85cc B 42 MENDOZA<br \/>\n7 27 KOTLER SAUL 85cc A 39 CATAMARCA<br \/>\n8 177 MAXIMO MERLO 85cc A 39 FUNES<br \/>\n9 222 MARTIN BANCHIO 85cc A 39 HERNANDO<br \/>\n10 44 VALENTINO CORAL 85cc B 36 MENDOZA<br \/>\n11 199 EXEQUIEL JAIME 85cc A 30 TUCUMAN<br \/>\n12 75 BENJAMIN PONCE 85cc B 27 MENDOZA MAIPU<br \/>\n13 142 TOMAS MARTIN 85cc A 27 NAVARRO BS AS<br \/>\n14 95 GEREMIAS QUIROGA 85cc B 27 MENDOZA<br \/>\n15 79 FAUSTINO MORO 85cc A 24 LAS PAREJAS<br \/>\n16 127 JERONIMO ZUCO 85cc A 21 TUCUMAN<br \/>\n17 127 EVARISTO BERTOIA MORO 85cc B 18 LAS PAREJAS<br \/>\n18 104 FACUNDO BAZAN 85cc B 16,5 LA RIOJA<br \/>\n19 5 MAXIMO TORRES FORTINI 85cc B 15 ONCATIVO<br \/>\n20 241 MATEO CORNEJO 85cc B 13,5 ONCATIVO<br \/>\n21 223 FRANCISCO CUERVO 85cc B 13,5 MENDIOLAZA<br \/>\n22 151 SALVADOR ROMERO 85cc B 10,5 LA RIOJA<br \/>\n23 4 JACOB URFALIAN 85cc B 0 MENDOZA<\/p>\n<h3><span style=\"color: #0000ff;\">PRINCIPIANTES<\/span><\/h3>\n<p>1 86 SEBASTIAN VARENGO PRINCIPIANTES 52,5 GALISTEO STA FE<br \/>\n2 145 JEREMIAS FREYTES PRINCIPIANTES 49,5 CORDOBA<br \/>\n3 191 MATIAS LAURET PRINCIPIANTES 48 JESUS MARIA<br \/>\n4 25 MATEO BRIZIO PRINCIPIANTES 45 LAS VARILLAS<br \/>\n5 177 MATEO TORRES PRINCIPIANTES 33 AGUA DE ORO<br \/>\n6 210 TOMAS CASA PRINCIPIANTES 30 PAMPAYASTA<br \/>\n7 40 BAUTISTA LOPEZ PRINCIPIANTES 27 VILLA MARIA<br \/>\n8 258 MARIA BELEN TURCO PRINCIPIANTES 22,5 LA RIOJA<br \/>\n9 23 FACUNDO VILLAGRA PRINCIPIANTES 19,5 CORDOBA<br \/>\n10 3 SANTIAGO SILVA PRINCIPIANTES 16,5 MONTE MAIZ<br \/>\n11 744 JUAN JOSE CONTI PRINCIPIANTES 12 HERNANDO<br \/>\n12 18 JUAN IGNACIO GARCIA PRINCIPIANTES 10,5 COSQUIN<br \/>\n13 43 SANTIAGO ANDRES MATEOS PRINCIPIANTES 9 LA RIOJA<br \/>\n14 452 ESTEBAN PALMUCCI PRINCIPIANTES 7,5 RAFAELA STA FE<br \/>\n15 313 FABRICIO FENOGLIO PRINCIPIANTES 4,5 TIERRA DEL FUEGO<br \/>\n16 55 JUAN ROQUE ROMANO PRINCIPIANTES 4,5 TUCUMAN<br \/>\n17 171 SALVADOR SZILAGYI PRINCIPIANTES 1,5 VILLA ALLENDE<\/p>\n<h3><span style=\"color: #0000ff;\">PROMOCIONAL<\/span><\/h3>\n<p>1 121 SANTINO SALGADO PROMOCIONAL 60 ALTA GRACIA<br \/>\n2 7 GERONIMO FERRONATO PROMOCIONAL 42 MONTE BUEY<br \/>\n3 24 MAXIMILIANO CRAGNOLINI PROMOCIONAL 39 SINSACATE<br \/>\n4 145 JEREMIAS FREYTES PROMOCIONAL 37,5 CORDOBA<br \/>\n5 416 JUAN CRUZ CASA PROMOCIONAL 33<br \/>\n6 191 MATIAS LAURET PROMOCIONAL 33 JESUS MARIA<br \/>\n7 100 VALENTINO DE BERNARDI PROMOCIONAL 27 ALEJANDRO ROCA<br \/>\n8 711 GONZALO LUNA PROMOCIONAL 24 ALTA GRACIA<br \/>\n9 13 SANTINO UGHETTI PROMOCIONAL 22,5 ALTA GRFACIA<br \/>\n10 139 NICOLAS BALANGE PROMOCIONAL 18 ACHIRAS<br \/>\n11 177 MATEO TORRES PROMOCIONAL 15 AGUA DE ORO<br \/>\n12 210 TOMAS CASA PROMOCIONAL 13,5 PAPAYASTA<br \/>\n13 15 FRANCISCO PASUTTI PROMOCIONAL 9 ORO VERDE<br \/>\n14 311 EBENEZER GARCIA PROMOCIONAL 7,5 ENTRE RIOS<br \/>\n15 744 JUAN JOSE CONTI PROMOCIONAL 6 HERNANDO<br \/>\n16 800 KEVIN BRAIDOTTI PROMOCIONAL 3 SERODINO STA FE<br \/>\n17 101 SERGIO TELLES PROMOCIONAL 3 SAN JUAN<\/p>\n<p><img decoding=\"async\" class=\"alignnone size-full wp-image-67064\" src=\"http:\/\/www.crossprensa.com.ar\/news\/wp-content\/uploads\/2023\/11\/716-scaled.jpg\" alt=\"\" width=\"2560\" height=\"2048\" srcset=\"https:\/\/www.crossprensa.com.ar\/news\/wp-content\/uploads\/2023\/11\/716-scaled.jpg 2560w, https:\/\/www.crossprensa.com.ar\/news\/wp-content\/uploads\/2023\/11\/716-300x240.jpg 300w, https:\/\/www.crossprensa.com.ar\/news\/wp-content\/uploads\/2023\/11\/716-500x400.jpg 500w, https:\/\/www.crossprensa.com.ar\/news\/wp-content\/uploads\/2023\/11\/716-768x614.jpg 768w, https:\/\/www.crossprensa.com.ar\/news\/wp-content\/uploads\/2023\/11\/716-1536x1229.jpg 1536w, https:\/\/www.crossprensa.com.ar\/news\/wp-content\/uploads\/2023\/11\/716-2048x1638.jpg 2048w, https:\/\/www.crossprensa.com.ar\/news\/wp-content\/uploads\/2023\/11\/716-750x600.jpg 750w, https:\/\/www.crossprensa.com.ar\/news\/wp-content\/uploads\/2023\/11\/716-1140x912.jpg 1140w\" sizes=\"(max-width: 2560px) 100vw, 2560px\" \/><\/p>\n<h3><span style=\"color: #0000ff;\">DAMAS<\/span><\/h3>\n<p>1 9 BRENDA RIGHI DAMAS A 60 MENDOZA<br \/>\n2 5 GUADALUPE LUNA DAMAS B 60 LA RIOJA<br \/>\n3 258 MARIA BELEN TURCO DAMAS A 51 LA RIOJA<br \/>\n4 7 YOSELIN ALTAMIRANO DAMAS B 51 SANTA FE<br \/>\n5 29 NATALIA SCAGLIONI DAMAS A 45 LA RIOJA<br \/>\n6 111 MARIA MENICHETTI DAMAS B 45 RIO CUARTO<br \/>\n7 22 ANTONELA SCAGLIONI DAMAS A 39 LA RIOJA<br \/>\n8 17 JOSEFINA TELLO DAMAS B 36 LA RIOJA<br \/>\n9 238 MELANIE BEIZA DAMAS B 36 MENDOZA<br \/>\n10 149 MICAELA AYELEN ADRIANI DAMAS A 33 SAN NICOLAS<br \/>\n11 99 MARIPAZ CARAQUE DAMAS B 28,5 CONCEPSION TUCUMAN<br \/>\n12 8 ANITA GIL DAMAS B 28,5 SAN ANDRES DE GILES<br \/>\n13 122 ANDREA MARTINEZ DAMAS B 12 BUENOS AIRES<\/p>\n<h3><span style=\"color: #0000ff;\">MX3 C \/ PRINCIPIANTES<\/span><\/h3>\n<p>1 8 EMIR RIVAS MX3 C 60 VILLAS LAS ROSAS<br \/>\n2 2 CLAUDIO GONZALEZ MX3 PRINCIPIANTE 55,5 LA RIOJA<br \/>\n3 94 MATIAS ALZURA MX3 PRINCIPIANTE 52,5 PEREZ MILLAN<br \/>\n4 113 SEBASTIAN URQUIA MX3 C 48 GRAL DEHEZA<br \/>\n5 553 MAXIMILIANO TORRES MX3 PRINCIPIANTE 48 SAN GENARO<br \/>\n6 969 GERARDO FELIPE MX3 C 45 VILLA MARIA<br \/>\n7 241 GUSTAVO RIVERO MX3 C 42 BALLESTEROS<br \/>\n8 251 EZEQUIEL CRUZ MX3 PRINCIPIANTE 36 CORDOBA<br \/>\n9 987 MARCELO MANSILLA MX3 C 31,5 ROSARIO<br \/>\n10 7 FRANCO NACORITTO MX3 PRINCIPIANTE 31,5 ROSARIO<br \/>\n11 951 CARLOS GARAY MX3 C 31,5 VILLA DOLORES<br \/>\n12 176 EMANUEL TELLO MX3 PRINCIPIANTE 28,5 LA RIOJA<br \/>\n13 5 FERNANDO VIANI MX3 PRINCIPIANTE 28,5 LABORDE<br \/>\n14 979 ALEJANDRO FRACASSI MX3 PRINCIPIANTE 25,5 CORDOBA<br \/>\n15 12 GABRIEL BAIMA MX3 C 24 MORTEROS<br \/>\n16 77 MARCELO MARTIN NOCIONI MX3 PRINCIPIANTE 22,5 CORDOBA<br \/>\n17 657 CLAUDIO BORCHI MX3 C 21 LA FALDA<br \/>\n18 29 GERMAN MANERA MX3 C 19,5 MORTEROS<br \/>\n19 452 ESTEBAN PALMUCCI MX3 PRINCIPIANTE 18<br \/>\n20 2 GUSTAVO COLOMBERO MX3 C 18 RAFAELA<br \/>\n21 126 DIEGO ROMERO MX3 C 18 LA CALERA<br \/>\n22 253 ADRIAN PERALTA MX3 C 16,5 RAFAELA<br \/>\n23 201 DARIO GONZALEZ MX3 PRINCIPIANTE 16,5 MONTE MAIZ<br \/>\n24 122 NESTOR GUTIERREZ MX3 C 0 SANTA FE<\/p>\n<p><img loading=\"lazy\" decoding=\"async\" class=\"alignnone size-full wp-image-67065\" src=\"http:\/\/www.crossprensa.com.ar\/news\/wp-content\/uploads\/2023\/11\/390-scaled.jpg\" alt=\"\" width=\"2560\" height=\"2048\" srcset=\"https:\/\/www.crossprensa.com.ar\/news\/wp-content\/uploads\/2023\/11\/390-scaled.jpg 2560w, https:\/\/www.crossprensa.com.ar\/news\/wp-content\/uploads\/2023\/11\/390-300x240.jpg 300w, https:\/\/www.crossprensa.com.ar\/news\/wp-content\/uploads\/2023\/11\/390-500x400.jpg 500w, https:\/\/www.crossprensa.com.ar\/news\/wp-content\/uploads\/2023\/11\/390-768x614.jpg 768w, https:\/\/www.crossprensa.com.ar\/news\/wp-content\/uploads\/2023\/11\/390-1536x1229.jpg 1536w, https:\/\/www.crossprensa.com.ar\/news\/wp-content\/uploads\/2023\/11\/390-2048x1639.jpg 2048w, https:\/\/www.crossprensa.com.ar\/news\/wp-content\/uploads\/2023\/11\/390-750x600.jpg 750w, https:\/\/www.crossprensa.com.ar\/news\/wp-content\/uploads\/2023\/11\/390-1140x912.jpg 1140w\" sizes=\"(max-width: 2560px) 100vw, 2560px\" \/><\/p>\n<h3><span style=\"color: #0000ff;\">125cc.<\/span><\/h3>\n<p>1 111 FRANCISCO MENICHETTI 125 CC 55,5 RIO IV<br \/>\n2 61 FRANCHESCO ZILIOLI 125 CC 55,5 RIO CEBALLOS<br \/>\n3 57 MANUEL LASPINA 125 CC 42 RIO CEBALLOS<br \/>\n4 331 CONRADO WALZYNSKI 125 CC 37,5 CORDOBA<br \/>\n5 275 NAHIM UEQUIN 125 CC 31,5 SANTIAGO DEL ESTERO<br \/>\n6 07 FRANCESCO BRUNO 125 CC 30 VILLA ASCASUBI<br \/>\n7 121 SANTINO SALGADO 125 CC 19,5 ALTA GRACIA<br \/>\n8 15 FRANCISCO PASUTTI 125 CC 12 ORO VERDE<br \/>\n9 23 FACUNDO VILLAGRA 125 CC 10,5 CORDOBA<br \/>\n10 63 FRANCISCO BIROCCO 125 CC 0 SACANTA<\/p>\n<h3><span style=\"color: #0000ff;\">MX3 A\/B<\/span><\/h3>\n<p>1 100 NORBERTO DEBERNARDI MX3 A 55,5 ALEJANDRO ROCA<br \/>\n2 14 JUAN PABLO DELFABRO MX3 B 55,5 ARROYITO<br \/>\n3 8 EMIR RIBAS MX3 B 52,5 VILLA DE LAS ROSAS<br \/>\n4 241 GUSTAVO RIVERO MX3 A 52,5 BALLESTEROS<br \/>\n5 51 DANIEL GARAY MX3 A 48 VILLA DOLORES<br \/>\n6 40 MARCELO LOPEZ MX3 B 48 VILLA MARIA<br \/>\n7 135 FRANCO VACCARI MX3 A 39 CORDOBA<br \/>\n8 113 SEBASTIAN URQUIA MX3 B 39 GRAL DEHEZA<br \/>\n9 235 DAVID GRILLO MX3 B 33 RIO IV<br \/>\n10 176 EMANUEL TELLO MX3 A 33 LA RIOJA<br \/>\n11 31 EBENEZER GARCIA MX3 B 28,5 VICTORIA<br \/>\n12 987 MARCELO MANSILLA MX3 B 15 ROSARIO<br \/>\n13 951 CARLOS GARAY MX3 B 13,5 VILL ADOLORES<br \/>\n14 657 CLAUDIO BORCHI MX3 B 12<br \/>\n15 52 GONZALO ALBERT MX3 B 0 VILLA MARIA<br \/>\n16 126 DIEGO ROMERO MX3 B 0<br \/>\n17 5 FERNANDO VIANI MX3 A 0 LABORDE<\/p>\n<p><img loading=\"lazy\" decoding=\"async\" class=\"alignnone size-full wp-image-67066\" src=\"http:\/\/www.crossprensa.com.ar\/news\/wp-content\/uploads\/2023\/11\/814-scaled.jpg\" alt=\"\" width=\"2560\" height=\"2048\" srcset=\"https:\/\/www.crossprensa.com.ar\/news\/wp-content\/uploads\/2023\/11\/814-scaled.jpg 2560w, https:\/\/www.crossprensa.com.ar\/news\/wp-content\/uploads\/2023\/11\/814-300x240.jpg 300w, https:\/\/www.crossprensa.com.ar\/news\/wp-content\/uploads\/2023\/11\/814-500x400.jpg 500w, https:\/\/www.crossprensa.com.ar\/news\/wp-content\/uploads\/2023\/11\/814-768x614.jpg 768w, https:\/\/www.crossprensa.com.ar\/news\/wp-content\/uploads\/2023\/11\/814-1536x1229.jpg 1536w, https:\/\/www.crossprensa.com.ar\/news\/wp-content\/uploads\/2023\/11\/814-2048x1638.jpg 2048w, https:\/\/www.crossprensa.com.ar\/news\/wp-content\/uploads\/2023\/11\/814-750x600.jpg 750w, https:\/\/www.crossprensa.com.ar\/news\/wp-content\/uploads\/2023\/11\/814-1140x912.jpg 1140w\" sizes=\"(max-width: 2560px) 100vw, 2560px\" \/><\/p>\n<h3><span style=\"color: #0000ff;\">JUNIOR<\/span><\/h3>\n<p>1 14 LUCAS GALOPPO JUNIOR 52,5 ESPERANZA STA FE<br \/>\n2 116 JOAQUIN ALLIVELLATORE JUNIOR 51 EDUARDO CASTEX<br \/>\n3 4 FRANCO RICHARD JUNIOR 42 HELENA<br \/>\n4 31 SEGUNDO BOMBEN JUNIOR 36 QUETREQUEN<br \/>\n5 114 CANAVESIO IGNACIO JUNIOR 31,5 CORRAL DE BUSTOS<br \/>\n6 87 JOAQUIN URRUTIA JUNIOR 30 SANTA ROSA LA PAMPA<br \/>\n7 86 SEBASTIAN VARENGO JUNIOR 15 GALISTEO STA FE<br \/>\n8 100 VALENTINO DEBERNRDI JUNIOR 13,5 ALEJANDRO ROCA<br \/>\n9 139 NICOLAS BALANGE JUNIOR 13,5 ACHIRAS<br \/>\n10 416 JUAN CRUZ CASA JUNIOR 12 PAMPAYASTA<br \/>\n11 800 KEVIN BRAIDOTTI JUNIOR 12 SERODINO STA FE<\/p>\n<p><img loading=\"lazy\" decoding=\"async\" class=\"alignnone size-full wp-image-67059\" src=\"http:\/\/www.crossprensa.com.ar\/news\/wp-content\/uploads\/2023\/11\/460-3-scaled.jpg\" alt=\"\" width=\"2560\" height=\"2048\" srcset=\"https:\/\/www.crossprensa.com.ar\/news\/wp-content\/uploads\/2023\/11\/460-3-scaled.jpg 2560w, https:\/\/www.crossprensa.com.ar\/news\/wp-content\/uploads\/2023\/11\/460-3-300x240.jpg 300w, https:\/\/www.crossprensa.com.ar\/news\/wp-content\/uploads\/2023\/11\/460-3-500x400.jpg 500w, https:\/\/www.crossprensa.com.ar\/news\/wp-content\/uploads\/2023\/11\/460-3-768x614.jpg 768w, https:\/\/www.crossprensa.com.ar\/news\/wp-content\/uploads\/2023\/11\/460-3-1536x1229.jpg 1536w, https:\/\/www.crossprensa.com.ar\/news\/wp-content\/uploads\/2023\/11\/460-3-2048x1639.jpg 2048w, https:\/\/www.crossprensa.com.ar\/news\/wp-content\/uploads\/2023\/11\/460-3-750x600.jpg 750w, https:\/\/www.crossprensa.com.ar\/news\/wp-content\/uploads\/2023\/11\/460-3-1140x912.jpg 1140w\" sizes=\"(max-width: 2560px) 100vw, 2560px\" \/><\/p>\n<h3><span style=\"color: #0000ff;\">MX1 \/ MX2<\/span><\/h3>\n<p>1 952 JOSE FELIPE MX1 60 VILLA MARIA<br \/>\n2 515 JUAN IGNACIO PIERMARINI MX2 B 60 CARLOS PAZ<br \/>\n3 8 FELIPE VILCHEZ MX2 A 52,5 RIO TERCERO<br \/>\n4 117 JULIAN GARRIDO MX2 B 51 CAMPANA BS AS<br \/>\n5 58 NICOLAS CARRANZA MX1 48 CORDOBA<br \/>\n6 33 LUCIANO RIGHI MX1 48 MENDOZA<br \/>\n7 48 IGNACIO BERTOPAULOS MX2 A 48 LA FALDA<br \/>\n8 30 BENJAMIN PASCUAL MX2 A 45 VILLA DOLORES<br \/>\n9 8 MAXIMO CASTELLO MX2 B 42 MENDOZA<br \/>\n10 92 IVAN WOHLMUTH MX2 B 42 PUEBLO ESTER<br \/>\n11 40 FELIPE FAVETTO MX2 A 36 SAN FRANCISCO<br \/>\n12 124 JEREMIAS PASCUAL MX1 36<br \/>\n13 51 DANIEL GARAY MX1 34,5 VILLA DOLORES<br \/>\n14 239 LUCAS BELTRAMINO MX2 B 33 HERNANDO<br \/>\n15 113 EMILIANO CASTILLO MX1 31,5 MENDOZA<br \/>\n16 246 MARIANO SANCHEZ MX2 B 30 URUGUAY<br \/>\n17 249 TOMAS MOYANO MX2 A 30 VILLA MARIA<br \/>\n18 9 IVAN RODRIGUEZ MX1 27 MONTE MAIZ<br \/>\n19 179 LORENZO GHIONE MX1 24 CORDOBA<br \/>\n20 61 AGUSTIN ALASSIA MX1 21 LABORDE<br \/>\n21 11 LAUTARO MEDINA MX2 B 0 CHACO<br \/>\n22 57 MANUEL LASPINA MX2 B 0 RIO CEBALLOS<br \/>\n23 111 FRANCISCO MENICHETTI MX2 B 0 RIO CUARTO<\/p>\n<p>&nbsp;<\/p>\n<p>&nbsp;<\/p>\n<p>&nbsp;<\/p>\n<p>&nbsp;<\/p>\n","protected":false},"excerpt":{"rendered":"<p>San Agust\u00edn vuelve a ser el lugar que el MX CORDOB\u00c9S elige para cerrar el&#8230;<\/p>\n","protected":false},"author":2,"featured_media":67061,"comment_status":"open","ping_status":"open","sticky":false,"template":"","format":"standard","meta":{"om_disable_all_campaigns":false,"_monsterinsights_skip_tracking":false,"_monsterinsights_sitenote_active":false,"_monsterinsights_sitenote_note":"","_monsterinsights_sitenote_category":0,"_uf_show_specific_survey":0,"_uf_disable_surveys":false,"footnotes":""},"categories":[37,41],"tags":[],"class_list":["post-67039","post","type-post","status-publish","format-standard","has-post-thumbnail","hentry","category-crossprensa","category-mx-cordobes"],"aioseo_notices":[],"_links":{"self":[{"href":"https:\/\/www.crossprensa.com.ar\/news\/wp-json\/wp\/v2\/posts\/67039","targetHints":{"allow":["GET"]}}],"collection":[{"href":"https:\/\/www.crossprensa.com.ar\/news\/wp-json\/wp\/v2\/posts"}],"about":[{"href":"https:\/\/www.crossprensa.com.ar\/news\/wp-json\/wp\/v2\/types\/post"}],"author":[{"embeddable":true,"href":"https:\/\/www.crossprensa.com.ar\/news\/wp-json\/wp\/v2\/users\/2"}],"replies":[{"embeddable":true,"href":"https:\/\/www.crossprensa.com.ar\/news\/wp-json\/wp\/v2\/comments?post=67039"}],"version-history":[{"count":1,"href":"https:\/\/www.crossprensa.com.ar\/news\/wp-json\/wp\/v2\/posts\/67039\/revisions"}],"predecessor-version":[{"id":67067,"href":"https:\/\/www.crossprensa.com.ar\/news\/wp-json\/wp\/v2\/posts\/67039\/revisions\/67067"}],"wp:featuredmedia":[{"embeddable":true,"href":"https:\/\/www.crossprensa.com.ar\/news\/wp-json\/wp\/v2\/media\/67061"}],"wp:attachment":[{"href":"https:\/\/www.crossprensa.com.ar\/news\/wp-json\/wp\/v2\/media?parent=67039"}],"wp:term":[{"taxonomy":"category","embeddable":true,"href":"https:\/\/www.crossprensa.com.ar\/news\/wp-json\/wp\/v2\/categories?post=67039"},{"taxonomy":"post_tag","embeddable":true,"href":"https:\/\/www.crossprensa.com.ar\/news\/wp-json\/wp\/v2\/tags?post=67039"}],"curies":[{"name":"wp","href":"https:\/\/api.w.org\/{rel}","templated":true}]}}