{"id":67036,"date":"2023-11-27T15:23:08","date_gmt":"2023-11-27T18:23:08","guid":{"rendered":"https:\/\/www.crossprensa.com.ar\/news\/?p=67036"},"modified":"2023-11-27T15:23:08","modified_gmt":"2023-11-27T18:23:08","slug":"fuerte-accidente-de-julian-seibel","status":"publish","type":"post","link":"https:\/\/www.crossprensa.com.ar\/news\/fuerte-accidente-de-julian-seibel\/mx-argentino\/","title":{"rendered":"FUERTE ACCIDENTE DE JULIAN SEIBEL."},"content":{"rendered":"<p>El piloto pampeano nacido en Macach\u00edn y ahora residiendo en Victoria, estuvo entrenando en el circuito Los Caldenes MX Track, donde tuvo una ca\u00edda muy fuerte que deriv\u00f3 en su internaci\u00f3n y posterior intervenci\u00f3n quir\u00fargica en el h\u00edgado.<\/p>\n<p><!--more--><\/p>\n<p>El #75 de KTM Sport Adventure, estaba prepar\u00e1ndose para la definici\u00f3n de un campeonato que lo tuvo como neto protagonista durante todo el a\u00f1o, y conoci\u00e9ndolo sabemos que no iba a dejar pasar ninguna posibilidad de quedarse con el Nro. 1 el pr\u00f3ximo fin de semana en Neuqu\u00e9n.<\/p>\n<p>En el salto de la llegada de Victorica, el motor se planta en el aire sac\u00e1ndolo de punta por lo que cae fuertemente en el piso y con la mala suerte de que la moto le pega caus\u00e1ndole el estallido del h\u00edgado que le caus\u00f3 una fuerte hemorragia.<\/p>\n<p>Prontamente trasladado a un centro de atenci\u00f3n m\u00e9dica, se detect\u00f3 que se hab\u00eda salido el hombro que es una lesi\u00f3n vieja que si lo complic\u00f3 varias veces, y peor fue sin dudas la lesi\u00f3n hep\u00e1tica por lo que a las 2 de la madrugada fue operado para parar la hemorragia.<\/p>\n<p>Tomamos contacto con Omar Seibel, para conocer exactamente como estaba la salud de su hijo y nos dijo que evolucion\u00f3 favorablemente, sigue en terapia intensiva pero estable y con una condici\u00f3n general muy buena que adem\u00e1s puso optimistas a los m\u00e9dicos para prontamente pueda comenzar su recuperaci\u00f3n en una habitaci\u00f3n com\u00fan y aguardar su total recuperaci\u00f3n<\/p>\n<p>Sinceramente y esto a t\u00edtulo personal, me siento muy&#8230; abrumado digamos porque hemos visto mucha mala suerte de un PILOTAZO que no pudo definir campeonatos por lesiones, y se ha perdido carreras y a\u00f1os completos, pero nunca dej\u00f3 de seguir a fondo a buscar esa corona que una vez mas se le escapa pero estamos seguros de que en alg\u00fan momento, vendr\u00e1 ese t\u00edtulo que tanto merece por todo el esfuerzo y el AMOR a este deporte que le puso desde siempre la familia Seibel.<\/p>\n<p>Estaremos siguiendo su evoluci\u00f3n como hacemos con todos los pilotos.<\/p>\n<p>&nbsp;<\/p>\n","protected":false},"excerpt":{"rendered":"<p>El piloto pampeano nacido en Macach\u00edn y ahora residiendo en Victoria, estuvo entrenando en el&#8230;<\/p>\n","protected":false},"author":2,"featured_media":67037,"comment_status":"open","ping_status":"open","sticky":false,"template":"","format":"standard","meta":{"om_disable_all_campaigns":false,"_monsterinsights_skip_tracking":false,"_monsterinsights_sitenote_active":false,"_monsterinsights_sitenote_note":"","_monsterinsights_sitenote_category":0,"_uf_show_specific_survey":0,"_uf_disable_surveys":false,"footnotes":""},"categories":[37,27],"tags":[],"class_list":["post-67036","post","type-post","status-publish","format-standard","has-post-thumbnail","hentry","category-crossprensa","category-mx-argentino"],"aioseo_notices":[],"_links":{"self":[{"href":"https:\/\/www.crossprensa.com.ar\/news\/wp-json\/wp\/v2\/posts\/67036","targetHints":{"allow":["GET"]}}],"collection":[{"href":"https:\/\/www.crossprensa.com.ar\/news\/wp-json\/wp\/v2\/posts"}],"about":[{"href":"https:\/\/www.crossprensa.com.ar\/news\/wp-json\/wp\/v2\/types\/post"}],"author":[{"embeddable":true,"href":"https:\/\/www.crossprensa.com.ar\/news\/wp-json\/wp\/v2\/users\/2"}],"replies":[{"embeddable":true,"href":"https:\/\/www.crossprensa.com.ar\/news\/wp-json\/wp\/v2\/comments?post=67036"}],"version-history":[{"count":1,"href":"https:\/\/www.crossprensa.com.ar\/news\/wp-json\/wp\/v2\/posts\/67036\/revisions"}],"predecessor-version":[{"id":67038,"href":"https:\/\/www.crossprensa.com.ar\/news\/wp-json\/wp\/v2\/posts\/67036\/revisions\/67038"}],"wp:featuredmedia":[{"embeddable":true,"href":"https:\/\/www.crossprensa.com.ar\/news\/wp-json\/wp\/v2\/media\/67037"}],"wp:attachment":[{"href":"https:\/\/www.crossprensa.com.ar\/news\/wp-json\/wp\/v2\/media?parent=67036"}],"wp:term":[{"taxonomy":"category","embeddable":true,"href":"https:\/\/www.crossprensa.com.ar\/news\/wp-json\/wp\/v2\/categories?post=67036"},{"taxonomy":"post_tag","embeddable":true,"href":"https:\/\/www.crossprensa.com.ar\/news\/wp-json\/wp\/v2\/tags?post=67036"}],"curies":[{"name":"wp","href":"https:\/\/api.w.org\/{rel}","templated":true}]}}