{"id":67020,"date":"2023-11-23T07:01:29","date_gmt":"2023-11-23T10:01:29","guid":{"rendered":"https:\/\/www.crossprensa.com.ar\/news\/?p=67020"},"modified":"2023-11-23T08:14:10","modified_gmt":"2023-11-23T11:14:10","slug":"mx-pro-pergamino-brillara-de-noche","status":"publish","type":"post","link":"https:\/\/www.crossprensa.com.ar\/news\/mx-pro-pergamino-brillara-de-noche\/crossprensa\/","title":{"rendered":"MX PRO &#8211; PERGAMINO BRILLAR\u00c1 DE NOCHE!"},"content":{"rendered":"<p>El 9 de Diciembre ser\u00e1 un S\u00e1bado impresionante con la primera fecha del nocturno de motocross MX PRO que se presentar\u00e1 en ese hermoso circuito del noroeste bonaerense, que adem\u00e1s cuenta con un gran predio con comodidades para todos!<\/p>\n<p>65\/85 a b ) (MONOMARCA TORNADO, ENDURO B)(PRINCIPIANTE,PROMO,JUNIOR, MASTERS A B C )MX1 MX2 MX3 MXFEM<!--more--><\/p>\n<p>Ser\u00e1 un campeonato de 3 fechas, que tendr\u00e1 como premio especial, un enorme trofeo al piloto que mas puntos haya sumado en estas carreras sin importar la categor\u00eda y ser\u00e1 qui\u00e9n se lleve esta copa Challenger.<\/p>\n<p>Las categor\u00edas que participar\u00e1n en el campeonato, ser\u00e1n las siguientes:<\/p>\n<p>65 A y B.<\/p>\n<p>85 A y B.<\/p>\n<p>MX FEMENINO<\/p>\n<p>MONOMARCA TORNADO<\/p>\n<p>ENDURO B<\/p>\n<p>PRINCIPIANTES<\/p>\n<p>PROMOCIONAL<\/p>\n<p>JUNIOR<\/p>\n<p>MASTERS A, B y C.<\/p>\n<p>MX2<\/p>\n<p>MX1<\/p>\n<div style=\"width: 640px;\" class=\"wp-video\"><!--[if lt IE 9]><script>document.createElement('video');<\/script><![endif]-->\n<video class=\"wp-video-shortcode\" id=\"video-67020-1\" width=\"640\" height=\"640\" preload=\"metadata\" controls=\"controls\"><source type=\"video\/mp4\" src=\"http:\/\/www.crossprensa.com.ar\/news\/wp-content\/uploads\/2023\/11\/WhatsApp-Video-2023-11-15-at-14.04.05.mp4?_=1\" \/><a href=\"http:\/\/www.crossprensa.com.ar\/news\/wp-content\/uploads\/2023\/11\/WhatsApp-Video-2023-11-15-at-14.04.05.mp4\">http:\/\/www.crossprensa.com.ar\/news\/wp-content\/uploads\/2023\/11\/WhatsApp-Video-2023-11-15-at-14.04.05.mp4<\/a><\/video><\/div>\n<p>&nbsp;<\/p>\n","protected":false},"excerpt":{"rendered":"<p>El 9 de Diciembre ser\u00e1 un S\u00e1bado impresionante con la primera fecha del nocturno de&#8230;<\/p>\n","protected":false},"author":2,"featured_media":67021,"comment_status":"open","ping_status":"open","sticky":false,"template":"","format":"standard","meta":{"om_disable_all_campaigns":false,"_monsterinsights_skip_tracking":false,"_monsterinsights_sitenote_active":false,"_monsterinsights_sitenote_note":"","_monsterinsights_sitenote_category":0,"_uf_show_specific_survey":0,"_uf_disable_surveys":false,"footnotes":""},"categories":[37],"tags":[],"class_list":["post-67020","post","type-post","status-publish","format-standard","has-post-thumbnail","hentry","category-crossprensa"],"aioseo_notices":[],"_links":{"self":[{"href":"https:\/\/www.crossprensa.com.ar\/news\/wp-json\/wp\/v2\/posts\/67020","targetHints":{"allow":["GET"]}}],"collection":[{"href":"https:\/\/www.crossprensa.com.ar\/news\/wp-json\/wp\/v2\/posts"}],"about":[{"href":"https:\/\/www.crossprensa.com.ar\/news\/wp-json\/wp\/v2\/types\/post"}],"author":[{"embeddable":true,"href":"https:\/\/www.crossprensa.com.ar\/news\/wp-json\/wp\/v2\/users\/2"}],"replies":[{"embeddable":true,"href":"https:\/\/www.crossprensa.com.ar\/news\/wp-json\/wp\/v2\/comments?post=67020"}],"version-history":[{"count":3,"href":"https:\/\/www.crossprensa.com.ar\/news\/wp-json\/wp\/v2\/posts\/67020\/revisions"}],"predecessor-version":[{"id":67025,"href":"https:\/\/www.crossprensa.com.ar\/news\/wp-json\/wp\/v2\/posts\/67020\/revisions\/67025"}],"wp:featuredmedia":[{"embeddable":true,"href":"https:\/\/www.crossprensa.com.ar\/news\/wp-json\/wp\/v2\/media\/67021"}],"wp:attachment":[{"href":"https:\/\/www.crossprensa.com.ar\/news\/wp-json\/wp\/v2\/media?parent=67020"}],"wp:term":[{"taxonomy":"category","embeddable":true,"href":"https:\/\/www.crossprensa.com.ar\/news\/wp-json\/wp\/v2\/categories?post=67020"},{"taxonomy":"post_tag","embeddable":true,"href":"https:\/\/www.crossprensa.com.ar\/news\/wp-json\/wp\/v2\/tags?post=67020"}],"curies":[{"name":"wp","href":"https:\/\/api.w.org\/{rel}","templated":true}]}}