{"id":66820,"date":"2023-11-10T18:15:15","date_gmt":"2023-11-10T21:15:15","guid":{"rendered":"https:\/\/www.crossprensa.com.ar\/news\/?p=66820"},"modified":"2023-11-10T18:15:15","modified_gmt":"2023-11-10T21:15:15","slug":"isde-2023-nada-definido","status":"publish","type":"post","link":"https:\/\/www.crossprensa.com.ar\/news\/isde-2023-nada-definido\/crossprensa\/","title":{"rendered":"ISDE 2023: NADA DEFINIDO!!!"},"content":{"rendered":"<p>La 97\u00b0 edici\u00f3n del FIM International Six Days of Enduro no da respiro ning\u00fan d\u00eda. Las altas temperaturas volvieron a ser protagonistas en el pen\u00faltimo d\u00eda de acci\u00f3n pero adem\u00e1s las alternativas en la clasificaci\u00f3n no permiten que nadie baje los brazos hasta el kil\u00f3metro final. Estados Unidos manda en el World Trophy y el Women\u00b4s World Trophy; Suecia domina en Junior, pero el podio de ninguna categor\u00eda est\u00e1 cerrado a\u00fan. Ma\u00f1ana, la definici\u00f3n.<\/p>\n<p><!--more--><\/p>\n<p>Foto de tapa: Nicol\u00e1s Kutulas en plena acci\u00f3n en este D\u00eda 5. Cr\u00e9dito de la foto: FIM ISDE \/ Miguel Pinochet<\/p>\n<table class=\"x_mcnTextBlock\" border=\"0\" width=\"100%\" cellspacing=\"0\" cellpadding=\"0\">\n<tbody class=\"x_mcnTextBlockOuter\">\n<tr>\n<td class=\"x_mcnTextBlockInner\" valign=\"top\">\n<table class=\"x_mcnTextContentContainer\" border=\"0\" width=\"100%\" cellspacing=\"0\" cellpadding=\"0\" align=\"left\">\n<tbody>\n<tr>\n<td class=\"x_mcnTextContent\" valign=\"top\"><strong>World Trophy: Estados Unidos acaricia su tercera estrella<\/strong><br aria-hidden=\"true\" \/>La selecci\u00f3n norteamericana se encamina a conseguir su tercer World Trophy gracias a una contundente actuaci\u00f3n que les permiti\u00f3 ser el equipo m\u00e1s veloz en cada una de las cinco jornadas que lleva la carrera.<br aria-hidden=\"true\" \/>La regularidad mostrada los llev\u00f3 a colocar tres de sus cuatro pilotos entre los seis primeros de la clasificaci\u00f3n general individual y sacarles 14 minutos a sus m\u00e1s inmediatos perseguidores, el equipo franc\u00e9s, que tambi\u00e9n parece tener el segundo puesto en sus manos.<br aria-hidden=\"true\" \/><br aria-hidden=\"true\" \/>La sorpresa del d\u00eda fueron las ca\u00eddas en el clasificador de Italia y Espa\u00f1a. El equipo \u201cazzurro\u201d, ven\u00eda protagonizando una excelente remontada, y hasta hab\u00eda conseguido quitarle el tercer puesto a Gran Breta\u00f1a, pero hoy perdi\u00f3 a Kevin Cristino y sus ilusiones de llevarse un trofeo se esfumaron. Lo propio pas\u00f3 con Espa\u00f1a que se qued\u00f3 sin Jaume Betriu y se cay\u00f3 del Top 5 del acumulado.<br aria-hidden=\"true\" \/><br aria-hidden=\"true\" \/>De esta manera Gran Breta\u00f1a -la escuadra que hab\u00eda sido campeona en 2022- recuper\u00f3 el tercer lugar, mientras que Chile trep\u00f3 hasta la cuarta posici\u00f3n en una actuaci\u00f3n hist\u00f3rica para el equipo trasandino.\u00a0\u201cHoy fue un d\u00eda muy bueno para m\u00ed en lo particular y tambi\u00e9n para mi equipo. Est\u00e1bamos sextos hasta el cuarto d\u00eda y hoy estamos en cuarto lugar por la Trophy. Yo tambi\u00e9n ven\u00eda peleando el podio de la categor\u00eda E3, estaba cuarto y qued\u00e9 tercero; as\u00ed que ma\u00f1ana con todo al motocross\u201d, coment\u00f3 Benjam\u00edn Herrera el m\u00e1s veloz hasta el momento de la escuadra roja.<br aria-hidden=\"true\" \/><br aria-hidden=\"true\" \/>Argentina no tuvo un buen viernes ya que perdi\u00f3 a Tom\u00e1s G\u00f3mez y cay\u00f3 del quinto al octavo lugar. Venezuela completa el Top 5, su mejor resultado en un Six Days hasta el momento.<br aria-hidden=\"true\" \/><br aria-hidden=\"true\" \/><strong>Junior World Trophy: Suecia es indomable<\/strong><br aria-hidden=\"true\" \/>Los escandinavos no dejan lugar a dudas sobre quien es el referente entre los Junior. Con total autoridad se est\u00e1n quedando con una clasificaci\u00f3n Junior que no logra desde 2016. Otra vez, y al igual en cada d\u00eda, los tres pilotos del equipo sueco se adue\u00f1aron de la clasificaci\u00f3n individual y por supuesto dominan c\u00f3modamente en la general.<br aria-hidden=\"true\" \/>Segundo aparece Francia a m\u00e1s de cinco minutos mientras que tercero se ubica la selecci\u00f3n de Estados Unidos.<br aria-hidden=\"true\" \/><br aria-hidden=\"true\" \/>Cuarta, y al acecho del podio hasta el final, aparece Argentina, logrando de momento su mejor resultado en esta categor\u00eda.\u00a0\u201cLa verdad que muy feliz de haber terminado el quinto d\u00eda y por lo tanto el \u00faltimo de los d\u00edas m\u00e1s duros. Como todos los pilotos dicen, el primer d\u00eda fue muy duro y eso tambi\u00e9n marc\u00f3 un poco c\u00f3mo se fue desarrollando la carrera a lo largo de los d\u00edas. Gracias a Dios el equipo y yo nos recuperamos, as\u00ed que llegamos muy bien al d\u00eda de hoy.\u00a0 Con la gente que hab\u00eda alrededor del circuito daba mucha motivaci\u00f3n y daba ganas de seguir adelante\u201d, coment\u00f3 el argentino Cristobal Sola.<\/p>\n<p><br aria-hidden=\"true\" \/><strong>Women\u2019s: World Trophy: Puro drama y camarader\u00eda<\/strong><br aria-hidden=\"true\" \/>El D\u00eda 5 comenz\u00f3 cargado de sufrimiento\u00a0entre las Women\u2019s World Trophy. Al finalizar el D\u00eda 4 de competencia, hab\u00eda solo dos equipos que manten\u00edan a sus escuadras intactas: Estados Unidos y FIM Latam. Mantener a las tres pilotos en competencia era fundamental para sostener sus lugares en el podio. Por eso, todo fue nerviosismo y desesperaci\u00f3n cuando la moto de Valeria Rodriguez present\u00f3 serios problemas mec\u00e1nicos.<br aria-hidden=\"true\" \/>A\u00fan excediendo el plazo determinado para la asistencia de la ma\u00f1ana, la piloto chilena continu\u00f3 haciendo lo imposible para reparar la moto. Su lucha por continuar en carrera fue tal que en un gran gesto deportivo y de camarader\u00eda, inclusive los representantes del equipo de Estados Unidos, intentaron ayudar para que la corredora volviera en carrera. Si bien no fue posible reparar la moto, la integrante del equipo FIM Latam se retiro aplaudida por todos los presentes.\u00a0<br aria-hidden=\"true\" \/>De esta forma, Estados Unidos se mantiene m\u00e1s l\u00edder que nunca y ahora, el conjunto Australiano se coloca en segunda posici\u00f3n por delante de las Latinoamericanas. \u201cEstoy aliviada de ver el final del quinto d\u00eda. Ha sido un d\u00eda muy duro. Tuve algunas ca\u00eddas pero estoy feliz de estar aqu\u00ed. Tenemos que seguir luchando para llegar al podio\u201d, sostuvo la australiana Jessica Gardiner al llegar al Paddock.<br aria-hidden=\"true\" \/>Las chicas argentinas, en tanto, se mantienen en la quinta colocaci\u00f3n.<\/td>\n<\/tr>\n<\/tbody>\n<\/table>\n<\/td>\n<\/tr>\n<\/tbody>\n<\/table>\n<table class=\"x_mcnImageBlock\" border=\"0\" width=\"100%\" cellspacing=\"0\" cellpadding=\"0\">\n<tbody class=\"x_mcnImageBlockOuter\">\n<tr>\n<td class=\"x_mcnImageBlockInner\" valign=\"top\">\n<table class=\"x_mcnImageContentContainer\" border=\"0\" width=\"100%\" cellspacing=\"0\" cellpadding=\"0\" align=\"left\">\n<tbody>\n<tr>\n<td class=\"x_mcnImageContent\" valign=\"top\"><a class=\"\" title=\"\" href=\"https:\/\/maseventos.us4.list-manage.com\/track\/click?u=75146c3981d47a073d3cdb858&amp;id=188cae9757&amp;e=f18304d135\" target=\"_blank\" rel=\"noopener noreferrer\" data-auth=\"NotApplicable\" data-linkindex=\"10\"><img decoding=\"async\" class=\"x_mcnImage\" src=\"https:\/\/mcusercontent.com\/75146c3981d47a073d3cdb858\/images\/7b52d141-ac3a-2d20-7c72-33f9d7a7e555.jpeg\" alt=\"\" width=\"564\" align=\"center\" data-imagetype=\"External\" \/><\/a><\/td>\n<\/tr>\n<\/tbody>\n<\/table>\n<\/td>\n<\/tr>\n<\/tbody>\n<\/table>\n<table class=\"x_mcnTextBlock\" border=\"0\" width=\"100%\" cellspacing=\"0\" cellpadding=\"0\">\n<tbody class=\"x_mcnTextBlockOuter\">\n<tr>\n<td class=\"x_mcnTextBlockInner\" valign=\"top\">\n<table class=\"x_mcnTextContentContainer\" border=\"0\" width=\"100%\" cellspacing=\"0\" cellpadding=\"0\" align=\"left\">\n<tbody>\n<tr>\n<td class=\"x_mcnTextContent\" valign=\"top\">Valeria Rodriguez y toda su desilusi\u00f3n tras quedar fuera de competencia.\u00a0Cr\u00e9dito de la foto:\u00a0Claudio Morales<\/td>\n<\/tr>\n<\/tbody>\n<\/table>\n<\/td>\n<\/tr>\n<\/tbody>\n<\/table>\n<table class=\"x_mcnTextBlock\" border=\"0\" width=\"100%\" cellspacing=\"0\" cellpadding=\"0\">\n<tbody class=\"x_mcnTextBlockOuter\">\n<tr>\n<td class=\"x_mcnTextBlockInner\" valign=\"top\">\n<table class=\"x_mcnTextContentContainer\" border=\"0\" width=\"100%\" cellspacing=\"0\" cellpadding=\"0\" align=\"left\">\n<tbody>\n<tr>\n<td class=\"x_mcnTextContent\" valign=\"top\"><strong>El Six Days tuvo un gran espect\u00e1culo con los Benavides\u00a0<\/strong><br aria-hidden=\"true\" \/>Luciano y Kevin Benavides hicieron su gran regreso al FIM International Six Days of Enduro, ante la atenta mirada de una gran cantidad de p\u00fablico que se acerc\u00f3 al NOCO ASER Enduro para ver el paso de los grandes campeones argentinos.<br aria-hidden=\"true\" \/>\u201cEs un momento \u00fanico lo que vivimos hoy, cerrando un a\u00f1o que para m\u00ed y mi hermano fue m\u00e1gico. Yo tuve la suerte de correr tres Six Days, el \u00faltimo en 2014 aqu\u00ed en Argentina. Ahora puedo lucir con orgullo ante mi gente el 1 que consegu\u00ed con mucho sacrificio despu\u00e9s de pelearla mucho\u201d, afirm\u00f3 el Campe\u00f3n Mundial W2RC, Luciano Benavides.<br aria-hidden=\"true\" \/>\u201cEstoy muy contento de poder volver aqu\u00ed a San Juan y a los Six Days. Siempre me ha llenado de orgullo haber podido conseguir ese 5\u00b0 puesto en 2014 para la selecci\u00f3n argentina y por eso para mi es muy importante volver a aqu\u00ed; volver a vivir el ambiente del enduro y disfrutarlo con la gente de Argentina\u201d, afirm\u00f3 el dos veces campe\u00f3n del Rally Dakar, Kevin Benavides.<br aria-hidden=\"true\" \/>Ma\u00f1ana, ambos pilotos estar\u00e1n presentes en el MX Final.<\/td>\n<\/tr>\n<\/tbody>\n<\/table>\n<\/td>\n<\/tr>\n<\/tbody>\n<\/table>\n<table class=\"x_mcnImageGroupBlock\" border=\"0\" width=\"100%\" cellspacing=\"0\" cellpadding=\"0\">\n<tbody class=\"x_mcnImageGroupBlockOuter\">\n<tr>\n<td class=\"x_mcnImageGroupBlockInner\" valign=\"top\">\n<table class=\"x_mcnImageGroupContentContainer\" border=\"0\" width=\"564\" cellspacing=\"0\" cellpadding=\"0\" align=\"left\">\n<tbody>\n<tr>\n<td class=\"x_mcnImageGroupContent\" valign=\"top\"><a class=\"\" title=\"\" href=\"https:\/\/maseventos.us4.list-manage.com\/track\/click?u=75146c3981d47a073d3cdb858&amp;id=5165039c7a&amp;e=f18304d135\" target=\"_blank\" rel=\"noopener noreferrer\" data-auth=\"NotApplicable\" data-linkindex=\"11\"><img decoding=\"async\" class=\"x_mcnImage\" src=\"https:\/\/mcusercontent.com\/75146c3981d47a073d3cdb858\/images\/ff86c000-1aac-c316-a34c-001dccbee4c2.jpg\" alt=\"\" width=\"564\" data-imagetype=\"External\" \/><\/a><\/td>\n<\/tr>\n<\/tbody>\n<\/table>\n<\/td>\n<\/tr>\n<tr>\n<td class=\"x_mcnImageGroupBlockInner\" valign=\"top\">\n<table class=\"x_mcnImageGroupContentContainer\" border=\"0\" width=\"273\" cellspacing=\"0\" cellpadding=\"0\" align=\"left\">\n<tbody>\n<tr>\n<td class=\"x_mcnImageGroupContent\" valign=\"top\"><a class=\"\" title=\"\" href=\"https:\/\/maseventos.us4.list-manage.com\/track\/click?u=75146c3981d47a073d3cdb858&amp;id=beade9ccb7&amp;e=f18304d135\" target=\"_blank\" rel=\"noopener noreferrer\" data-auth=\"NotApplicable\" data-linkindex=\"12\"><img decoding=\"async\" class=\"x_mcnImage\" src=\"https:\/\/mcusercontent.com\/75146c3981d47a073d3cdb858\/images\/38622d1c-5f1e-7fbf-3578-3dfd22d9f607.jpg\" alt=\"\" width=\"264\" data-imagetype=\"External\" \/><\/a><\/td>\n<\/tr>\n<\/tbody>\n<\/table>\n<table class=\"x_mcnImageGroupContentContainer\" border=\"0\" width=\"273\" cellspacing=\"0\" cellpadding=\"0\" align=\"right\">\n<tbody>\n<tr>\n<td class=\"x_mcnImageGroupContent\" valign=\"top\"><a class=\"\" title=\"\" href=\"https:\/\/maseventos.us4.list-manage.com\/track\/click?u=75146c3981d47a073d3cdb858&amp;id=d006425135&amp;e=f18304d135\" target=\"_blank\" rel=\"noopener noreferrer\" data-auth=\"NotApplicable\" data-linkindex=\"13\"><img decoding=\"async\" class=\"x_mcnImage\" src=\"https:\/\/mcusercontent.com\/75146c3981d47a073d3cdb858\/images\/16d818e0-e25a-c3d9-fb5c-49c9afdc8cba.jpg\" alt=\"\" width=\"264\" data-imagetype=\"External\" \/><\/a><\/td>\n<\/tr>\n<\/tbody>\n<\/table>\n<\/td>\n<\/tr>\n<\/tbody>\n<\/table>\n<table class=\"x_mcnTextBlock\" border=\"0\" width=\"100%\" cellspacing=\"0\" cellpadding=\"0\">\n<tbody class=\"x_mcnTextBlockOuter\">\n<tr>\n<td class=\"x_mcnTextBlockInner\" valign=\"top\">\n<table class=\"x_mcnTextContentContainer\" border=\"0\" width=\"100%\" cellspacing=\"0\" cellpadding=\"0\" align=\"left\">\n<tbody>\n<tr>\n<td class=\"x_mcnTextContent\" valign=\"top\">Luciano y Kevin Benavides en el Six Days. Cr\u00e9dito de las fotos: FIM ISDE \/ Miguel Pinochet<\/td>\n<\/tr>\n<\/tbody>\n<\/table>\n<\/td>\n<\/tr>\n<\/tbody>\n<\/table>\n<table class=\"x_mcnTextBlock\" border=\"0\" width=\"100%\" cellspacing=\"0\" cellpadding=\"0\">\n<tbody class=\"x_mcnTextBlockOuter\">\n<tr>\n<td class=\"x_mcnTextBlockInner\" valign=\"top\">\n<table class=\"x_mcnTextContentContainer\" border=\"0\" width=\"100%\" cellspacing=\"0\" cellpadding=\"0\" align=\"left\">\n<tbody>\n<tr>\n<td class=\"x_mcnTextContent\" valign=\"top\"><strong>D\u00eda 6: Un s\u00e1bado a pura acci\u00f3n<\/strong><br aria-hidden=\"true\" \/>La 97\u00b0 edici\u00f3n del Six Days tendr\u00e1 su \u00faltimo d\u00eda de competencia en San Juan. El D\u00eda 6 tendr\u00e1 el MX Final que se disputar\u00e1 \u00edntegramente en el Circuito Internacional ASER de Enduro y Motocross en donde los pilotos, divididos por clases, disputar\u00e1n la prueba final de motocross.<br aria-hidden=\"true\" \/>La acci\u00f3n comenzar\u00e1 a las 9:30hs con las mangas de los Club Team Awards que se extender\u00e1n durante toda la ma\u00f1ana. Luego, a las 13hs comenzar\u00e1n las carreras definitorias de las WWT, JWT y WD que determinar\u00e1n a los ganadores de esta hist\u00f3rica carrera en Argentina.<\/td>\n<\/tr>\n<\/tbody>\n<\/table>\n<\/td>\n<\/tr>\n<\/tbody>\n<\/table>\n<table class=\"x_mcnImageBlock\" border=\"0\" width=\"100%\" cellspacing=\"0\" cellpadding=\"0\">\n<tbody class=\"x_mcnImageBlockOuter\">\n<tr>\n<td class=\"x_mcnImageBlockInner\" valign=\"top\">\n<table class=\"x_mcnImageContentContainer\" border=\"0\" width=\"100%\" cellspacing=\"0\" cellpadding=\"0\" align=\"left\">\n<tbody>\n<tr>\n<td class=\"x_mcnImageContent\" valign=\"top\"><a class=\"\" title=\"\" href=\"https:\/\/maseventos.us4.list-manage.com\/track\/click?u=75146c3981d47a073d3cdb858&amp;id=5107742367&amp;e=f18304d135\" target=\"_blank\" rel=\"noopener noreferrer\" data-auth=\"NotApplicable\" data-linkindex=\"14\"><img decoding=\"async\" class=\"x_mcnImage\" src=\"https:\/\/mcusercontent.com\/75146c3981d47a073d3cdb858\/images\/4b8bd441-2dfb-8699-6e6c-cffa9cd7046f.jpeg\" alt=\"\" width=\"564\" align=\"center\" data-imagetype=\"External\" \/><\/a><\/td>\n<\/tr>\n<\/tbody>\n<\/table>\n<\/td>\n<\/tr>\n<\/tbody>\n<\/table>\n","protected":false},"excerpt":{"rendered":"<p>La 97\u00b0 edici\u00f3n del FIM International Six Days of Enduro no da respiro ning\u00fan d\u00eda&#8230;.<\/p>\n","protected":false},"author":2,"featured_media":0,"comment_status":"open","ping_status":"open","sticky":false,"template":"","format":"standard","meta":{"om_disable_all_campaigns":false,"_monsterinsights_skip_tracking":false,"_monsterinsights_sitenote_active":false,"_monsterinsights_sitenote_note":"","_monsterinsights_sitenote_category":0,"_uf_show_specific_survey":0,"_uf_disable_surveys":false,"footnotes":""},"categories":[37,39],"tags":[],"class_list":["post-66820","post","type-post","status-publish","format-standard","hentry","category-crossprensa","category-isde"],"aioseo_notices":[],"_links":{"self":[{"href":"https:\/\/www.crossprensa.com.ar\/news\/wp-json\/wp\/v2\/posts\/66820","targetHints":{"allow":["GET"]}}],"collection":[{"href":"https:\/\/www.crossprensa.com.ar\/news\/wp-json\/wp\/v2\/posts"}],"about":[{"href":"https:\/\/www.crossprensa.com.ar\/news\/wp-json\/wp\/v2\/types\/post"}],"author":[{"embeddable":true,"href":"https:\/\/www.crossprensa.com.ar\/news\/wp-json\/wp\/v2\/users\/2"}],"replies":[{"embeddable":true,"href":"https:\/\/www.crossprensa.com.ar\/news\/wp-json\/wp\/v2\/comments?post=66820"}],"version-history":[{"count":1,"href":"https:\/\/www.crossprensa.com.ar\/news\/wp-json\/wp\/v2\/posts\/66820\/revisions"}],"predecessor-version":[{"id":66822,"href":"https:\/\/www.crossprensa.com.ar\/news\/wp-json\/wp\/v2\/posts\/66820\/revisions\/66822"}],"wp:attachment":[{"href":"https:\/\/www.crossprensa.com.ar\/news\/wp-json\/wp\/v2\/media?parent=66820"}],"wp:term":[{"taxonomy":"category","embeddable":true,"href":"https:\/\/www.crossprensa.com.ar\/news\/wp-json\/wp\/v2\/categories?post=66820"},{"taxonomy":"post_tag","embeddable":true,"href":"https:\/\/www.crossprensa.com.ar\/news\/wp-json\/wp\/v2\/tags?post=66820"}],"curies":[{"name":"wp","href":"https:\/\/api.w.org\/{rel}","templated":true}]}}