{"id":66806,"date":"2023-11-09T19:55:35","date_gmt":"2023-11-09T22:55:35","guid":{"rendered":"https:\/\/www.crossprensa.com.ar\/news\/?p=66806"},"modified":"2023-11-09T20:16:27","modified_gmt":"2023-11-09T23:16:27","slug":"66806","status":"publish","type":"post","link":"https:\/\/www.crossprensa.com.ar\/news\/66806\/crossprensa\/","title":{"rendered":"ARDEN LOS SIXS DAYS! ARGENTINA AL PODIO!!!"},"content":{"rendered":"<table class=\"x_mcnTextBlock\" border=\"0\" width=\"100%\" cellspacing=\"0\" cellpadding=\"0\">\n<tbody class=\"x_mcnTextBlockOuter\">\n<tr>\n<td class=\"x_mcnTextBlockInner\" valign=\"top\">\n<table class=\"x_mcnTextContentContainer\" border=\"0\" width=\"100%\" cellspacing=\"0\" cellpadding=\"0\" align=\"left\">\n<tbody>\n<tr>\n<td class=\"x_mcnTextContent\" valign=\"top\">Estados Unidos se mantiene firme adelante, pero la lucha por el podio se pone al rojo vivo en el World Trophy. Francia le quit\u00f3 el segundo lugar a Gran Breta\u00f1a e Italia se acerca al \u00faltimo escal\u00f3n del podio. En el Junior World Trophy, Suecia no afloja, mientras que entre las mujeres, el Team FIM Latinoam\u00e9rica ya es segundo, detr\u00e1s de Estados Unidos. Tremenda actuaci\u00f3n del equipo \u201cArgentina\u201d en el Club Team Awards, donde ya ocupan el tercer puesto. Ma\u00f1ana los Benavides llegan de visita al Six Days en San Juan.<\/p>\n<p><br aria-hidden=\"true\" \/><br aria-hidden=\"true\" \/>La segunda mitad del FIM International Six Days of Enduro comenz\u00f3 con todo. La cuarta jornada de competencia termin\u00f3 con muchas novedades y principalmente dej\u00f3 un escenario muy cerrado de cara a los \u00faltimos dos d\u00edas que le restan al evento.<br aria-hidden=\"true\" \/><br aria-hidden=\"true\" \/>Los pilotos repitieron los mismos 220 kil\u00f3metros del \u201cRed Loop\u201d que hab\u00edan transitado ayer, por lo que se encontraron con caminos que estaban mucho m\u00e1s rotos que ayer y con sectores muy complicados en los que los pilotos tuvieron que poner en pr\u00e1ctica todas sus habilidades y cuidar mucho a sus motos.<\/td>\n<\/tr>\n<\/tbody>\n<\/table>\n<\/td>\n<\/tr>\n<\/tbody>\n<\/table>\n<p><!--more--><\/p>\n<table class=\"x_mcnImageBlock\" border=\"0\" width=\"100%\" cellspacing=\"0\" cellpadding=\"0\">\n<tbody class=\"x_mcnImageBlockOuter\">\n<tr>\n<td class=\"x_mcnImageBlockInner\" valign=\"top\">\n<table class=\"x_mcnImageContentContainer\" border=\"0\" width=\"100%\" cellspacing=\"0\" cellpadding=\"0\" align=\"left\">\n<tbody>\n<tr>\n<td class=\"x_mcnImageContent\" valign=\"top\"><a class=\"\" title=\"\" href=\"https:\/\/maseventos.us4.list-manage.com\/track\/click?u=75146c3981d47a073d3cdb858&amp;id=bc46d646d4&amp;e=f18304d135\" target=\"_blank\" rel=\"noopener noreferrer\" data-auth=\"NotApplicable\" data-linkindex=\"9\"><img decoding=\"async\" class=\"x_mcnImage\" src=\"https:\/\/mcusercontent.com\/75146c3981d47a073d3cdb858\/images\/681a8813-a5af-b839-0f07-71ee080bb477.jpg\" alt=\"\" width=\"564\" align=\"center\" data-imagetype=\"External\" \/><\/a><\/td>\n<\/tr>\n<\/tbody>\n<\/table>\n<\/td>\n<\/tr>\n<\/tbody>\n<\/table>\n<table class=\"x_mcnTextBlock\" border=\"0\" width=\"100%\" cellspacing=\"0\" cellpadding=\"0\">\n<tbody class=\"x_mcnTextBlockOuter\">\n<tr>\n<td class=\"x_mcnTextBlockInner\" valign=\"top\">\n<table class=\"x_mcnTextContentContainer\" border=\"0\" width=\"100%\" cellspacing=\"0\" cellpadding=\"0\" align=\"left\">\n<tbody>\n<tr>\n<td class=\"x_mcnTextContent\" valign=\"top\">Italia en un gran d\u00eda en el Six Days . Cr\u00e9dito de la foto: FIM ISDE<\/td>\n<\/tr>\n<\/tbody>\n<\/table>\n<\/td>\n<\/tr>\n<\/tbody>\n<\/table>\n<table class=\"x_mcnTextBlock\" border=\"0\" width=\"100%\" cellspacing=\"0\" cellpadding=\"0\">\n<tbody class=\"x_mcnTextBlockOuter\">\n<tr>\n<td class=\"x_mcnTextBlockInner\" valign=\"top\">\n<table class=\"x_mcnTextContentContainer\" border=\"0\" width=\"100%\" cellspacing=\"0\" cellpadding=\"0\" align=\"left\">\n<tbody>\n<tr>\n<td class=\"x_mcnTextContent\" valign=\"top\"><strong>World Trophy: Italia, el nuevo escolta de Estados Unidos<\/strong><br aria-hidden=\"true\" \/>El equipo norteamericano logr\u00f3 una tremenda remontada y en el \u00faltimo especial del d\u00eda consigui\u00f3 arrebatarle el primer lugar del d\u00eda a un equipo Italiano que hab\u00eda sido el gran dominador de la jornada hasta ese momento.<br aria-hidden=\"true\" \/><br aria-hidden=\"true\" \/>De esta manera, y por cuarto d\u00eda consecutivo, el equipo de Estados Unidos se qued\u00f3 con el mejor tiempo para estirar su ventaja al frente del acumulado. A pesar de no haber finalizado adelante, los italianos continuaron recuperando terreno: Superaron a Espa\u00f1a, se colocaron cuartos y quedaron apenas a 25 segundos del \u00faltimo escal\u00f3n del podio.<br aria-hidden=\"true\" \/><br aria-hidden=\"true\" \/>\u201cHoy el equipo de Italia presion\u00f3 y ahora estamos en el cuarto puesto. Estoy muy contento. Mis sensaciones son mejores, aunque me he ca\u00eddo tres o cuatro veces, pero\u00a0estoy\u00a0bien\u201d, coment\u00f3 Samuele Bernardini.<br aria-hidden=\"true\" \/><br aria-hidden=\"true\" \/>El nuevo segundo en el acumulado es Francia que en el pen\u00faltimo especial del d\u00eda logr\u00f3 completar el ataque que les permiti\u00f3 superar a Gran Breta\u00f1a. Los campeones defensores ahora tienen que preocuparse de no perder su lugar en el podio, en manos de los italianos.<br aria-hidden=\"true\" \/><br aria-hidden=\"true\" \/>En la clasificaci\u00f3n individual, Josep Garcia logr\u00f3 tomar una leve ventaja respecto a su escolta Andrea Verona; la diferencia entre ambos es de 32 segundos a favor del espa\u00f1ol. Argentina, en tanto, contin\u00faa s\u00e9ptima en una gran labor del equipo capitaneado por Nicol\u00e1s Kutulas.<\/td>\n<\/tr>\n<\/tbody>\n<\/table>\n<\/td>\n<\/tr>\n<\/tbody>\n<\/table>\n<table class=\"x_mcnImageBlock\" border=\"0\" width=\"100%\" cellspacing=\"0\" cellpadding=\"0\">\n<tbody class=\"x_mcnImageBlockOuter\">\n<tr>\n<td class=\"x_mcnImageBlockInner\" valign=\"top\">\n<table class=\"x_mcnImageContentContainer\" border=\"0\" width=\"100%\" cellspacing=\"0\" cellpadding=\"0\" align=\"left\">\n<tbody>\n<tr>\n<td class=\"x_mcnImageContent\" valign=\"top\"><a class=\"\" title=\"\" href=\"https:\/\/maseventos.us4.list-manage.com\/track\/click?u=75146c3981d47a073d3cdb858&amp;id=e2ec0e2a43&amp;e=f18304d135\" target=\"_blank\" rel=\"noopener noreferrer\" data-auth=\"NotApplicable\" data-linkindex=\"10\"><img decoding=\"async\" class=\"x_mcnImage\" src=\"https:\/\/mcusercontent.com\/75146c3981d47a073d3cdb858\/images\/246ec31a-657a-c6bc-6d87-4bd744673dc8.jpg\" alt=\"\" width=\"564\" align=\"center\" data-imagetype=\"External\" \/><\/a><\/td>\n<\/tr>\n<\/tbody>\n<\/table>\n<\/td>\n<\/tr>\n<\/tbody>\n<\/table>\n<table class=\"x_mcnTextBlock\" border=\"0\" width=\"100%\" cellspacing=\"0\" cellpadding=\"0\">\n<tbody class=\"x_mcnTextBlockOuter\">\n<tr>\n<td class=\"x_mcnTextBlockInner\" valign=\"top\">\n<table class=\"x_mcnTextContentContainer\" border=\"0\" width=\"100%\" cellspacing=\"0\" cellpadding=\"0\" align=\"left\">\n<tbody>\n<tr>\n<td class=\"x_mcnTextContent\" valign=\"top\"><span style=\"color: #000000;\">La Red Loop arroj\u00f3 unas vistas hermosas. Cr\u00e9dito de la foto: FIM ISDE\u00a0<\/span><\/td>\n<\/tr>\n<\/tbody>\n<\/table>\n<\/td>\n<\/tr>\n<\/tbody>\n<\/table>\n<table class=\"x_mcnTextBlock\" border=\"0\" width=\"100%\" cellspacing=\"0\" cellpadding=\"0\">\n<tbody class=\"x_mcnTextBlockOuter\">\n<tr>\n<td class=\"x_mcnTextBlockInner\" valign=\"top\">\n<table class=\"x_mcnTextContentContainer\" border=\"0\" width=\"100%\" cellspacing=\"0\" cellpadding=\"0\" align=\"left\">\n<tbody>\n<tr>\n<td class=\"x_mcnTextContent\" valign=\"top\"><strong>Junior Trophy: Suecia mantiene el ritmo<\/strong><br aria-hidden=\"true\" \/>Nada parece alterar el ritmo contundente que muestra Suecia entre los menores de 23 a\u00f1os. Los escandinavos volvieron a poner a sus tres hombres adelante en la clasificaci\u00f3n individual y ya son 16 los minutos de ventaja que acumulan sobre su m\u00e1s inmediato perseguidor, Francia.<br aria-hidden=\"true\" \/><br aria-hidden=\"true\" \/>\u201cEl d\u00eda de hoy ha sido realmente bueno. El equipo est\u00e1 haciendo un trabajo incre\u00edble, terminando 1, 2 y 3 en Junior otra vez. Pude volver a la primera posici\u00f3n de nuevo despu\u00e9s de ser segundo ayer. Hoy ha sido un d\u00eda un poco rocoso y con muchos saltos, pero estamos en la cuarta jornada y listos para un nuevo\u00a0d\u00eda\u00a0ma\u00f1ana\u201d, se\u00f1al\u00f3 Albin Norbbin, integrante del equipo sueco.<br aria-hidden=\"true\" \/><br aria-hidden=\"true\" \/>Francia tambi\u00e9n se mantiene en ritmo y est\u00e1 segunda con una c\u00f3moda ventaja sobre Estados Unidos.<br aria-hidden=\"true\" \/><br aria-hidden=\"true\" \/>Cuarta aparece la selecci\u00f3n Argentina que contin\u00faa realizando una tremenda actuaci\u00f3n y est\u00e1 al acecho de una posici\u00f3n en el podio.<\/p>\n<p><strong>Women\u00b4s Trophy: Estados Unidos y el Team Latinoamericano batallan para mantener el equipo completo<\/strong><br aria-hidden=\"true\" \/>Estados Unidos es el l\u00edder absoluto en el acumulado de motos pero a pesar de la c\u00f3moda ventaja que le lleva al equipo Latinoamericano parece que nada est\u00e1 dicho todav\u00eda en esta categor\u00eda cuando restan a\u00fan dos d\u00edas de carrera.<br aria-hidden=\"true\" \/><br aria-hidden=\"true\" \/>Es que una de las integrantes del equipo norteamericano, Rachel Gutish, contin\u00faa en carrera a pesar de los dolores producto de una ca\u00edda sufrida en el tercer d\u00eda pero hace lo posible para no dejar a su equipo con una integrante menos y comprometer el que, hasta ahora, es un contundente triunfo.<br aria-hidden=\"true\" \/><br aria-hidden=\"true\" \/>M\u00e1s atr\u00e1s aparece el equipo FIM Latinoam\u00e9rica que tambi\u00e9n sufri\u00f3 con problemas mec\u00e1nicos en la moto de Tania Gonz\u00e1lez en la \u00faltima asistencia del d\u00eda, pero finalmente pudieron dejar la m\u00e1quina en el Parque Cerrado.<br aria-hidden=\"true\" \/><br aria-hidden=\"true\" \/>\u201cEstoy muy feliz con todo lo que est\u00e1 sucediendo. Es mi primera vez en los Six Days y solo pensaba en completar la prueba, pero ahora estamos en segundo lugar. Estoy muy feliz con el cari\u00f1o del p\u00fablico y de todo el mundo, viendo gente en los especiales con las banderas\u00a0alent\u00e1ndonos\u201d dijo la brasile\u00f1a B\u00e1rbara Neves que junto a sus dos compa\u00f1eras chilenas luchan por cerrar una semana hist\u00f3rica para el motociclismo del continente.<br aria-hidden=\"true\" \/><br aria-hidden=\"true\" \/>Terceras, ya con solo dos integrantes luego del abandono por ca\u00edda de Tayla Jones, se ubica Australia, que ya ve cada vez m\u00e1s alejada la posibilidad de repetir el triunfo conseguido en el ISDE Argentina 2014.<br aria-hidden=\"true\" \/><br aria-hidden=\"true\" \/>La selecci\u00f3n argentina, en tanto, contin\u00faa realizando un gran trabajo manteniendo el cuarto lugar.<br aria-hidden=\"true\" \/><br aria-hidden=\"true\" \/><strong>Club Team Awards: Argentina se mete en el podio<\/strong><br aria-hidden=\"true\" \/>Adem\u00e1s de los premios a los equipos nacionales, el NOCO FIM ISDE Argentina 2023 tambi\u00e9n pone en juego el Trofeo de Clubes, reservado para equipos de tres \u201criders\u201d de la misma nacionalidad (o distintas nacionalidades pero de la misma uni\u00f3n continental).<br aria-hidden=\"true\" \/><br aria-hidden=\"true\" \/><span style=\"color: #0000ff;\"><strong>Luego de cuatro d\u00edas de carrera, el 1-2 le pertenece a los clubes norteamericanos XC Gear y GTBN, pero gracias a una solidez sorprendente en cada jornada, el Club Argentina (integrado por Nicol\u00e1s Giustozzi, Fernando Hierrezuelo y Carlos Bellone) ya se ubica tercero, igualando hasta el momento la mejor clasificaci\u00f3n para un Club argentino en el ISDE.<\/strong><\/span><br aria-hidden=\"true\" \/><br aria-hidden=\"true\" \/><span style=\"color: #0000ff;\"><strong>\u201cTerminamos el cuarto d\u00eda! Estoy muy cansado, pero queda poco y hay que aguantarnos. Ma\u00f1ana iremos tranquilos. Hay que cuidar el cuerpo y las motos, que ya est\u00e1n gastadas producto de la intensidad de la carrera. Los especiales de ma\u00f1ana me gustan, esperamos que no se rompan tanto\u201d, manifest\u00f3 Giustozzi que en 2014 fue integrante de la Selecci\u00f3n Argentina de World Trophy que conquist\u00f3 el 5\u00b0 puesto.<\/strong><\/span><\/td>\n<\/tr>\n<\/tbody>\n<\/table>\n<\/td>\n<\/tr>\n<\/tbody>\n<\/table>\n<table class=\"x_mcnImageBlock\" border=\"0\" width=\"100%\" cellspacing=\"0\" cellpadding=\"0\">\n<tbody class=\"x_mcnImageBlockOuter\">\n<tr>\n<td class=\"x_mcnImageBlockInner\" valign=\"top\"><\/td>\n<\/tr>\n<\/tbody>\n<\/table>\n<table class=\"x_mcnTextBlock\" border=\"0\" width=\"100%\" cellspacing=\"0\" cellpadding=\"0\">\n<tbody class=\"x_mcnTextBlockOuter\">\n<tr>\n<td class=\"x_mcnTextBlockInner\" valign=\"top\">\n<table class=\"x_mcnTextContentContainer\" border=\"0\" width=\"100%\" cellspacing=\"0\" cellpadding=\"0\" align=\"left\">\n<tbody>\n<tr>\n<td class=\"x_mcnTextContent\" valign=\"top\">Cristobal Sola (JWT) corriendo con el aliento del p\u00fablico argentino. Cr\u00e9dito de la foto:\u00a0Fred Ccy Reporter Photos<\/td>\n<\/tr>\n<\/tbody>\n<\/table>\n<\/td>\n<\/tr>\n<\/tbody>\n<\/table>\n<table class=\"x_mcnTextBlock\" border=\"0\" width=\"100%\" cellspacing=\"0\" cellpadding=\"0\">\n<tbody class=\"x_mcnTextBlockOuter\">\n<tr>\n<td class=\"x_mcnTextBlockInner\" valign=\"top\">\n<table class=\"x_mcnTextContentContainer\" border=\"0\" width=\"100%\" cellspacing=\"0\" cellpadding=\"0\" align=\"left\">\n<tbody>\n<tr>\n<td class=\"x_mcnTextContent\" valign=\"top\"><strong>D\u00eda 5: Es el turno del Yellow Loop<\/strong><br aria-hidden=\"true\" \/>Ma\u00f1ana, los equipos competir\u00e1n sobre un nuevo circuito. Este quinto d\u00eda de acci\u00f3n tendr\u00e1 un test de cross (Motul Villicum 2) y dos especiales de enduro (Airoh Pinar y NOCO ASER Enduro) para completar dos vuelta de un total de 234km, para convertir al Yellow Loop en el circuito m\u00e1s largo de toda esta edici\u00f3n del Six Days en San Juan.<br aria-hidden=\"true\" \/>Este d\u00eda tendr\u00e1 tambi\u00e9n una particularidad: El test Airoh Pinar seguramente dejar\u00e1 contentos a los nost\u00e1lgicos ya que llevar\u00e1 a los pilotos (y a los fan\u00e1ticos) a tierras que supieron ser parte del Mundial de Enduro en 2012 y 2013. Por su parte, el \u00faltimo especial del d\u00eda, NOCO ASER Enduro, tambi\u00e9n tendr\u00e1 un condimento extra: Contar\u00e1 con la presencia especial de los hermanos Benavides.<\/td>\n<\/tr>\n<\/tbody>\n<\/table>\n<\/td>\n<\/tr>\n<\/tbody>\n<\/table>\n<table class=\"x_mcnImageBlock\" border=\"0\" width=\"100%\" cellspacing=\"0\" cellpadding=\"0\">\n<tbody class=\"x_mcnImageBlockOuter\">\n<tr>\n<td class=\"x_mcnImageBlockInner\" valign=\"top\">\n<table class=\"x_mcnImageContentContainer\" border=\"0\" width=\"100%\" cellspacing=\"0\" cellpadding=\"0\" align=\"left\">\n<tbody>\n<tr>\n<td class=\"x_mcnImageContent\" valign=\"top\"><a class=\"\" title=\"\" href=\"https:\/\/maseventos.us4.list-manage.com\/track\/click?u=75146c3981d47a073d3cdb858&amp;id=da1731cf3e&amp;e=f18304d135\" target=\"_blank\" rel=\"noopener noreferrer\" data-auth=\"NotApplicable\" data-linkindex=\"12\"><img decoding=\"async\" class=\"x_mcnImage\" src=\"https:\/\/mcusercontent.com\/75146c3981d47a073d3cdb858\/images\/4a720cad-e667-6606-746b-ebff9ba9af67.jpg\" alt=\"\" width=\"564\" align=\"center\" data-imagetype=\"External\" \/><\/a><\/td>\n<\/tr>\n<\/tbody>\n<\/table>\n<\/td>\n<\/tr>\n<\/tbody>\n<\/table>\n<table class=\"x_mcnTextBlock\" border=\"0\" width=\"100%\" cellspacing=\"0\" cellpadding=\"0\">\n<tbody class=\"x_mcnTextBlockOuter\">\n<tr>\n<td class=\"x_mcnTextBlockInner\" valign=\"top\">\n<table class=\"x_mcnTextContentContainer\" border=\"0\" width=\"100%\" cellspacing=\"0\" cellpadding=\"0\" align=\"left\">\n<tbody>\n<tr>\n<td class=\"x_mcnTextContent\" valign=\"top\"><strong>Luciano y Kevin Benavides llegan al Six Days<\/strong><br aria-hidden=\"true\" \/>El campe\u00f3n reinante del W2RC, Luciano Benavides, y el dos veces ganador del Dakar, Kevin Benavides,\u00a0llegar\u00e1n a San Juan para ser parte de esta edici\u00f3n del ISDE Argentina 2023.<br aria-hidden=\"true\" \/>Los pilotos que fueron parte de la delegaci\u00f3n argentina en 2014, ahora volver\u00e1n a subirse a las motos para vivir desde adentro el Six Days.<br aria-hidden=\"true\" \/>Ambos pilotos dar\u00e1n una vuelta simb\u00f3lica al \u00faltimo especial del d\u00eda NOCO ASER Enduro\u00a0alrededor de las 12:30hs.\u00a0Posteriormente, los Benavides estar\u00e1n en el Paddock (ubicado en el Circuito San Juan Villicum) firmando aut\u00f3grafos en box de KTM a partir de las 17:30hs.<br aria-hidden=\"true\" \/>Pero eso no ser\u00e1 todo. El s\u00e1bado habr\u00e1 m\u00e1s acciones con los campeones involucrados ya que tambi\u00e9n dar\u00e1n una vuelta en el MX Final.<\/td>\n<\/tr>\n<\/tbody>\n<\/table>\n<\/td>\n<\/tr>\n<\/tbody>\n<\/table>\n","protected":false},"excerpt":{"rendered":"<p>Estados Unidos se mantiene firme adelante, pero la lucha por el podio se pone al&#8230;<\/p>\n","protected":false},"author":2,"featured_media":66807,"comment_status":"open","ping_status":"open","sticky":false,"template":"","format":"standard","meta":{"om_disable_all_campaigns":false,"_monsterinsights_skip_tracking":false,"_uf_show_specific_survey":0,"_uf_disable_surveys":false,"footnotes":""},"categories":[37],"tags":[],"class_list":["post-66806","post","type-post","status-publish","format-standard","has-post-thumbnail","hentry","category-crossprensa"],"aioseo_notices":[],"_links":{"self":[{"href":"https:\/\/www.crossprensa.com.ar\/news\/wp-json\/wp\/v2\/posts\/66806","targetHints":{"allow":["GET"]}}],"collection":[{"href":"https:\/\/www.crossprensa.com.ar\/news\/wp-json\/wp\/v2\/posts"}],"about":[{"href":"https:\/\/www.crossprensa.com.ar\/news\/wp-json\/wp\/v2\/types\/post"}],"author":[{"embeddable":true,"href":"https:\/\/www.crossprensa.com.ar\/news\/wp-json\/wp\/v2\/users\/2"}],"replies":[{"embeddable":true,"href":"https:\/\/www.crossprensa.com.ar\/news\/wp-json\/wp\/v2\/comments?post=66806"}],"version-history":[{"count":3,"href":"https:\/\/www.crossprensa.com.ar\/news\/wp-json\/wp\/v2\/posts\/66806\/revisions"}],"predecessor-version":[{"id":66810,"href":"https:\/\/www.crossprensa.com.ar\/news\/wp-json\/wp\/v2\/posts\/66806\/revisions\/66810"}],"wp:featuredmedia":[{"embeddable":true,"href":"https:\/\/www.crossprensa.com.ar\/news\/wp-json\/wp\/v2\/media\/66807"}],"wp:attachment":[{"href":"https:\/\/www.crossprensa.com.ar\/news\/wp-json\/wp\/v2\/media?parent=66806"}],"wp:term":[{"taxonomy":"category","embeddable":true,"href":"https:\/\/www.crossprensa.com.ar\/news\/wp-json\/wp\/v2\/categories?post=66806"},{"taxonomy":"post_tag","embeddable":true,"href":"https:\/\/www.crossprensa.com.ar\/news\/wp-json\/wp\/v2\/tags?post=66806"}],"curies":[{"name":"wp","href":"https:\/\/api.w.org\/{rel}","templated":true}]}}