{"id":66488,"date":"2023-11-30T20:09:26","date_gmt":"2023-11-30T23:09:26","guid":{"rendered":"https:\/\/www.crossprensa.com.ar\/news\/?p=66488"},"modified":"2023-11-30T20:41:22","modified_gmt":"2023-11-30T23:41:22","slug":"mx-argentino-los-campeonatos-14","status":"publish","type":"post","link":"https:\/\/www.crossprensa.com.ar\/news\/mx-argentino-los-campeonatos-14\/mx-argentino\/","title":{"rendered":"MX ARGENTINO: Los campeonatos!!!"},"content":{"rendered":"<p>Algunas categor\u00edas definidas, otras por definirse, y la incre\u00edble WMX A, que tiene nada menos que 6 CANDIDATAS a quedarse con la corona de REINA del Motocross Argentino y como principal protagonista la piloto sure\u00f1a Jazm\u00edn Rutherford que no puede descuidarse, porque le quieren arrebatar el t\u00edtulo. En Neuqu\u00e9n, se va a definir todo y terminar el a\u00f1o, y as\u00ed quedan las posiciones. Luego actualizaremos Minicross que tambi\u00e9n estar\u00e1 presente los d\u00edas 2 y 3 de Diciembre de 2023 en La Barda!!!<\/p>\n<p><!--more--><\/p>\n<p>FOTOS: <strong><a href=\"https:\/\/www.instagram.com\/phfg58\/\">@PHFG58 \/ Ferm\u00edn Guti\u00e9rrez-Crossprensa<\/a><\/strong><\/p>\n<p><strong><span style=\"color: #ff0000;\">EN ROJO<\/span><\/strong> los campeonatos definidos.<\/p>\n<p><strong><span style=\"color: #0000ff;\"> EN AZUL<\/span><\/strong> los campeonatos por definirse.<\/p>\n<p><img fetchpriority=\"high\" decoding=\"async\" class=\"alignnone size-full wp-image-67029\" src=\"http:\/\/www.crossprensa.com.ar\/news\/wp-content\/uploads\/2023\/11\/Power-of-YET-Growth-Mindset-Superhero-Poster-1200-x-100-px-3.gif\" alt=\"\" width=\"1200\" height=\"100\" \/><\/p>\n<p>&nbsp;<\/p>\n<p><img decoding=\"async\" class=\"alignnone size-full wp-image-65362\" src=\"http:\/\/www.crossprensa.com.ar\/news\/wp-content\/uploads\/2023\/08\/85b-1.jpg\" alt=\"\" width=\"1283\" height=\"110\" \/><\/p>\n<p><span style=\"color: #0000ff;\"><strong>1 177 Francisco Villagra 248<\/strong><\/span><br \/>\n<span style=\"color: #0000ff;\"><strong>2 114 Mijael Urfalian 213<\/strong><\/span><br \/>\n3 8 Gunji Nakatsuka 197<br \/>\n4 241 Mateo Cornejo 132<br \/>\n5 199 Exequiel Jaime 56<br \/>\n6 119 Facundo Perea 52<br \/>\n7 142 Tomas Martin 45<br \/>\n8 352 Felipe Avila 39<br \/>\n9 151 Salvador Romero 35<br \/>\n10 38 Agustin Sequeira 34<br \/>\n11 72 Salvador Ferreyra 32<br \/>\n12 312 Simon Accinelli 30<br \/>\n13 218 Bautista Lazzaretti 26<br \/>\n14 180 Felipe Cruz 23<br \/>\n15 61 Benjamin Sotana 23<br \/>\n16 276 Benjamin Juarez 22<br \/>\n17 104 Facundo Bazan 21<br \/>\n18 253 Thiago Nicolas Calizalla 20<br \/>\n19 9 Francisco Rodriguez Priebe 18<br \/>\n20 28 Tobias Bua 18<br \/>\n21 127 Jeronimo Naon 17<br \/>\n22 227 Benjamin Alba 14<br \/>\n23 147 Valentino Gomez 0<\/p>\n<p><img decoding=\"async\" class=\"alignnone size-full wp-image-66583\" src=\"http:\/\/www.crossprensa.com.ar\/news\/wp-content\/uploads\/2023\/10\/Banner-Web_Familia-KX_1200x100-1.gif\" alt=\"\" width=\"1200\" height=\"100\" \/><\/p>\n<p><img loading=\"lazy\" decoding=\"async\" class=\"alignnone size-full wp-image-65361\" src=\"http:\/\/www.crossprensa.com.ar\/news\/wp-content\/uploads\/2023\/08\/85a-1.jpg\" alt=\"\" width=\"1283\" height=\"110\" \/><\/p>\n<p><span style=\"color: #ff0000;\"><strong>1 128 Francesco Copetti 277<\/strong><\/span><br \/>\n2 999 Israel Bamba 209<br \/>\n3 25 Leon Gomez Courtade 180<br \/>\n4 90 Lazaro Rodriguez Priebe 141<br \/>\n5 513 Joaquin Curbelo Cabrera 133<br \/>\n6 86 Taro Rafael Nakatsuka 131<br \/>\n7 77 Emiliano Carabajal 121<br \/>\n8 16 Ulises Corredera 103<br \/>\n9 65 Enrique Pfister Sosa 102<br \/>\n10 27 Saul Kotler 63<br \/>\n11 44 Juan Boris 59<br \/>\n12 156 Matias VillaVeiran 59<br \/>\n13 63 Francisco Birocco 38<br \/>\n14 122 Maximo Tomini Broggi 29<br \/>\n15 22 Ignacio Villagra 21<br \/>\n16 31 Conrado Walzynski 20<br \/>\n17 131 Sebastian Figueroa 15<br \/>\n18 84 Valentino Mosca 14<br \/>\n19 100 Felipe Diaz 14<br \/>\n20 10 Marcelo Arroyo 11<br \/>\n21 23 Bautista Galdeano 10<br \/>\n22 95 Pedro Gabriel Soria 10<br \/>\n23 777 Maximo Merlo 9<br \/>\n24 64 Joaquin Duarte 7<br \/>\n25 17 Valentino Alba 5<br \/>\n26 19 Yazird Ayala 5<br \/>\n27 221 Marco Gambaro 5<br \/>\n28 12 Santino Riba 4<br \/>\n29 74 Santino Calvari 3<br \/>\n30 142 Tomas Martin 3<br \/>\n31 99 Valentino Armas 3<br \/>\n32 222 Martin Boncho 2<br \/>\n33 710 Nahuel Senatore 1<br \/>\n34 111 Juan Martin Figueroa 0<br \/>\n35 238 Ramiro Maria 0<br \/>\n36 41 Diego Rojas 0<br \/>\n37 53 Bruno Regner Rosales 0<br \/>\n38 18 Bautista Fassana 0<br \/>\n39 191 Mateo Granton 0<br \/>\n40 277 Bruno Fusi 0<br \/>\n41 913 Matteo Silva 0<\/p>\n<p>PED\u00cd LAS MEJORES FOTOS PARA EL FIN DE SEMANA!!! Whatsapp: 3424343586<\/p>\n<p><a href=\"https:\/\/wa.link\/460e8y\"><img loading=\"lazy\" decoding=\"async\" class=\"alignnone wp-image-66586 size-full\" src=\"http:\/\/www.crossprensa.com.ar\/news\/wp-content\/uploads\/2023\/10\/WhatsApp-Image-2023-06-05-at-10.37.26.jpeg\" alt=\"\" width=\"1283\" height=\"109\" \/><\/a><\/p>\n<p><img loading=\"lazy\" decoding=\"async\" class=\"alignnone size-full wp-image-65364\" src=\"http:\/\/www.crossprensa.com.ar\/news\/wp-content\/uploads\/2023\/08\/wmxb-1.jpg\" alt=\"\" width=\"1283\" height=\"110\" \/><\/p>\n<p><strong><span style=\"color: #0000ff;\">1 14 Guadalupe Alonso 114<\/span><\/strong><br \/>\n<strong><span style=\"color: #0000ff;\">2 5 Guadalupe Luna 108<\/span><\/strong><br \/>\n3 82 Evangelina Iglesias 71<br \/>\n4 22 Antonela Scaglioni 69<br \/>\n5 7 Yoseline Altamirano 55<br \/>\n6 111 Maria Menichetti 55<br \/>\n7 51 Agostina Ilariucci 45<br \/>\n8 112 Micaela Gallardo 26<br \/>\n9 55 Daniela Fuentes 19<br \/>\n10 92 Natalia Gutierrez 18<br \/>\n11 117 Josefina Tello 16<br \/>\n12 101 Jorgelina Miguel 13<br \/>\n13 123 Iana Suarez 0<\/p>\n<p><img loading=\"lazy\" decoding=\"async\" class=\"alignnone size-full wp-image-66581\" src=\"http:\/\/www.crossprensa.com.ar\/news\/wp-content\/uploads\/2023\/10\/WhatsApp-Image-2023-22-072-at-18.00.38.jpeg\" alt=\"\" width=\"1283\" height=\"109\" \/><\/p>\n<p><img loading=\"lazy\" decoding=\"async\" class=\"alignnone size-full wp-image-65363\" src=\"http:\/\/www.crossprensa.com.ar\/news\/wp-content\/uploads\/2023\/08\/wmxa-1.jpg\" alt=\"\" width=\"1283\" height=\"110\" \/><\/p>\n<p><img loading=\"lazy\" decoding=\"async\" class=\"alignnone size-full wp-image-66568\" src=\"http:\/\/www.crossprensa.com.ar\/news\/wp-content\/uploads\/2023\/10\/Sin-titulo-7044-1.jpg\" alt=\"\" width=\"1594\" height=\"174\" \/><\/p>\n<p><span style=\"color: #0000ff;\"><strong>1 99 Jazmin Rutherford 93<\/strong><\/span><br \/>\n<span style=\"color: #0000ff;\"><strong>2 901 Macarena Luzardo 80<\/strong><\/span><br \/>\n<span style=\"color: #0000ff;\"><strong>3 9 Brenda Righi 77<\/strong><\/span><br \/>\n<span style=\"color: #0000ff;\"><strong>4 31 Candelaria Lima 61<\/strong><\/span><br \/>\n<span style=\"color: #0000ff;\"><strong>5 153 Maria Padilla 60<\/strong><\/span><br \/>\n<span style=\"color: #0000ff;\"><strong>6 91 Celina Miranda 57<\/strong><\/span><br \/>\n7 998 Valentina Galaz 40<br \/>\n8 29 Natalia Scaglioni 37<br \/>\n9 1 Angela Feola 32<br \/>\n10 107 Katerin Santana 24<br \/>\n11 45 Julieta Jerez 18<br \/>\n12 149 Micaela Ayelen Adriani 18<\/p>\n<p><img loading=\"lazy\" decoding=\"async\" class=\"alignnone size-full wp-image-66579\" src=\"http:\/\/www.crossprensa.com.ar\/news\/wp-content\/uploads\/2023\/10\/WhatsApp-Image-2023-22-072-at-18.00.34.jpeg\" alt=\"\" width=\"1283\" height=\"109\" \/><\/p>\n<p><img loading=\"lazy\" decoding=\"async\" class=\"alignnone size-full wp-image-65367\" src=\"http:\/\/www.crossprensa.com.ar\/news\/wp-content\/uploads\/2023\/08\/mx3c-1.jpg\" alt=\"\" width=\"1283\" height=\"110\" \/><\/p>\n<p><span style=\"color: #ff0000;\"><strong>1 510 Estanislao Salanueva 260<\/strong><\/span><br \/>\n2 113 Sebastian Urquia 190<br \/>\n3 6 Julio Quiroga 163<br \/>\n4 712 Juan Casti\u00f1eira 151<br \/>\n5 181 Martin Odetti 128<br \/>\n6 118 Marcelo Zecchin 101<br \/>\n7 987 Marcelo Mansilla 99<br \/>\n8 219 Federico Guinsel 96<br \/>\n9 15 Ricardo Sarag\u00fceta 71<br \/>\n10 122 Ricardo Mira 64<br \/>\n11 441 Pablo Tomei 62<br \/>\n12 628 Jorge Jimenez Maturana 42<br \/>\n13 68 Guillermo Traversa 37<br \/>\n14 499 Pablo Estevez 37<br \/>\n15 17 German Campero 18<br \/>\n16 151 Rodrigo Salim 15<br \/>\n17 284 Cristian Ava 15<br \/>\n18 96 Gabriel Gonzalez 15<br \/>\n19 247 Gustavo Rivero 13<br \/>\n20 951 Carlos Garay 13<br \/>\n21 7 Dario Ovejero 12<br \/>\n22 172 Julio Baez 8<br \/>\n23 226 Hugo Piva 5<br \/>\n24 707 Sergio Bearzi 4<br \/>\n25 5 Jorge Ochoa 0<br \/>\n26 23 Javier Follonier 0<\/p>\n<p><img loading=\"lazy\" decoding=\"async\" class=\"alignnone size-full wp-image-66578\" src=\"http:\/\/www.crossprensa.com.ar\/news\/wp-content\/uploads\/2023\/10\/WhatsApp-Image-2023-22-072-at-18.00.35.jpeg\" alt=\"\" width=\"1283\" height=\"109\" \/><\/p>\n<p><img loading=\"lazy\" decoding=\"async\" class=\"alignnone size-full wp-image-65366\" src=\"http:\/\/www.crossprensa.com.ar\/news\/wp-content\/uploads\/2023\/08\/mx3b-1.jpg\" alt=\"\" width=\"1283\" height=\"110\" \/><\/p>\n<p><strong><span style=\"color: #0000ff;\">1 100 Norberto Debernardi 240<\/span><\/strong><br \/>\n<strong><span style=\"color: #0000ff;\">2 108 Kevin Echeveste 204<\/span><\/strong><br \/>\n3 89 German Rodriguez 189<br \/>\n4 67 Hernan Villacreces 126<br \/>\n5 27 Demian Guiral 124<br \/>\n6 51 David Caramella 109<br \/>\n7 70 Rodrigo Fernandez 100<br \/>\n8 127 Patricio Rodriguez 92<br \/>\n9 188 Carlos Segobia 81<br \/>\n10 99 Augusto Colafranceschi 67<br \/>\n11 86 Gabriel Fernandez 56<br \/>\n12 722 Pablo Barella 41<br \/>\n13 52 Gonzalo Albert 37<br \/>\n14 19 Ignacio Molins Galdino 37<br \/>\n15 311 Esteban Adriel 33<br \/>\n16 14 Fernando Amoretti 32<br \/>\n17 77 Fabian Anderlique 26<br \/>\n18 12 Ariel Bonomo 21<br \/>\n19 720 Patricio Petrocelli 19<br \/>\n20 41 Luciano Moine 17<br \/>\n21 104 Juan Pablo Diaz 15<br \/>\n22 134 Dardo Gentili 12<br \/>\n23 121 Gabriel Boimo 12<br \/>\n24 131 Juan Pablo Oliver 12<br \/>\n25 88 Leopoldo Grosso 11<br \/>\n26 58 Mariano Cadenas 10<br \/>\n27 238 Cristian Reinaudi 9<br \/>\n28 369 Fabio Sanchez 8<br \/>\n29 38 Ariel Lopez 7<br \/>\n30 129 Gaston Salazar 4<br \/>\n31 287 Fernando Rivara 3<br \/>\n32 11 Diego Figueroa 3<br \/>\n33 710 Gaston Senatore 2<br \/>\n34 47 Manuel Gili 1<br \/>\n35 4 Pablo Depetris 1<br \/>\n36 18 Fernando Sanchez 0<br \/>\n37 61 Adrian Testa 0<br \/>\n38 907 Jose Salas 0<br \/>\n39 9 Julio Mezher 0<br \/>\n40 44 German Boris 0<br \/>\n41 126 Diego Romero 0<br \/>\n42 111 Ricardo Dominguez 0<br \/>\n43 50 Nestor Dominguez 0<br \/>\n44 187 Ezequiel Merlo 0<\/p>\n<p><img loading=\"lazy\" decoding=\"async\" class=\"alignnone size-full wp-image-66576\" src=\"http:\/\/www.crossprensa.com.ar\/news\/wp-content\/uploads\/2023\/10\/WhatsApp-Image-2023-22-072-at-18.00.31.jpeg\" alt=\"\" width=\"1283\" height=\"109\" \/><\/p>\n<p><img loading=\"lazy\" decoding=\"async\" class=\"alignnone size-full wp-image-65365\" src=\"http:\/\/www.crossprensa.com.ar\/news\/wp-content\/uploads\/2023\/08\/mx3a-1.jpg\" alt=\"\" width=\"1283\" height=\"110\" \/><\/p>\n<p><span style=\"color: #ff0000;\"><strong>1 07 Dario Arco 274<\/strong><\/span><br \/>\n2 114 Sebastian Sanchez 227<br \/>\n3 1 Nicolas Carranza 200<br \/>\n4 241 Gustavo Rivero 193<br \/>\n5 511 Pedro Destefanis 138<br \/>\n6 64 Jorge Clady 82<br \/>\n7 95 Franco Calvera 71<br \/>\n8 212 Juan Martin Sanchez Catala 56<br \/>\n9 100 Norberto Debernardi 26<br \/>\n10 595 Mauro Thanos 26<br \/>\n11 135 Franco Vaccari 26<br \/>\n12 10 Matias Castillo 20<br \/>\n13 364 Pedro Carballo 19<br \/>\n14 202 Rodrigo Cancino 15<br \/>\n15 21 Pablo Tassano 13<br \/>\n16 553 Maximiliano Torres 13<\/p>\n<p><img loading=\"lazy\" decoding=\"async\" class=\"alignnone size-full wp-image-66571\" src=\"http:\/\/www.crossprensa.com.ar\/news\/wp-content\/uploads\/2023\/10\/Sin-titulo-7083.jpg\" alt=\"\" width=\"1283\" height=\"109\" \/><\/p>\n<p><img loading=\"lazy\" decoding=\"async\" class=\"alignnone size-full wp-image-65368\" src=\"http:\/\/www.crossprensa.com.ar\/news\/wp-content\/uploads\/2023\/08\/mx2b-1.jpg\" alt=\"\" width=\"1283\" height=\"110\" \/><\/p>\n<p><img loading=\"lazy\" decoding=\"async\" class=\"alignnone size-full wp-image-66570\" src=\"http:\/\/www.crossprensa.com.ar\/news\/wp-content\/uploads\/2023\/10\/Sin-titulo-7053-scaled.jpg\" alt=\"\" width=\"2560\" height=\"218\" \/><\/p>\n<p><strong><span style=\"color: #ff0000;\">1 17 Juan Felipe Garcia 231<\/span><\/strong><br \/>\n2 30 Benjamin Pascual 159<br \/>\n3 8 Felipe Vilchez 155<br \/>\n4 911 Juan Jose Obregozo 142<br \/>\n5 204 Felipe Quirno Costa 136<br \/>\n6 40 Felipe Favetto 107<br \/>\n7 28 Tomas Hegoburu 98<br \/>\n8 48 Ignacio Bertopaulus 94<br \/>\n9 117 Julian Garrido 90<br \/>\n10 432 Thomas Rivarola 89<br \/>\n11 96 Joaquin Gomez 82<br \/>\n12 12 Tomas Rivero 73<br \/>\n13 178 Matias Mirtuono 68<br \/>\n14 219 Joaquin Guinsel 47<br \/>\n15 15 Agustin Gollano 40<br \/>\n16 91 Nicolas Serdan 30<br \/>\n17 111 Francisco Menichetti 28<br \/>\n18 92 Ivan Wohlmuth 25<br \/>\n19 121 Santino Salgado 21<br \/>\n20 88 Maximo Castello 21<br \/>\n21 118 Adolfo Scaglioni 20<br \/>\n22 192 Vladimir Svetlik 14<br \/>\n23 199 Mateo Campagnolle 13<br \/>\n24 14 Lucas Galoppo 12<br \/>\n25 294 Agustin Wensel 11<br \/>\n26 10 Facundo Echazu 10<br \/>\n27 77 Angel Ruarte 7<br \/>\n28 136 Jonas Aloe 4<br \/>\n29 515 Juan Ignacio Piermarini 2<br \/>\n30 119 Yorgo Kutulas 2<br \/>\n31 71 Lucio Rosito 1<br \/>\n32 41 Franco Richard 1<br \/>\n33 21 Martiniano Lima 1<br \/>\n34 275 Nahim Uequin 0<br \/>\n35 20 Gaspar Oliva 0<br \/>\n36 23 Octavio Paz 0<br \/>\n37 170 Lautaro Marengo 0<br \/>\n38 158 Santigo Gonzalez 0<br \/>\n39 299 Thiago Saroba 0<br \/>\n40 115 Tomas Gomez Tomaselli 0<br \/>\n41 144 Valentin Medina Escobar 0<br \/>\n42 441 Baltazar Frezze 0<br \/>\n43 122 Tomas Bolzonella 0<br \/>\n44 64 Nicolas Ciancio 0<\/p>\n<p><img loading=\"lazy\" decoding=\"async\" class=\"alignnone size-full wp-image-66567\" src=\"http:\/\/www.crossprensa.com.ar\/news\/wp-content\/uploads\/2023\/10\/Sin-titulo-7079.jpg\" alt=\"\" width=\"1283\" height=\"109\" \/><\/p>\n<p><img loading=\"lazy\" decoding=\"async\" class=\"alignnone size-full wp-image-65370\" src=\"http:\/\/www.crossprensa.com.ar\/news\/wp-content\/uploads\/2023\/08\/mx2a-1-1.jpg\" alt=\"\" width=\"1283\" height=\"110\" \/><\/p>\n<p><span style=\"color: #0000ff;\"><strong>1 54 Tomas Matkovich 241<\/strong><\/span><br \/>\n<span style=\"color: #0000ff;\"><strong>2 75 Julian Seibel 224<\/strong><\/span><br \/>\n3 46 Alfonso Bratschi 196<br \/>\n4 347 Juan Abadia 136<br \/>\n5 19 Juan Ignacio Salgado 129<br \/>\n6 146 German Bratschi 120<br \/>\n7 222 Franco Iavecchia 62<br \/>\n8 18 Fermin Ciccimarra 48<br \/>\n9 288 Ignacio Liprandi 42<br \/>\n10 95 Maximo Caceres 41<br \/>\n11 55 Nicolas Mana 40<br \/>\n12 187 Agustin Paez 34<br \/>\n13 753 Ramiro Lopez 21<br \/>\n14 124 Jeremias Pascual 21<br \/>\n15 259 Camilo Gomez Caceres 10<br \/>\n16 34 Joaquin Perini 0<br \/>\n17 931 Esteban Presser 0<\/p>\n<p><img loading=\"lazy\" decoding=\"async\" class=\"alignnone size-full wp-image-66566\" src=\"http:\/\/www.crossprensa.com.ar\/news\/wp-content\/uploads\/2023\/10\/Sin-titulo-5.jpg\" alt=\"\" width=\"1594\" height=\"174\" \/><\/p>\n<p><img loading=\"lazy\" decoding=\"async\" class=\"alignnone size-full wp-image-65371\" src=\"http:\/\/www.crossprensa.com.ar\/news\/wp-content\/uploads\/2023\/08\/mx1b-1.jpg\" alt=\"\" width=\"1283\" height=\"110\" \/><\/p>\n<p><strong><span style=\"color: #ff0000;\">1 165 Gonzalo Diaz Velez 263<\/span><\/strong><br \/>\n2 15 Tomas Montes Gadda 195<br \/>\n3 112 Francisco Cabarcos Escola 164<br \/>\n4 655 Leandro Fernandez 128<br \/>\n5 42 Lucas Scopinario 127<br \/>\n6 113 Emiliano Castillo 125<br \/>\n7 51 Daniel Garay 97<br \/>\n8 47 Tomas Scopinario 71<br \/>\n9 16 Fernando Olguin 67<br \/>\n10 57 Lautaro Lucero 63<br \/>\n11 157 Diego Soria 60<br \/>\n12 111 Alejandro Telles 49<br \/>\n13 116 Joaquin Allivellatore 37<br \/>\n14 304 Ezequiel Suarez 36<br \/>\n15 259 Alan Brajovich 36<br \/>\n16 422 Lucas Barrionuevo 30<br \/>\n17 181 Ulises Miranda 30<br \/>\n18 55 David Sona 28<br \/>\n19 31 Segundo Bomben 16<br \/>\n20 7 Matias Lobos 14<br \/>\n21 17 Lucas Quiroga 12<br \/>\n22 177 Pablo Quiroga 9<br \/>\n23 22 Tomas Conti 5<\/p>\n<p><img loading=\"lazy\" decoding=\"async\" class=\"alignnone size-full wp-image-66569\" src=\"http:\/\/www.crossprensa.com.ar\/news\/wp-content\/uploads\/2023\/10\/Sin-titulo-7052.jpg\" alt=\"\" width=\"1584\" height=\"127\" \/><\/p>\n<p><img loading=\"lazy\" decoding=\"async\" class=\"alignnone size-full wp-image-65372\" src=\"http:\/\/www.crossprensa.com.ar\/news\/wp-content\/uploads\/2023\/08\/mx1a-1.jpg\" alt=\"\" width=\"1283\" height=\"110\" \/><\/p>\n<p><img loading=\"lazy\" decoding=\"async\" class=\"alignnone size-full wp-image-66491\" src=\"http:\/\/www.crossprensa.com.ar\/news\/wp-content\/uploads\/2023\/10\/785-scaled.jpg\" alt=\"\" width=\"2560\" height=\"1707\" srcset=\"https:\/\/www.crossprensa.com.ar\/news\/wp-content\/uploads\/2023\/10\/785-scaled.jpg 2560w, https:\/\/www.crossprensa.com.ar\/news\/wp-content\/uploads\/2023\/10\/785-300x200.jpg 300w, https:\/\/www.crossprensa.com.ar\/news\/wp-content\/uploads\/2023\/10\/785-600x400.jpg 600w, https:\/\/www.crossprensa.com.ar\/news\/wp-content\/uploads\/2023\/10\/785-768x512.jpg 768w, https:\/\/www.crossprensa.com.ar\/news\/wp-content\/uploads\/2023\/10\/785-1536x1024.jpg 1536w, https:\/\/www.crossprensa.com.ar\/news\/wp-content\/uploads\/2023\/10\/785-2048x1365.jpg 2048w, https:\/\/www.crossprensa.com.ar\/news\/wp-content\/uploads\/2023\/10\/785-750x500.jpg 750w, https:\/\/www.crossprensa.com.ar\/news\/wp-content\/uploads\/2023\/10\/785-1140x760.jpg 1140w\" sizes=\"(max-width: 2560px) 100vw, 2560px\" \/><\/p>\n<p><span style=\"color: #ff0000;\"><strong>1 1 Joaquin Poli 280<\/strong><\/span><br \/>\n2 4 Rodrigo Landa 198<br \/>\n3 338 Lautaro Toro 183<br \/>\n4 144 Nicolas Rolando 175<br \/>\n5 33 Luciano Righi 169<br \/>\n6 85 Agustin Carrasco 131<br \/>\n7 124 Lucas Sendon 70<br \/>\n8 198 Agustin Poli 68<br \/>\n9 924 Nicolas Callegaris 47<br \/>\n10 44 Andres Sanchez 44<br \/>\n11 117 Pablo Galletta 28<br \/>\n12 100 Diego Rojas 20<br \/>\n13 110 Matias Pavez Ramirez 13<br \/>\n14 8 Sergio Villaronga 11<\/p>\n<p>&nbsp;<\/p>\n","protected":false},"excerpt":{"rendered":"<p>Algunas categor\u00edas definidas, otras por definirse, y la incre\u00edble WMX A, que tiene nada menos&#8230;<\/p>\n","protected":false},"author":2,"featured_media":66489,"comment_status":"open","ping_status":"open","sticky":false,"template":"","format":"standard","meta":{"om_disable_all_campaigns":false,"_monsterinsights_skip_tracking":false,"_monsterinsights_sitenote_active":false,"_monsterinsights_sitenote_note":"","_monsterinsights_sitenote_category":0,"_uf_show_specific_survey":0,"_uf_disable_surveys":false,"footnotes":""},"categories":[37,27],"tags":[],"class_list":["post-66488","post","type-post","status-publish","format-standard","has-post-thumbnail","hentry","category-crossprensa","category-mx-argentino"],"aioseo_notices":[],"_links":{"self":[{"href":"https:\/\/www.crossprensa.com.ar\/news\/wp-json\/wp\/v2\/posts\/66488","targetHints":{"allow":["GET"]}}],"collection":[{"href":"https:\/\/www.crossprensa.com.ar\/news\/wp-json\/wp\/v2\/posts"}],"about":[{"href":"https:\/\/www.crossprensa.com.ar\/news\/wp-json\/wp\/v2\/types\/post"}],"author":[{"embeddable":true,"href":"https:\/\/www.crossprensa.com.ar\/news\/wp-json\/wp\/v2\/users\/2"}],"replies":[{"embeddable":true,"href":"https:\/\/www.crossprensa.com.ar\/news\/wp-json\/wp\/v2\/comments?post=66488"}],"version-history":[{"count":5,"href":"https:\/\/www.crossprensa.com.ar\/news\/wp-json\/wp\/v2\/posts\/66488\/revisions"}],"predecessor-version":[{"id":67086,"href":"https:\/\/www.crossprensa.com.ar\/news\/wp-json\/wp\/v2\/posts\/66488\/revisions\/67086"}],"wp:featuredmedia":[{"embeddable":true,"href":"https:\/\/www.crossprensa.com.ar\/news\/wp-json\/wp\/v2\/media\/66489"}],"wp:attachment":[{"href":"https:\/\/www.crossprensa.com.ar\/news\/wp-json\/wp\/v2\/media?parent=66488"}],"wp:term":[{"taxonomy":"category","embeddable":true,"href":"https:\/\/www.crossprensa.com.ar\/news\/wp-json\/wp\/v2\/categories?post=66488"},{"taxonomy":"post_tag","embeddable":true,"href":"https:\/\/www.crossprensa.com.ar\/news\/wp-json\/wp\/v2\/tags?post=66488"}],"curies":[{"name":"wp","href":"https:\/\/api.w.org\/{rel}","templated":true}]}}