{"id":66258,"date":"2023-10-04T16:01:28","date_gmt":"2023-10-04T19:01:28","guid":{"rendered":"https:\/\/www.crossprensa.com.ar\/news\/?p=66258"},"modified":"2023-10-04T16:01:28","modified_gmt":"2023-10-04T19:01:28","slug":"fuerte-golpe-de-valentino-bua","status":"publish","type":"post","link":"https:\/\/www.crossprensa.com.ar\/news\/fuerte-golpe-de-valentino-bua\/crossprensa\/","title":{"rendered":"FUERTE GOLPE DE VALENTINO BUA"},"content":{"rendered":"<p>El fin de semana pasado, el piloto de Buenos Aires sufri\u00f3 un fuerte golpe en el transcurso de la carrera que estaba disputando, con la mala suerte que qued\u00f3 corto en un salto y el manubrio de su moto golpe\u00f3 fuertemente en su est\u00f3mago.<\/p>\n<p><!--more--><\/p>\n<p>Como consecuencia de este impacto, result\u00f3 lesionado el h\u00edgado con una fisura importante que fue descubierta posteriormente en una revisi\u00f3n particular que hizo en el Hospital de San Isidro donde se encuentra internado recuper\u00e1ndose, y acompa\u00f1ado de su familia.<\/p>\n<p><img fetchpriority=\"high\" decoding=\"async\" class=\"alignnone size-full wp-image-66261\" src=\"http:\/\/www.crossprensa.com.ar\/news\/wp-content\/uploads\/2023\/10\/3eec5ef2-81ec2-4a74-b319-af710943fc2b.jpg\" alt=\"\" width=\"1133\" height=\"877\" srcset=\"https:\/\/www.crossprensa.com.ar\/news\/wp-content\/uploads\/2023\/10\/3eec5ef2-81ec2-4a74-b319-af710943fc2b.jpg 1133w, https:\/\/www.crossprensa.com.ar\/news\/wp-content\/uploads\/2023\/10\/3eec5ef2-81ec2-4a74-b319-af710943fc2b-300x232.jpg 300w, https:\/\/www.crossprensa.com.ar\/news\/wp-content\/uploads\/2023\/10\/3eec5ef2-81ec2-4a74-b319-af710943fc2b-517x400.jpg 517w, https:\/\/www.crossprensa.com.ar\/news\/wp-content\/uploads\/2023\/10\/3eec5ef2-81ec2-4a74-b319-af710943fc2b-768x594.jpg 768w, https:\/\/www.crossprensa.com.ar\/news\/wp-content\/uploads\/2023\/10\/3eec5ef2-81ec2-4a74-b319-af710943fc2b-750x581.jpg 750w\" sizes=\"(max-width: 1133px) 100vw, 1133px\" \/><\/p>\n<p>Como hacemos con todos los pilotos, vamos a seguir su evoluci\u00f3n y desearle una r\u00e1pida recuperaci\u00f3n para volver a verlo sobre la moto!!! Vamos Valen, que se puede!!!<\/p>\n<p>En la foto, acompa\u00f1ado de su querido y conocido padre Macu B\u00faa.<\/p>\n<p><img decoding=\"async\" class=\"alignnone size-full wp-image-66259\" src=\"http:\/\/www.crossprensa.com.ar\/news\/wp-content\/uploads\/2023\/10\/WhatsApp-Image-2023-10-04-at-15.36.19.jpeg\" alt=\"\" width=\"900\" height=\"1600\" srcset=\"https:\/\/www.crossprensa.com.ar\/news\/wp-content\/uploads\/2023\/10\/WhatsApp-Image-2023-10-04-at-15.36.19.jpeg 900w, https:\/\/www.crossprensa.com.ar\/news\/wp-content\/uploads\/2023\/10\/WhatsApp-Image-2023-10-04-at-15.36.19-169x300.jpeg 169w, https:\/\/www.crossprensa.com.ar\/news\/wp-content\/uploads\/2023\/10\/WhatsApp-Image-2023-10-04-at-15.36.19-225x400.jpeg 225w, https:\/\/www.crossprensa.com.ar\/news\/wp-content\/uploads\/2023\/10\/WhatsApp-Image-2023-10-04-at-15.36.19-768x1365.jpeg 768w, https:\/\/www.crossprensa.com.ar\/news\/wp-content\/uploads\/2023\/10\/WhatsApp-Image-2023-10-04-at-15.36.19-864x1536.jpeg 864w, https:\/\/www.crossprensa.com.ar\/news\/wp-content\/uploads\/2023\/10\/WhatsApp-Image-2023-10-04-at-15.36.19-750x1333.jpeg 750w\" sizes=\"(max-width: 900px) 100vw, 900px\" \/><\/p>\n","protected":false},"excerpt":{"rendered":"<p>El fin de semana pasado, el piloto de Buenos Aires sufri\u00f3 un fuerte golpe en&#8230;<\/p>\n","protected":false},"author":2,"featured_media":0,"comment_status":"open","ping_status":"open","sticky":false,"template":"","format":"standard","meta":{"om_disable_all_campaigns":false,"_monsterinsights_skip_tracking":false,"_monsterinsights_sitenote_active":false,"_monsterinsights_sitenote_note":"","_monsterinsights_sitenote_category":0,"_uf_show_specific_survey":0,"_uf_disable_surveys":false,"footnotes":""},"categories":[37,57],"tags":[],"class_list":["post-66258","post","type-post","status-publish","format-standard","hentry","category-crossprensa","category-motocross"],"aioseo_notices":[],"_links":{"self":[{"href":"https:\/\/www.crossprensa.com.ar\/news\/wp-json\/wp\/v2\/posts\/66258","targetHints":{"allow":["GET"]}}],"collection":[{"href":"https:\/\/www.crossprensa.com.ar\/news\/wp-json\/wp\/v2\/posts"}],"about":[{"href":"https:\/\/www.crossprensa.com.ar\/news\/wp-json\/wp\/v2\/types\/post"}],"author":[{"embeddable":true,"href":"https:\/\/www.crossprensa.com.ar\/news\/wp-json\/wp\/v2\/users\/2"}],"replies":[{"embeddable":true,"href":"https:\/\/www.crossprensa.com.ar\/news\/wp-json\/wp\/v2\/comments?post=66258"}],"version-history":[{"count":1,"href":"https:\/\/www.crossprensa.com.ar\/news\/wp-json\/wp\/v2\/posts\/66258\/revisions"}],"predecessor-version":[{"id":66263,"href":"https:\/\/www.crossprensa.com.ar\/news\/wp-json\/wp\/v2\/posts\/66258\/revisions\/66263"}],"wp:attachment":[{"href":"https:\/\/www.crossprensa.com.ar\/news\/wp-json\/wp\/v2\/media?parent=66258"}],"wp:term":[{"taxonomy":"category","embeddable":true,"href":"https:\/\/www.crossprensa.com.ar\/news\/wp-json\/wp\/v2\/categories?post=66258"},{"taxonomy":"post_tag","embeddable":true,"href":"https:\/\/www.crossprensa.com.ar\/news\/wp-json\/wp\/v2\/tags?post=66258"}],"curies":[{"name":"wp","href":"https:\/\/api.w.org\/{rel}","templated":true}]}}