{"id":66217,"date":"2023-10-03T10:25:10","date_gmt":"2023-10-03T13:25:10","guid":{"rendered":"https:\/\/www.crossprensa.com.ar\/news\/?p=66217"},"modified":"2023-10-03T10:25:10","modified_gmt":"2023-10-03T13:25:10","slug":"ignacio-liprandi-fue-operado","status":"publish","type":"post","link":"https:\/\/www.crossprensa.com.ar\/news\/ignacio-liprandi-fue-operado\/crossprensa\/","title":{"rendered":"IGNACIO LIPRANDI FUE OPERADO."},"content":{"rendered":"<p>El piloto cordob\u00e9s #288 sufri\u00f3 un golpe en la largada de la 2da. carrera de su categor\u00eda (MX2) en Gral. Cabrera, y sufri\u00f3 una importante lesi\u00f3n, por la que fue inmediatamente atendido por el grupo m\u00e9dico como siempre impecable en este campeonato.<\/p>\n<p><!--more--><\/p>\n<p>La ca\u00edda lo deja expuesto al paso de las motos, y uno de sus rivales en la pista, involuntariamente choca contra su pierna derecha caus\u00e1ndole una fractura expuesta de f\u00e9mur, por lo que la carrera se detuvo inmediatamente.<\/p>\n<p><img fetchpriority=\"high\" decoding=\"async\" class=\"alignnone size-full wp-image-66218\" src=\"http:\/\/www.crossprensa.com.ar\/news\/wp-content\/uploads\/2023\/10\/lipra-1.jpg\" alt=\"\" width=\"1320\" height=\"1500\" srcset=\"https:\/\/www.crossprensa.com.ar\/news\/wp-content\/uploads\/2023\/10\/lipra-1.jpg 1320w, https:\/\/www.crossprensa.com.ar\/news\/wp-content\/uploads\/2023\/10\/lipra-1-264x300.jpg 264w, https:\/\/www.crossprensa.com.ar\/news\/wp-content\/uploads\/2023\/10\/lipra-1-352x400.jpg 352w, https:\/\/www.crossprensa.com.ar\/news\/wp-content\/uploads\/2023\/10\/lipra-1-768x873.jpg 768w, https:\/\/www.crossprensa.com.ar\/news\/wp-content\/uploads\/2023\/10\/lipra-1-750x852.jpg 750w, https:\/\/www.crossprensa.com.ar\/news\/wp-content\/uploads\/2023\/10\/lipra-1-1140x1295.jpg 1140w\" sizes=\"(max-width: 1320px) 100vw, 1320px\" \/><\/p>\n<p>Fue inmediatamente inmovilizado, y trasladado al sanatorio Allende en la ciudad de C\u00f3rdoba donde qued\u00f3 internado hasta su operaci\u00f3n el d\u00eda Lunes, que termin\u00f3 satisfactoriamente y comenzar tambi\u00e9n con la rehabilitaci\u00f3n para volver lo antes posible a la actividad.<\/p>\n<p>Realmente lamentamos este incidente, pero&#8230; como siempre decimos ES MOTOCROSS! Ven\u00eda en un crecimiento sin pausa en lo conductivo y mejorando much\u00edsimo carrera tras carrera. Ahora, deber\u00e1 esperar un par de meses para volver a mostrar su magia, y estaremos acompa\u00f1ando su evoluci\u00f3n como lo hacemos con todos.<\/p>\n<p>Crossprensa.<\/p>\n","protected":false},"excerpt":{"rendered":"<p>El piloto cordob\u00e9s #288 sufri\u00f3 un golpe en la largada de la 2da. carrera de&#8230;<\/p>\n","protected":false},"author":2,"featured_media":66219,"comment_status":"open","ping_status":"open","sticky":false,"template":"","format":"standard","meta":{"om_disable_all_campaigns":false,"_monsterinsights_skip_tracking":false,"_monsterinsights_sitenote_active":false,"_monsterinsights_sitenote_note":"","_monsterinsights_sitenote_category":0,"_uf_show_specific_survey":0,"_uf_disable_surveys":false,"footnotes":""},"categories":[37,140,41],"tags":[],"class_list":["post-66217","post","type-post","status-publish","format-standard","has-post-thumbnail","hentry","category-crossprensa","category-mx-cordobes-2","category-mx-cordobes"],"aioseo_notices":[],"_links":{"self":[{"href":"https:\/\/www.crossprensa.com.ar\/news\/wp-json\/wp\/v2\/posts\/66217","targetHints":{"allow":["GET"]}}],"collection":[{"href":"https:\/\/www.crossprensa.com.ar\/news\/wp-json\/wp\/v2\/posts"}],"about":[{"href":"https:\/\/www.crossprensa.com.ar\/news\/wp-json\/wp\/v2\/types\/post"}],"author":[{"embeddable":true,"href":"https:\/\/www.crossprensa.com.ar\/news\/wp-json\/wp\/v2\/users\/2"}],"replies":[{"embeddable":true,"href":"https:\/\/www.crossprensa.com.ar\/news\/wp-json\/wp\/v2\/comments?post=66217"}],"version-history":[{"count":1,"href":"https:\/\/www.crossprensa.com.ar\/news\/wp-json\/wp\/v2\/posts\/66217\/revisions"}],"predecessor-version":[{"id":66220,"href":"https:\/\/www.crossprensa.com.ar\/news\/wp-json\/wp\/v2\/posts\/66217\/revisions\/66220"}],"wp:featuredmedia":[{"embeddable":true,"href":"https:\/\/www.crossprensa.com.ar\/news\/wp-json\/wp\/v2\/media\/66219"}],"wp:attachment":[{"href":"https:\/\/www.crossprensa.com.ar\/news\/wp-json\/wp\/v2\/media?parent=66217"}],"wp:term":[{"taxonomy":"category","embeddable":true,"href":"https:\/\/www.crossprensa.com.ar\/news\/wp-json\/wp\/v2\/categories?post=66217"},{"taxonomy":"post_tag","embeddable":true,"href":"https:\/\/www.crossprensa.com.ar\/news\/wp-json\/wp\/v2\/tags?post=66217"}],"curies":[{"name":"wp","href":"https:\/\/api.w.org\/{rel}","templated":true}]}}