{"id":6605,"date":"2014-11-29T17:16:56","date_gmt":"2014-11-29T20:16:56","guid":{"rendered":"http:\/\/www.crossprensa.com.ar\/news\/?p=6605"},"modified":"2014-11-29T19:11:52","modified_gmt":"2014-11-29T22:11:52","slug":"mx-argentino-zarate-clasificaciones","status":"publish","type":"post","link":"https:\/\/www.crossprensa.com.ar\/news\/mx-argentino-zarate-clasificaciones\/sin-categoria\/","title":{"rendered":"MX ARGENTINO &#8211; ZARATE &#8211; CLASIFICACIONES"},"content":{"rendered":"<p>Todo lo que pas\u00f3 en la tarde de hoy con las clasificaciones del Campeonato Argentino de Motocross, al instante en CROSSPRENSA.<\/p>\n<p>Calor, y el cielo que se ennegrece&#8230; ojal\u00e1 falle el pron\u00f3stico. Ma\u00f1ana si el clima lo permite estaremos como planeamos EN VIVO y EN DIRECTO desde la pista, junto a ASEGURALA YA, el seguro para tu moto.<\/p>\n<p><!--more--><\/p>\n<p>DOBLE CLICK SOBRE LAS IMAGENES PARA AMPLIAR<\/p>\n<p>&nbsp;<\/p>\n<h2>FMX<\/h2>\n<p><a href=\"http:\/\/www.crossprensa.com.ar\/news\/wp-content\/uploads\/2014\/11\/116.jpg\"><img fetchpriority=\"high\" decoding=\"async\" class=\"aligncenter size-large wp-image-6606\" src=\"http:\/\/www.crossprensa.com.ar\/news\/wp-content\/uploads\/2014\/11\/116-620x351.jpg\" alt=\"1\" width=\"620\" height=\"351\" \/><\/a><\/p>\n<p>&nbsp;<\/p>\n<h2>MX3<\/h2>\n<p><a href=\"http:\/\/www.crossprensa.com.ar\/news\/wp-content\/uploads\/2014\/11\/215.jpg\"><img decoding=\"async\" class=\"aligncenter size-large wp-image-6607\" src=\"http:\/\/www.crossprensa.com.ar\/news\/wp-content\/uploads\/2014\/11\/215-620x349.jpg\" alt=\"2\" width=\"620\" height=\"349\" \/><\/a><\/p>\n<h2>85 cc<\/h2>\n<p><a href=\"http:\/\/www.crossprensa.com.ar\/news\/wp-content\/uploads\/2014\/11\/316.jpg\"><img decoding=\"async\" class=\"aligncenter size-large wp-image-6608\" src=\"http:\/\/www.crossprensa.com.ar\/news\/wp-content\/uploads\/2014\/11\/316-620x349.jpg\" alt=\"3\" width=\"620\" height=\"349\" \/><\/a><\/p>\n<p>&nbsp;<\/p>\n<h2>MX2<\/h2>\n<p><a href=\"http:\/\/www.crossprensa.com.ar\/news\/wp-content\/uploads\/2014\/11\/10833678_1008205859205798_607559182_n.jpg\"><img loading=\"lazy\" decoding=\"async\" class=\"aligncenter size-large wp-image-6614\" src=\"http:\/\/www.crossprensa.com.ar\/news\/wp-content\/uploads\/2014\/11\/10833678_1008205859205798_607559182_n-620x348.jpg\" alt=\"10833678_1008205859205798_607559182_n\" width=\"620\" height=\"348\" \/><\/a><\/p>\n<p>En la foto dos reaparecidos: Agust\u00edn Eier y Franco Appo (autor de la pole en MX2 B).<\/p>\n<p><a href=\"http:\/\/www.crossprensa.com.ar\/news\/wp-content\/uploads\/2014\/11\/415.jpg\"><img loading=\"lazy\" decoding=\"async\" class=\"aligncenter  wp-image-6609\" src=\"http:\/\/www.crossprensa.com.ar\/news\/wp-content\/uploads\/2014\/11\/415-600x400.jpg\" alt=\"4\" width=\"617\" height=\"411\" \/><\/a><\/p>\n<p>&nbsp;<\/p>\n<h2>\u00a0MX1.<\/h2>\n<p>&nbsp;<\/p>\n<p><a href=\"http:\/\/www.crossprensa.com.ar\/news\/wp-content\/uploads\/2014\/11\/Gr\u00e1fico61.jpg\"><img loading=\"lazy\" decoding=\"async\" class=\"aligncenter size-large wp-image-6616\" src=\"http:\/\/www.crossprensa.com.ar\/news\/wp-content\/uploads\/2014\/11\/Gr\u00e1fico61-620x225.jpg\" alt=\"Gr\u00e1fico6\" width=\"620\" height=\"225\" \/><\/a><\/p>\n<p>&nbsp;<\/p>\n<p><a href=\"http:\/\/www.crossprensa.com.ar\/news\/wp-content\/uploads\/2014\/11\/416.jpg\"><img loading=\"lazy\" decoding=\"async\" class=\"aligncenter size-large wp-image-6618\" src=\"http:\/\/www.crossprensa.com.ar\/news\/wp-content\/uploads\/2014\/11\/416-620x348.jpg\" alt=\"4\" width=\"620\" height=\"348\" \/><\/a><\/p>\n","protected":false},"excerpt":{"rendered":"<p>Todo lo que pas\u00f3 en la tarde de hoy con las clasificaciones del Campeonato Argentino&#8230;<\/p>\n","protected":false},"author":2,"featured_media":0,"comment_status":"open","ping_status":"open","sticky":false,"template":"","format":"standard","meta":{"om_disable_all_campaigns":false,"_monsterinsights_skip_tracking":false,"_uf_show_specific_survey":0,"_uf_disable_surveys":false,"footnotes":""},"categories":[1],"tags":[5],"class_list":["post-6605","post","type-post","status-publish","format-standard","hentry","category-sin-categoria","tag-slice"],"aioseo_notices":[],"_links":{"self":[{"href":"https:\/\/www.crossprensa.com.ar\/news\/wp-json\/wp\/v2\/posts\/6605","targetHints":{"allow":["GET"]}}],"collection":[{"href":"https:\/\/www.crossprensa.com.ar\/news\/wp-json\/wp\/v2\/posts"}],"about":[{"href":"https:\/\/www.crossprensa.com.ar\/news\/wp-json\/wp\/v2\/types\/post"}],"author":[{"embeddable":true,"href":"https:\/\/www.crossprensa.com.ar\/news\/wp-json\/wp\/v2\/users\/2"}],"replies":[{"embeddable":true,"href":"https:\/\/www.crossprensa.com.ar\/news\/wp-json\/wp\/v2\/comments?post=6605"}],"version-history":[{"count":6,"href":"https:\/\/www.crossprensa.com.ar\/news\/wp-json\/wp\/v2\/posts\/6605\/revisions"}],"predecessor-version":[{"id":6620,"href":"https:\/\/www.crossprensa.com.ar\/news\/wp-json\/wp\/v2\/posts\/6605\/revisions\/6620"}],"wp:attachment":[{"href":"https:\/\/www.crossprensa.com.ar\/news\/wp-json\/wp\/v2\/media?parent=6605"}],"wp:term":[{"taxonomy":"category","embeddable":true,"href":"https:\/\/www.crossprensa.com.ar\/news\/wp-json\/wp\/v2\/categories?post=6605"},{"taxonomy":"post_tag","embeddable":true,"href":"https:\/\/www.crossprensa.com.ar\/news\/wp-json\/wp\/v2\/tags?post=6605"}],"curies":[{"name":"wp","href":"https:\/\/api.w.org\/{rel}","templated":true}]}}