{"id":65822,"date":"2023-09-04T11:40:25","date_gmt":"2023-09-04T14:40:25","guid":{"rendered":"http:\/\/www.crossprensa.com.ar\/news\/?p=65822"},"modified":"2023-09-04T11:40:25","modified_gmt":"2023-09-04T14:40:25","slug":"ama-pro-motocross-usa-a-nivel-mundial","status":"publish","type":"post","link":"https:\/\/www.crossprensa.com.ar\/news\/ama-pro-motocross-usa-a-nivel-mundial\/ama-motocross\/","title":{"rendered":"AMA PRO MOTOCROSS: USA A NIVEL MUNDIAL"},"content":{"rendered":"<p><span>El AMA Pro Motocross, aunque es un campeonato nacional estadounidense (como lo dijimos siempre), ha atra\u00eddo a corredores internacionales durante d\u00e9cadas. Desde gente como\u00a0<\/span><span>Gun<\/span><span>nar Lindstrom<\/span><span>\u00a0y\u00a0<\/span><span>Pierre Karsmakers<\/span><span>\u00a0, pasando por Jean-Michel Bayle,\u00a0<\/span><span>Greg Albertyn<\/span><span>\u00a0y\u00a0<\/span><span>Sebastien Tortelli<\/span><span>\u00a0, hasta corredores actuales como\u00a0<\/span><span>Dylan Ferrandis.<\/span><span>y los hermanos Lawrence, Estados Unidos siempre ha sido un lugar para que los ciclistas internacionales de todas las \u00e9pocas se enfrenten entre s\u00ed y con los estadounidenses. Y gracias a su esfuerzo privado, Argentina figura con <em><strong>FERM\u00cdN CICCIMARRA<\/strong><\/em>!<\/span><\/p>\n<p><!--more--><\/p>\n<div class=\"block block_text align_center b_71113_0 transparent matches_next \">\n<div class=\"block_container text_content\"><\/div>\n<\/div>\n<div class=\"block block_text align_center b_71113_14 matches_prev transparent \">\n<div class=\"block_container text_content\">\n<p>Pero en 2023, la invasi\u00f3n extranjera aument\u00f3 exponencialmente, con una asombrosa cantidad de talento global llenando los partidores: 84 pilotos de 24 pa\u00edses diferentes, para ser exactos. \u00a1Eso es incre\u00edble! Pero, \u00bfqui\u00e9nes son estos corredores y de d\u00f3nde vienen? Bueno, los identificamos a todos y su pa\u00eds de origen para responder esas mismas preguntas.<\/p>\n<p><strong>ARGENTINA<\/strong><br \/>\nFerm\u00edn Ciccimarra (MX)<\/p>\n<p><strong>AUSTRALIA<\/strong><br \/>\nJed Beaton (MX)<\/p>\n<p>Hunter Lawrence (SX y MX)<\/p>\n<p>Jett Lawrence (SX y MX)<\/p>\n<p>Hayden Mellross (SX)<\/p>\n<p>Matt Moss (SX)<\/p>\n<p>Geran Stapleton (SX)<\/p>\n<p>Wilson Todd (SX)<\/p>\n<p>Brad West (MX)<\/p>\n<p>Jay Wilson (MX)<\/p>\n<p><strong>BRASIL<\/strong><br \/>\nEduardo Lima (MX)<\/p>\n<p>Gabriel Andrigo (MX)<\/p>\n<p>Enzo Lopes (SX)<\/p>\n<p><strong>CANAD\u00c1<\/strong><br \/>\nQuinn Amyotte (SX)<\/p>\n<p>Julien Benek (SX)<\/p>\n<p>Rylan Bly (MX)<\/p>\n<p>William Creta (MX)<\/p>\n<p>Michael Da Silva (MX)<\/p>\n<p>Parker Eales (SX)<\/p>\n<p>Lucas Giardino (MX)<\/p>\n<p>Derek Hamm (MX)<\/p>\n<p>Vicente Lauz\u00f3n (MX)<\/p>\n<p>Jess Pettis (MX)<\/p>\n<p>Devyn Smith (MX)<\/p>\n<p>Guillaume St-Cyr (SX)<\/p>\n<p>Cole Thompson (SX)<\/p>\n<p>Dylan Wright (MX)<\/p>\n<p><img fetchpriority=\"high\" decoding=\"async\" class=\"alignnone wp-image-65824 size-full\" src=\"http:\/\/www.crossprensa.com.ar\/news\/wp-content\/uploads\/2023\/09\/67388409_929720814038061_7556720341398061056_n.jpg\" alt=\"\" width=\"1447\" height=\"1085\" srcset=\"https:\/\/www.crossprensa.com.ar\/news\/wp-content\/uploads\/2023\/09\/67388409_929720814038061_7556720341398061056_n.jpg 1447w, https:\/\/www.crossprensa.com.ar\/news\/wp-content\/uploads\/2023\/09\/67388409_929720814038061_7556720341398061056_n-300x225.jpg 300w, https:\/\/www.crossprensa.com.ar\/news\/wp-content\/uploads\/2023\/09\/67388409_929720814038061_7556720341398061056_n-533x400.jpg 533w, https:\/\/www.crossprensa.com.ar\/news\/wp-content\/uploads\/2023\/09\/67388409_929720814038061_7556720341398061056_n-768x576.jpg 768w, https:\/\/www.crossprensa.com.ar\/news\/wp-content\/uploads\/2023\/09\/67388409_929720814038061_7556720341398061056_n-750x562.jpg 750w, https:\/\/www.crossprensa.com.ar\/news\/wp-content\/uploads\/2023\/09\/67388409_929720814038061_7556720341398061056_n-1140x855.jpg 1140w\" sizes=\"(max-width: 1447px) 100vw, 1447px\" \/><\/p>\n<p><em><strong>Nicol\u00e1s Israel &#8211; foto: <a href=\"https:\/\/www.instagram.com\/nicoisrael09\/\">https:\/\/www.instagram.com\/nicoisrael09\/<\/a><\/strong><\/em><\/p>\n<p><strong>CHILE<\/strong><br \/>\nHardy Mu\u00f1oz (SX y MX)<\/p>\n<p>Nicol\u00e1s Israel (MX)<\/p>\n<p><strong>COSTA RICA<\/strong><br \/>\nJustin Alvarado (MX)<\/p>\n<p><strong>REP\u00daBLICA CHECA<\/strong><br \/>\nJakub Teresak (MX)<\/p>\n<p><strong>DINAMARCA<\/strong><br \/>\nMatti Jorgensen (MX)<\/p>\n<p><strong>INGLATERRA<\/strong><br \/>\nMax Anstie (SX)<\/p>\n<p>James Cottrell (MX)<\/p>\n<p>Ethan Lane (MX)<\/p>\n<p>Charlie Putnam (MX)<\/p>\n<p>Dylan Walsh (SX)<\/p>\n<p>Declan Whittle (MX)<\/p>\n<p>Dylan Woodcock (SX)<\/p>\n<p><strong>ESTONIA<\/strong><br \/>\nTanel Leok (MX)<\/p>\n<p>Gert Krestinov (MX)<\/p>\n<p>Harri Kullas (MX)<\/p>\n<p>Karel Kutsar (MX)<\/p>\n<p>Jorgen Talviku (MX)<\/p>\n<p><strong>FRANCIA<\/strong><br \/>\nDylan Ferrandis (SX y MX)<\/p>\n<p>Ludovic Macler (SX)<\/p>\n<p>Adri\u00e1n Malaval (MX)<\/p>\n<p>Hugo Manzato (SX)<\/p>\n<p>Marvin Musquin (SX)<\/p>\n<p>Romain Pape (MX)<\/p>\n<p>Esteban Rubini (MX)<\/p>\n<p>Tom Vialle (SX y MX)<\/p>\n<p><strong>ALEMANIA<\/strong><br \/>\nPhilipp Klakow (SX y MX)<\/p>\n<p>Ken Roczen (SX y MX)<\/p>\n<p>Maik Schaller (MX)<\/p>\n<p>Dominique Thury (SX y MX)<\/p>\n<p><strong>HONDURAS<\/strong><br \/>\nGerhard Matamoros (SX y MX)<\/p>\n<p><strong>ITALIA<\/strong><br \/>\nGiacomo Redondi (MX)<\/p>\n<p><strong>JAP\u00d3N<\/strong><br \/>\nJo Shimoda (SX y MX)<\/p>\n<p><strong>M\u00c9XICO<\/strong><br \/>\nRafael Chao (MX)<\/p>\n<p>F\u00e9lix L\u00f3pez (MX)<\/p>\n<p><strong>PA\u00cdSES BAJOS<\/strong><br \/>\nRobert Fobbe (MX)<\/p>\n<p>Lars van Berkel (MX)<\/p>\n<p>Rob Windt (MX)<\/p>\n<p><strong>NUEVA ZELANDA<\/strong><br \/>\nHamish Harwood (MX)<\/p>\n<p>Josiah Natzke (SX)<\/p>\n<p><strong>ESCOCIA<\/strong><br \/>\nJohn Adamson (MX)<\/p>\n<p>Dean Wilson (SX)<\/p>\n<p>SUD\u00c1FRICA<br \/>\nCameron Durow (MX)<\/p>\n<p>Marcus Phelps (MX)<\/p>\n<p>Slade Smith (MX)<\/p>\n<p>Justin Thompson (MX)<\/p>\n<p><strong>ESPA\u00d1A<\/strong><br \/>\nJos\u00e9 Butr\u00f3n (MX)<\/p>\n<p>Joan Cros (SX)<\/p>\n<p>Guillem Farr\u00e9s (MX)<\/p>\n<p>Jorge Zaragoza (SX)<\/p>\n<p><strong>SUECIA<\/strong><br \/>\nAnt\u00f3n Gole (MX)<\/p>\n<p>Fredrik Noren (SX y MX)<\/p>\n<p>Jonathan Von Knorring (MX)<\/p>\n<p><strong>VENEZUELA<\/strong><br \/>\nCarlos Badial\u00ed (MX)<\/p>\n<p>Lorenzo Locurcio (MX)<\/p>\n<p>Anthony Rodr\u00edguez (SX y MX)<\/p>\n<p>Raimundo Trasolini (MX)<\/p>\n<p><strong>GALES<\/strong><br \/>\nJoel Rizzi (MX)<\/p>\n<p>Nota: RacerX \/ Adaptaci\u00f3n: Crossprensa.<\/p>\n<\/div>\n<\/div>\n","protected":false},"excerpt":{"rendered":"<p>El AMA Pro Motocross, aunque es un campeonato nacional estadounidense (como lo dijimos siempre), ha&#8230;<\/p>\n","protected":false},"author":2,"featured_media":65823,"comment_status":"open","ping_status":"open","sticky":false,"template":"","format":"standard","meta":{"om_disable_all_campaigns":false,"_monsterinsights_skip_tracking":false,"_monsterinsights_sitenote_active":false,"_monsterinsights_sitenote_note":"","_monsterinsights_sitenote_category":0,"_uf_show_specific_survey":0,"_uf_disable_surveys":false,"footnotes":""},"categories":[25,37],"tags":[],"class_list":["post-65822","post","type-post","status-publish","format-standard","has-post-thumbnail","hentry","category-ama-motocross","category-crossprensa"],"aioseo_notices":[],"_links":{"self":[{"href":"https:\/\/www.crossprensa.com.ar\/news\/wp-json\/wp\/v2\/posts\/65822","targetHints":{"allow":["GET"]}}],"collection":[{"href":"https:\/\/www.crossprensa.com.ar\/news\/wp-json\/wp\/v2\/posts"}],"about":[{"href":"https:\/\/www.crossprensa.com.ar\/news\/wp-json\/wp\/v2\/types\/post"}],"author":[{"embeddable":true,"href":"https:\/\/www.crossprensa.com.ar\/news\/wp-json\/wp\/v2\/users\/2"}],"replies":[{"embeddable":true,"href":"https:\/\/www.crossprensa.com.ar\/news\/wp-json\/wp\/v2\/comments?post=65822"}],"version-history":[{"count":1,"href":"https:\/\/www.crossprensa.com.ar\/news\/wp-json\/wp\/v2\/posts\/65822\/revisions"}],"predecessor-version":[{"id":65825,"href":"https:\/\/www.crossprensa.com.ar\/news\/wp-json\/wp\/v2\/posts\/65822\/revisions\/65825"}],"wp:featuredmedia":[{"embeddable":true,"href":"https:\/\/www.crossprensa.com.ar\/news\/wp-json\/wp\/v2\/media\/65823"}],"wp:attachment":[{"href":"https:\/\/www.crossprensa.com.ar\/news\/wp-json\/wp\/v2\/media?parent=65822"}],"wp:term":[{"taxonomy":"category","embeddable":true,"href":"https:\/\/www.crossprensa.com.ar\/news\/wp-json\/wp\/v2\/categories?post=65822"},{"taxonomy":"post_tag","embeddable":true,"href":"https:\/\/www.crossprensa.com.ar\/news\/wp-json\/wp\/v2\/tags?post=65822"}],"curies":[{"name":"wp","href":"https:\/\/api.w.org\/{rel}","templated":true}]}}