{"id":65738,"date":"2023-08-29T12:21:27","date_gmt":"2023-08-29T15:21:27","guid":{"rendered":"https:\/\/www.crossprensa.com.ar\/news\/?p=65738"},"modified":"2023-08-29T12:21:27","modified_gmt":"2023-08-29T15:21:27","slug":"herlings-y-una-larga-lista","status":"publish","type":"post","link":"https:\/\/www.crossprensa.com.ar\/news\/herlings-y-una-larga-lista\/mxgp\/","title":{"rendered":"HERLINGS Y UNA LARGA LISTA&#8230;"},"content":{"rendered":"<p>Puede que sea el piloto m\u00e1s r\u00e1pido en una moto de cross y el piloto que ha ganado m\u00e1s carreras de motocross al m\u00e1s alto nivel que nadie en la historia (103 GP y 1 AMA MX), pero las posibilidades de Herling de superar a Stefan Everts y sus diez t\u00edtulos mundiales fueron arruinados por m\u00faltiples lesiones, casi una cada temporada, \u00a1a veces incluso si ganaba un t\u00edtulo!<\/p>\n<p><!--more--><\/p>\n<p><span>Sus posibilidades de igualar los seis t\u00edtulos mundiales de Joel Robert esta temporada terminaron cuando se rompi\u00f3 el cuello hace unas semanas y ahora una fractura de clav\u00edcula significa un nuevo per\u00edodo al margen de las carreras. Cr\u00e9dito a <strong>Steven van Kempen<\/strong> de MX Mag por la lista.<\/span><\/p>\n<p><strong><span>Resumen de lesiones:<\/span><\/strong><br \/>\n<span>2010: hombro dislocado<\/span><br \/>\n<span>2012: accidente de tr\u00e1fico en Rusia con lesi\u00f3n en la cabeza<\/span><br \/>\n<span>2013: fractura de esc\u00e1pula<\/span><br \/>\n<span>2014: fractura de tibia, luego lesi\u00f3n de hombro y luego fractura de f\u00e9mur<\/span><br \/>\n<span>2015: dedo me\u00f1ique dislocado, luego fractura de clav\u00edcula y luego dislocaci\u00f3n de cadera<\/span><br \/>\n<span>2016: fractura clav\u00edcula <\/span><\/p>\n<p><span>2017<\/span><span>: fractura de mano derecha<\/span><br \/>\n<span>2018: fractura de clav\u00edcula derecha<\/span><br \/>\n<span>2019: fractura de tobillo y pie<\/span><br \/>\n<span>2020: fracturas C1, C6 y T3<\/span><br \/>\n<span>2021: fractura de om\u00f3plato<\/span><br \/>\n<span>2022: fractura compleja de tal\u00f3n<\/span><br \/>\n<span>2023: fractura vertebral C5 y fractura de clav\u00edcula<\/span><\/p>\n<p>&nbsp;<\/p>\n","protected":false},"excerpt":{"rendered":"<p>Puede que sea el piloto m\u00e1s r\u00e1pido en una moto de cross y el piloto&#8230;<\/p>\n","protected":false},"author":2,"featured_media":59655,"comment_status":"open","ping_status":"open","sticky":false,"template":"","format":"standard","meta":{"om_disable_all_campaigns":false,"_monsterinsights_skip_tracking":false,"_monsterinsights_sitenote_active":false,"_monsterinsights_sitenote_note":"","_monsterinsights_sitenote_category":0,"_uf_show_specific_survey":0,"_uf_disable_surveys":false,"footnotes":""},"categories":[37,24,115],"tags":[],"class_list":["post-65738","post","type-post","status-publish","format-standard","has-post-thumbnail","hentry","category-crossprensa","category-mxgp","category-mxgp-argentina"],"aioseo_notices":[],"_links":{"self":[{"href":"https:\/\/www.crossprensa.com.ar\/news\/wp-json\/wp\/v2\/posts\/65738","targetHints":{"allow":["GET"]}}],"collection":[{"href":"https:\/\/www.crossprensa.com.ar\/news\/wp-json\/wp\/v2\/posts"}],"about":[{"href":"https:\/\/www.crossprensa.com.ar\/news\/wp-json\/wp\/v2\/types\/post"}],"author":[{"embeddable":true,"href":"https:\/\/www.crossprensa.com.ar\/news\/wp-json\/wp\/v2\/users\/2"}],"replies":[{"embeddable":true,"href":"https:\/\/www.crossprensa.com.ar\/news\/wp-json\/wp\/v2\/comments?post=65738"}],"version-history":[{"count":1,"href":"https:\/\/www.crossprensa.com.ar\/news\/wp-json\/wp\/v2\/posts\/65738\/revisions"}],"predecessor-version":[{"id":65739,"href":"https:\/\/www.crossprensa.com.ar\/news\/wp-json\/wp\/v2\/posts\/65738\/revisions\/65739"}],"wp:featuredmedia":[{"embeddable":true,"href":"https:\/\/www.crossprensa.com.ar\/news\/wp-json\/wp\/v2\/media\/59655"}],"wp:attachment":[{"href":"https:\/\/www.crossprensa.com.ar\/news\/wp-json\/wp\/v2\/media?parent=65738"}],"wp:term":[{"taxonomy":"category","embeddable":true,"href":"https:\/\/www.crossprensa.com.ar\/news\/wp-json\/wp\/v2\/categories?post=65738"},{"taxonomy":"post_tag","embeddable":true,"href":"https:\/\/www.crossprensa.com.ar\/news\/wp-json\/wp\/v2\/tags?post=65738"}],"curies":[{"name":"wp","href":"https:\/\/api.w.org\/{rel}","templated":true}]}}