{"id":65692,"date":"2023-08-27T20:00:07","date_gmt":"2023-08-27T23:00:07","guid":{"rendered":"https:\/\/www.crossprensa.com.ar\/news\/?p=65692"},"modified":"2023-08-27T20:00:07","modified_gmt":"2023-08-27T23:00:07","slug":"la-rioja-vibro-con-el-desafio-ruta-40","status":"publish","type":"post","link":"https:\/\/www.crossprensa.com.ar\/news\/la-rioja-vibro-con-el-desafio-ruta-40\/crossprensa\/","title":{"rendered":"LA RIOJA VIBR\u00d3 CON EL DESAF\u00cdO RUTA 40!"},"content":{"rendered":"<p>110 pilotos tomaron la partida en una carrera que ser\u00e1 dur\u00edsima. Gran cantidad de fan\u00e1ticos se instal\u00f3 en las orillas del Dique Los Sauces para disfrutar de los primeros kil\u00f3metros de velocidad de una carrera que luego de la rampa de largada de este domingo, enfrentar\u00e1 cinco etapas y finalizar\u00e1 en Salta el pr\u00f3ximo 1 de septiembre. Adrien Van Beveren (Honda) en motos, Marcelo Medeiros (Yamaha) en Quads, y Nasser Al Attiyah (Toyota) en Autos, fueron los m\u00e1s veloces en el pr\u00f3logo. 110 pilotos (96 W2RC y OPEN m\u00e1s\u00a014 competidores de Desaf\u00edo Ansenuza) tomaron la partida del Pr\u00f3logo.<\/p>\n<p><!--more--><\/p>\n<p>FOTO DE TAPA: Juan Mar\u00eda Nimo sobre su moto.<\/p>\n<table class=\"x_mcnTextBlock\" border=\"0\" width=\"100%\" cellspacing=\"0\" cellpadding=\"0\">\n<tbody class=\"x_mcnTextBlockOuter\">\n<tr>\n<td class=\"x_mcnTextBlockInner\" valign=\"top\">\n<table class=\"x_mcnTextContentContainer\" border=\"0\" width=\"100%\" cellspacing=\"0\" cellpadding=\"0\" align=\"left\">\n<tbody>\n<tr>\n<td class=\"x_mcnTextContent\" valign=\"top\">\n<div>\n<p>La acci\u00f3n de la cuarta fecha del Campeonato del Mundo de Rally Raid (W2RC) puso primera con un breve pero interesante pr\u00f3logo de 9 kil\u00f3metros que sirvi\u00f3 para ordenar la largada de la etapa del lunes y que adem\u00e1s sirvi\u00f3 para que los pilotos finalmente puedan aflojar las tensiones de la previa.<br aria-hidden=\"true\" \/><br aria-hidden=\"true\" \/>En un sector sinuoso y con piso de poca adherencia, Adrien Van Beveren logr\u00f3 un tiempo de 6m48s y se impuso por sobre el local Luciano Benavides (Husqvarna), aunque separados por apenas un segundo. Mientras que Ricky Bravec (Honda) y Matthias Walkner (KTM) quedaron terceros a dos segundos del l\u00edder.<br aria-hidden=\"true\" \/><br aria-hidden=\"true\" \/>En Quads tambi\u00e9n hubo mucha paridad, con Marcelo Medeiros y Tob\u00edas Carrizo (Yamaha), igualados en tiempo, mientras que tercero, un segundo detr\u00e1s, se ubic\u00f3 Manuel Andujar (Yamaha). En Autos, Nasser Al Attiyah logr\u00f3 sacar una peque\u00f1a luz de 8 segundos sobre su compa\u00f1ero de equipo Yazeed Al Rajhi (Toyota). Tercero se ubic\u00f3 Mitchell Guthire (MCE5) -el mejor T3- a17 segundos de la punta.<\/p>\n<\/div>\n<\/td>\n<\/tr>\n<\/tbody>\n<\/table>\n<\/td>\n<\/tr>\n<\/tbody>\n<\/table>\n<table class=\"x_mcnImageBlock\" border=\"0\" width=\"100%\" cellspacing=\"0\" cellpadding=\"0\">\n<tbody class=\"x_mcnImageBlockOuter\">\n<tr>\n<td class=\"x_mcnImageBlockInner\" valign=\"top\">\n<table class=\"x_mcnImageContentContainer\" border=\"0\" width=\"100%\" cellspacing=\"0\" cellpadding=\"0\" align=\"left\">\n<tbody>\n<tr>\n<td class=\"x_mcnImageContent\" valign=\"top\"><a class=\"\" title=\"\" href=\"https:\/\/maseventos.us4.list-manage.com\/track\/click?u=75146c3981d47a073d3cdb858&amp;id=752c42896e&amp;e=f18304d135\" target=\"_blank\" rel=\"noopener noreferrer\" data-auth=\"NotApplicable\" data-linkindex=\"10\"><img decoding=\"async\" class=\"x_mcnImage\" src=\"https:\/\/mcusercontent.com\/75146c3981d47a073d3cdb858\/images\/c5dd6fee-d09f-4b31-c1f4-b8d6665e2fd1.jpeg\" alt=\"\" width=\"564\" align=\"center\" data-imagetype=\"External\" \/><\/a><\/td>\n<\/tr>\n<\/tbody>\n<\/table>\n<\/td>\n<\/tr>\n<\/tbody>\n<\/table>\n<table class=\"x_mcnTextBlock\" border=\"0\" width=\"100%\" cellspacing=\"0\" cellpadding=\"0\">\n<tbody class=\"x_mcnTextBlockOuter\">\n<tr>\n<td class=\"x_mcnTextBlockInner\" valign=\"top\">\n<table class=\"x_mcnTextContentContainer\" border=\"0\" width=\"100%\" cellspacing=\"0\" cellpadding=\"0\" align=\"left\">\n<tbody>\n<tr>\n<td class=\"x_mcnTextContent\" valign=\"top\">Pr\u00f3logo. Cr\u00e9dito de la foto:\u00a0Paco Foto Agencia<\/td>\n<\/tr>\n<\/tbody>\n<\/table>\n<\/td>\n<\/tr>\n<\/tbody>\n<\/table>\n<table class=\"x_mcnTextBlock\" border=\"0\" width=\"100%\" cellspacing=\"0\" cellpadding=\"0\">\n<tbody class=\"x_mcnTextBlockOuter\">\n<tr>\n<td class=\"x_mcnTextBlockInner\" valign=\"top\">\n<table class=\"x_mcnTextContentContainer\" border=\"0\" width=\"100%\" cellspacing=\"0\" cellpadding=\"0\" align=\"left\">\n<tbody>\n<tr>\n<td class=\"x_mcnTextContent\" valign=\"top\"><strong>Las voces de los pilotos:<\/strong><br aria-hidden=\"true\" \/><strong>Adrien Van Beveren<\/strong> (Monster Energy Honda\u00a0Team): <em>\u201cEs una linda sensaci\u00f3n empezar con la victoria, aunque no creo que cambie mucho la carrera en la general. Ma\u00f1ana los terrenos ser\u00e1n t\u00e9cnicos. Pero puede ser un poco enga\u00f1oso en t\u00e9rminos de navegaci\u00f3n. Igualmente, tenemos buenas sensaciones de estar en Argentina\u201d.<\/em><br aria-hidden=\"true\" \/><br aria-hidden=\"true\" \/><strong>Marcelo Medeiros<\/strong> (Quads):<em> \u201cFue un inicio muy r\u00e1pido, estilo WRC que me gusta bastante, similar a Brasil. El Quad funcion\u00f3 perfecto. Para ma\u00f1ana pienso salir con ritmo tranquilo, pensando en la navegaci\u00f3n, para no da\u00f1ar el veh\u00edculo\u201d.<\/em><br aria-hidden=\"true\" \/><br aria-hidden=\"true\" \/><strong>Nasser Al Attiyah<\/strong> (Toyota Gazoo Racing):\u00a0<em>\u201cHoy fue una etapa corta pero muy linda, t\u00e9cnica y veloz. Ganamos la especial y eso es importante porque podemos elegir el orden de largada para ma\u00f1ana. Espero ganar esta carrera\u201d.<\/em><\/td>\n<\/tr>\n<\/tbody>\n<\/table>\n<\/td>\n<\/tr>\n<\/tbody>\n<\/table>\n<table class=\"x_mcnImageBlock\" border=\"0\" width=\"100%\" cellspacing=\"0\" cellpadding=\"0\">\n<tbody class=\"x_mcnImageBlockOuter\">\n<tr>\n<td class=\"x_mcnImageBlockInner\" valign=\"top\">\n<table class=\"x_mcnImageContentContainer\" border=\"0\" width=\"100%\" cellspacing=\"0\" cellpadding=\"0\" align=\"left\">\n<tbody>\n<tr>\n<td class=\"x_mcnImageContent\" valign=\"top\"><a class=\"\" title=\"\" href=\"https:\/\/maseventos.us4.list-manage.com\/track\/click?u=75146c3981d47a073d3cdb858&amp;id=4b13b6b130&amp;e=f18304d135\" target=\"_blank\" rel=\"noopener noreferrer\" data-auth=\"NotApplicable\" data-linkindex=\"11\"><img decoding=\"async\" class=\"x_mcnImage\" src=\"https:\/\/mcusercontent.com\/75146c3981d47a073d3cdb858\/_compresseds\/c42a221c-4bc9-6c9d-600c-0ee7b6c1e563.jpg\" alt=\"\" width=\"564\" align=\"center\" data-imagetype=\"External\" \/><\/a><\/td>\n<\/tr>\n<\/tbody>\n<\/table>\n<\/td>\n<\/tr>\n<\/tbody>\n<\/table>\n<table class=\"x_mcnTextBlock\" border=\"0\" width=\"100%\" cellspacing=\"0\" cellpadding=\"0\">\n<tbody class=\"x_mcnTextBlockOuter\">\n<tr>\n<td class=\"x_mcnTextBlockInner\" valign=\"top\">\n<table class=\"x_mcnTextContentContainer\" border=\"0\" width=\"100%\" cellspacing=\"0\" cellpadding=\"0\" align=\"left\">\n<tbody>\n<tr>\n<td class=\"x_mcnTextContent\" valign=\"top\"><span style=\"color: #000000; font-family: arial, helvetica neue, helvetica, sans-serif;\">Ruben y Yesica Gentile. Cr\u00e9dito de la fofo: Paco Foto Agencia<\/span><\/td>\n<\/tr>\n<\/tbody>\n<\/table>\n<\/td>\n<\/tr>\n<\/tbody>\n<\/table>\n<table class=\"x_mcnTextBlock\" border=\"0\" width=\"100%\" cellspacing=\"0\" cellpadding=\"0\">\n<tbody class=\"x_mcnTextBlockOuter\">\n<tr>\n<td class=\"x_mcnTextBlockInner\" valign=\"top\">\n<table class=\"x_mcnTextContentContainer\" border=\"0\" width=\"100%\" cellspacing=\"0\" cellpadding=\"0\" align=\"left\">\n<tbody>\n<tr>\n<td class=\"x_mcnTextContent\" valign=\"top\">\n<div>\n<p><strong>Desaf\u00edo Ruta 40: El legado<\/strong><br aria-hidden=\"true\" \/>Esta 11\u00b0 edici\u00f3n del Desaf\u00edo Ruta 40 YPF cuenta con una particularidad: Una gran cantidad de padres e hijos corriendo simult\u00e1neamente e inclusive, otros siguiendo el legado que dejaron sus padres en este desaf\u00edo.<br aria-hidden=\"true\" \/><br aria-hidden=\"true\" \/>En esta oportunidad son cinco las familias que participan. En el plano internacional, se presentan los paraguayos Blas Zapag Peralta (padre e hijo) y por el lado de Bolivia, la familia Mart\u00ednez que participa con Leonardo y su hija, Suany. En cuanto a los argentinos, est\u00e1n haciendo lo propio los Rostan, Santiago (padre) y Santiago (hijo), como as\u00ed tambi\u00e9n la familia Gentile que corren en el mismo veh\u00edculo: Ruben manejar\u00e1 y su hija, Yesica, lo acompa\u00f1a como navegante. Justamente, sobre esta experiencia en familiar Rub\u00e9n coment\u00f3: \u201cCorrer con una hija es una experiencia \u00fanica. Estar ac\u00e1 en semejante evento es impensado para nosotros. Queremos salir y llegar juntos\u201d.<br aria-hidden=\"true\" \/><br aria-hidden=\"true\" \/>Por su parte, Juan Cruz Yacopini, buscar\u00e1 extender el legado de su padre Alejando. Mientras que Jerem\u00edas Pascual sigue con la tradici\u00f3n de su padre Pablo. \u201cDesde muy chico fuimos aprendiendo con mi padre, con mi t\u00edo, haciendo las hojas de ruta y estando al lado de ellos. Nunca lo pusimos en pr\u00e1ctica, la teor\u00eda estaba inconscientemente en m\u00ed, eso me facilito mucho para aprender sobre la moto\u201d, cont\u00f3 Jerem\u00edas sobre su corta experiencia en el Rally, que buscar\u00e1 extender, ya que est\u00e1 inscripto en el Road To Dakar y buscar\u00e1 asegurar su plaza para el Rally Dakar en este Desaf\u00edo Ruta 40.<\/p>\n<\/div>\n<\/td>\n<\/tr>\n<\/tbody>\n<\/table>\n<\/td>\n<\/tr>\n<\/tbody>\n<\/table>\n<table class=\"x_mcnImageBlock\" border=\"0\" width=\"100%\" cellspacing=\"0\" cellpadding=\"0\">\n<tbody class=\"x_mcnImageBlockOuter\">\n<tr>\n<td class=\"x_mcnImageBlockInner\" valign=\"top\">\n<table class=\"x_mcnImageContentContainer\" border=\"0\" width=\"100%\" cellspacing=\"0\" cellpadding=\"0\" align=\"left\">\n<tbody>\n<tr>\n<td class=\"x_mcnImageContent\" valign=\"top\"><a class=\"\" title=\"\" href=\"https:\/\/maseventos.us4.list-manage.com\/track\/click?u=75146c3981d47a073d3cdb858&amp;id=80415d67cf&amp;e=f18304d135\" target=\"_blank\" rel=\"noopener noreferrer\" data-auth=\"NotApplicable\" data-linkindex=\"12\"><img decoding=\"async\" class=\"x_mcnImage\" src=\"https:\/\/mcusercontent.com\/75146c3981d47a073d3cdb858\/_compresseds\/9a0e0d45-6227-030f-42c2-4fec4ebe875b.jpg\" alt=\"\" width=\"564\" align=\"center\" data-imagetype=\"External\" \/><\/a><\/td>\n<\/tr>\n<\/tbody>\n<\/table>\n<\/td>\n<\/tr>\n<\/tbody>\n<\/table>\n<table class=\"x_mcnTextBlock\" border=\"0\" width=\"100%\" cellspacing=\"0\" cellpadding=\"0\">\n<tbody class=\"x_mcnTextBlockOuter\">\n<tr>\n<td class=\"x_mcnTextBlockInner\" valign=\"top\">\n<table class=\"x_mcnTextContentContainer\" border=\"0\" width=\"100%\" cellspacing=\"0\" cellpadding=\"0\" align=\"left\">\n<tbody>\n<tr>\n<td class=\"x_mcnTextContent\" valign=\"top\"><span style=\"color: #000000; font-family: arial, helvetica neue, helvetica, sans-serif;\">Cr\u00e9dito de la fofo: Paco Foto Agencia<\/span><\/td>\n<\/tr>\n<\/tbody>\n<\/table>\n<\/td>\n<\/tr>\n<\/tbody>\n<\/table>\n<table class=\"x_mcnTextBlock\" border=\"0\" width=\"100%\" cellspacing=\"0\" cellpadding=\"0\">\n<tbody class=\"x_mcnTextBlockOuter\">\n<tr>\n<td class=\"x_mcnTextBlockInner\" valign=\"top\">\n<table class=\"x_mcnTextContentContainer\" border=\"0\" width=\"100%\" cellspacing=\"0\" cellpadding=\"0\" align=\"left\">\n<tbody>\n<tr>\n<td class=\"x_mcnTextContent\" valign=\"top\">\n<div>\n<p><strong>Ma\u00f1ana se pone en marcha la primera etapa<\/strong><br aria-hidden=\"true\" \/>Este lunes ser\u00e1 el momento de la verdad. La caravana enfrentar\u00e1 la primera jornada larga de competencia, con una etapa de 696 kil\u00f3metros, de los cuales 334 ser\u00e1n de velocidad plena. La carrera comenzar\u00e1 con una secci\u00f3n de r\u00edos secos con pisos arenosos, para r\u00e1pidamente pasar a caminos de monta\u00f1a, t\u00edpicos de rally. Habr\u00e1 que estar muy atentos, porque la gravilla suelta puede hacer perder adherencia a los veh\u00edculos y al costado del camino esperan grandes rocas y algunos precipicios.\u00a0<br aria-hidden=\"true\" \/><br aria-hidden=\"true\" \/>Ser\u00e1 una especial ideal para aquellos que disfrutan del manejo en sectores sinuosos y donde los pilotos m\u00e1s h\u00e1biles sacar\u00e1n alguna diferencia.<\/p>\n<\/div>\n<\/td>\n<\/tr>\n<\/tbody>\n<\/table>\n<\/td>\n<\/tr>\n<\/tbody>\n<\/table>\n","protected":false},"excerpt":{"rendered":"<p>110 pilotos tomaron la partida en una carrera que ser\u00e1 dur\u00edsima. Gran cantidad de fan\u00e1ticos&#8230;<\/p>\n","protected":false},"author":2,"featured_media":65693,"comment_status":"open","ping_status":"open","sticky":false,"template":"","format":"standard","meta":{"om_disable_all_campaigns":false,"_monsterinsights_skip_tracking":false,"_monsterinsights_sitenote_active":false,"_monsterinsights_sitenote_note":"","_monsterinsights_sitenote_category":0,"_uf_show_specific_survey":0,"_uf_disable_surveys":false,"footnotes":""},"categories":[37],"tags":[],"class_list":["post-65692","post","type-post","status-publish","format-standard","has-post-thumbnail","hentry","category-crossprensa"],"aioseo_notices":[],"_links":{"self":[{"href":"https:\/\/www.crossprensa.com.ar\/news\/wp-json\/wp\/v2\/posts\/65692","targetHints":{"allow":["GET"]}}],"collection":[{"href":"https:\/\/www.crossprensa.com.ar\/news\/wp-json\/wp\/v2\/posts"}],"about":[{"href":"https:\/\/www.crossprensa.com.ar\/news\/wp-json\/wp\/v2\/types\/post"}],"author":[{"embeddable":true,"href":"https:\/\/www.crossprensa.com.ar\/news\/wp-json\/wp\/v2\/users\/2"}],"replies":[{"embeddable":true,"href":"https:\/\/www.crossprensa.com.ar\/news\/wp-json\/wp\/v2\/comments?post=65692"}],"version-history":[{"count":1,"href":"https:\/\/www.crossprensa.com.ar\/news\/wp-json\/wp\/v2\/posts\/65692\/revisions"}],"predecessor-version":[{"id":65694,"href":"https:\/\/www.crossprensa.com.ar\/news\/wp-json\/wp\/v2\/posts\/65692\/revisions\/65694"}],"wp:featuredmedia":[{"embeddable":true,"href":"https:\/\/www.crossprensa.com.ar\/news\/wp-json\/wp\/v2\/media\/65693"}],"wp:attachment":[{"href":"https:\/\/www.crossprensa.com.ar\/news\/wp-json\/wp\/v2\/media?parent=65692"}],"wp:term":[{"taxonomy":"category","embeddable":true,"href":"https:\/\/www.crossprensa.com.ar\/news\/wp-json\/wp\/v2\/categories?post=65692"},{"taxonomy":"post_tag","embeddable":true,"href":"https:\/\/www.crossprensa.com.ar\/news\/wp-json\/wp\/v2\/tags?post=65692"}],"curies":[{"name":"wp","href":"https:\/\/api.w.org\/{rel}","templated":true}]}}