{"id":65662,"date":"2023-08-26T02:08:59","date_gmt":"2023-08-26T05:08:59","guid":{"rendered":"https:\/\/www.crossprensa.com.ar\/news\/?p=65662"},"modified":"2023-08-25T21:15:22","modified_gmt":"2023-08-26T00:15:22","slug":"ama-pro-motocross-los-horarios-de-hoy-sabado","status":"publish","type":"post","link":"https:\/\/www.crossprensa.com.ar\/news\/ama-pro-motocross-los-horarios-de-hoy-sabado\/ama-motocross\/","title":{"rendered":"AMA PRO MOTOCROSS &#8211; LOS HORARIOS DE HOY S\u00c1BADO!"},"content":{"rendered":"<p>Y todo el pa\u00eds crossero estar\u00e1 expectante de lo que suceda en Ironman, con la presencia del veloz argentino Ferm\u00edn Ciccimarra que estar\u00e1 clasificando para poder entrar en la final de la dur\u00edsima categor\u00eda 250 en el AMA PRO MOTOCROSS! Aqu\u00ed te contamos a que hora pod\u00e9s ver todo!<\/p>\n<p><!--more--><\/p>\n<h3><span style=\"color: #000080;\"><strong>HORARIOS<\/strong><\/span><\/h3>\n<p><strong>250MX<\/strong><\/p>\n<p><strong>250MX Group B Qualifying 1 9:00 <\/strong><\/p>\n<p><strong>250MX Group A Qualifying 1 9:20 <\/strong><\/p>\n<p><strong>250MX Group B Qualifying 2 10:45 <\/strong><\/p>\n<p><strong>250MX Group A Qualifying 2 11:10 <\/strong><\/p>\n<p><strong>250MX Consolation Race \u00a012:45 <\/strong><\/p>\n<p><strong>250MX Moto 1 14:11 <\/strong><\/p>\n<p><strong>250MX Moto 2 16:21 <\/strong><\/p>\n<p>&nbsp;<\/p>\n<p><strong>450MX<\/strong><\/p>\n<p><strong>450MX Group A Qualifying 1 9:50 <\/strong><\/p>\n<p><strong>450MX Group B Qualifying 1 10:10 <\/strong><\/p>\n<p><strong>450MX Group A Qualifying 2 11:35 <\/strong><\/p>\n<p><strong>450MX Group B Qualifying 2 12:00 <\/strong><\/p>\n<p><strong>450MX Consolation Race 13:00 <\/strong><\/p>\n<p><strong>450MX Moto 1 15:11 <\/strong><\/p>\n<p><strong>450MX Moto 2 17:23 <\/strong><\/p>\n","protected":false},"excerpt":{"rendered":"<p>Y todo el pa\u00eds crossero estar\u00e1 expectante de lo que suceda en Ironman, con la&#8230;<\/p>\n","protected":false},"author":2,"featured_media":0,"comment_status":"open","ping_status":"open","sticky":false,"template":"","format":"standard","meta":{"om_disable_all_campaigns":false,"_monsterinsights_skip_tracking":false,"_monsterinsights_sitenote_active":false,"_monsterinsights_sitenote_note":"","_monsterinsights_sitenote_category":0,"_uf_show_specific_survey":0,"_uf_disable_surveys":false,"footnotes":""},"categories":[25,37],"tags":[],"class_list":["post-65662","post","type-post","status-publish","format-standard","hentry","category-ama-motocross","category-crossprensa"],"aioseo_notices":[],"_links":{"self":[{"href":"https:\/\/www.crossprensa.com.ar\/news\/wp-json\/wp\/v2\/posts\/65662","targetHints":{"allow":["GET"]}}],"collection":[{"href":"https:\/\/www.crossprensa.com.ar\/news\/wp-json\/wp\/v2\/posts"}],"about":[{"href":"https:\/\/www.crossprensa.com.ar\/news\/wp-json\/wp\/v2\/types\/post"}],"author":[{"embeddable":true,"href":"https:\/\/www.crossprensa.com.ar\/news\/wp-json\/wp\/v2\/users\/2"}],"replies":[{"embeddable":true,"href":"https:\/\/www.crossprensa.com.ar\/news\/wp-json\/wp\/v2\/comments?post=65662"}],"version-history":[{"count":1,"href":"https:\/\/www.crossprensa.com.ar\/news\/wp-json\/wp\/v2\/posts\/65662\/revisions"}],"predecessor-version":[{"id":65664,"href":"https:\/\/www.crossprensa.com.ar\/news\/wp-json\/wp\/v2\/posts\/65662\/revisions\/65664"}],"wp:attachment":[{"href":"https:\/\/www.crossprensa.com.ar\/news\/wp-json\/wp\/v2\/media?parent=65662"}],"wp:term":[{"taxonomy":"category","embeddable":true,"href":"https:\/\/www.crossprensa.com.ar\/news\/wp-json\/wp\/v2\/categories?post=65662"},{"taxonomy":"post_tag","embeddable":true,"href":"https:\/\/www.crossprensa.com.ar\/news\/wp-json\/wp\/v2\/tags?post=65662"}],"curies":[{"name":"wp","href":"https:\/\/api.w.org\/{rel}","templated":true}]}}