{"id":65657,"date":"2023-08-25T20:06:34","date_gmt":"2023-08-25T23:06:34","guid":{"rendered":"https:\/\/www.crossprensa.com.ar\/news\/?p=65657"},"modified":"2023-08-25T20:33:00","modified_gmt":"2023-08-25T23:33:00","slug":"fermin-ciccimarra-clasifica-para-el-ama-pro-mx","status":"publish","type":"post","link":"https:\/\/www.crossprensa.com.ar\/news\/fermin-ciccimarra-clasifica-para-el-ama-pro-mx\/ama-motocross\/","title":{"rendered":"FERMIN CICCIMARRA, CLASIFICA PARA EL AMA PRO MX!"},"content":{"rendered":"<p>El tandilense est\u00e1 inscripto para clasificar en Ironman, en la fecha final del AMA PRO MOTOCROSS que culmina este S\u00e1bado en Crawfordsville, Indiana.<\/p>\n<p>Lo estar\u00e1 haciendo sobre una Yamaha en la categor\u00eda 250, y toda la carrera la podr\u00e1n ver EN VIVO y seguir todo en Crossprensa, como siempre!<\/p>\n<p><!--more--><\/p>\n<p><img fetchpriority=\"high\" decoding=\"async\" class=\"alignnone size-full wp-image-65658\" src=\"http:\/\/www.crossprensa.com.ar\/news\/wp-content\/uploads\/2023\/08\/IMG-20181007-WA0079-2.jpeg\" alt=\"\" width=\"1030\" height=\"667\" \/><\/p>\n<p><img decoding=\"async\" src=\"https:\/\/mcusercontent.com\/98c37f2e5c171e2f47a3c383d\/images\/84f474b2-7c70-4cd1-6bac-ec59d1995bf4.jpg\" \/><\/p>\n","protected":false},"excerpt":{"rendered":"<p>El tandilense est\u00e1 inscripto para clasificar en Ironman, en la fecha final del AMA PRO&#8230;<\/p>\n","protected":false},"author":2,"featured_media":65659,"comment_status":"open","ping_status":"open","sticky":false,"template":"","format":"standard","meta":{"om_disable_all_campaigns":false,"_monsterinsights_skip_tracking":false,"_monsterinsights_sitenote_active":false,"_monsterinsights_sitenote_note":"","_monsterinsights_sitenote_category":0,"_uf_show_specific_survey":0,"_uf_disable_surveys":false,"footnotes":""},"categories":[25,37],"tags":[],"class_list":["post-65657","post","type-post","status-publish","format-standard","has-post-thumbnail","hentry","category-ama-motocross","category-crossprensa"],"aioseo_notices":[],"_links":{"self":[{"href":"https:\/\/www.crossprensa.com.ar\/news\/wp-json\/wp\/v2\/posts\/65657","targetHints":{"allow":["GET"]}}],"collection":[{"href":"https:\/\/www.crossprensa.com.ar\/news\/wp-json\/wp\/v2\/posts"}],"about":[{"href":"https:\/\/www.crossprensa.com.ar\/news\/wp-json\/wp\/v2\/types\/post"}],"author":[{"embeddable":true,"href":"https:\/\/www.crossprensa.com.ar\/news\/wp-json\/wp\/v2\/users\/2"}],"replies":[{"embeddable":true,"href":"https:\/\/www.crossprensa.com.ar\/news\/wp-json\/wp\/v2\/comments?post=65657"}],"version-history":[{"count":2,"href":"https:\/\/www.crossprensa.com.ar\/news\/wp-json\/wp\/v2\/posts\/65657\/revisions"}],"predecessor-version":[{"id":65661,"href":"https:\/\/www.crossprensa.com.ar\/news\/wp-json\/wp\/v2\/posts\/65657\/revisions\/65661"}],"wp:featuredmedia":[{"embeddable":true,"href":"https:\/\/www.crossprensa.com.ar\/news\/wp-json\/wp\/v2\/media\/65659"}],"wp:attachment":[{"href":"https:\/\/www.crossprensa.com.ar\/news\/wp-json\/wp\/v2\/media?parent=65657"}],"wp:term":[{"taxonomy":"category","embeddable":true,"href":"https:\/\/www.crossprensa.com.ar\/news\/wp-json\/wp\/v2\/categories?post=65657"},{"taxonomy":"post_tag","embeddable":true,"href":"https:\/\/www.crossprensa.com.ar\/news\/wp-json\/wp\/v2\/tags?post=65657"}],"curies":[{"name":"wp","href":"https:\/\/api.w.org\/{rel}","templated":true}]}}