{"id":65648,"date":"2023-08-25T11:07:12","date_gmt":"2023-08-25T14:07:12","guid":{"rendered":"https:\/\/www.crossprensa.com.ar\/news\/?p=65648"},"modified":"2023-08-25T15:24:33","modified_gmt":"2023-08-25T18:24:33","slug":"pre-latino-de-minicross-en-reconquista-horarios","status":"publish","type":"post","link":"https:\/\/www.crossprensa.com.ar\/news\/pre-latino-de-minicross-en-reconquista-horarios\/minicross-argentino\/","title":{"rendered":"PRE LATINO DE MINICROSS EN RECONQUISTA &#8211; HORARIOS"},"content":{"rendered":"<p>Se acerca un gran fin de semana en un circuito que se presentar\u00e1 excelente y veremos como soporta la exigencia de muchos pilotos que ya est\u00e1n pre inscriptos! Much\u00edsimos uruguayos estar\u00e1n en Reconquista y Crossprensa estar\u00e1 EN VIVO con Ferm\u00edn Guti\u00e9rrez en la pista, con las mejores fotos y toda la informaci\u00f3n.<\/p>\n<p><!--more--><\/p>\n<p>Las mejores fotos, pedilas haciendo CLICK abajo!<\/p>\n<p><a href=\"https:\/\/www.instagram.com\/phfg58\/\"><img fetchpriority=\"high\" decoding=\"async\" class=\"alignnone wp-image-65287 size-full\" src=\"http:\/\/www.crossprensa.com.ar\/news\/wp-content\/uploads\/2023\/07\/WhatsApp-Image-2023-06-05-at-10.37.26.jpeg\" alt=\"\" width=\"1283\" height=\"109\" \/><\/a><\/p>\n<p><a href=\"https:\/\/www.instagram.com\/bambamotorsport\/\"><img decoding=\"async\" class=\"alignnone wp-image-65149 size-full\" src=\"http:\/\/www.crossprensa.com.ar\/news\/wp-content\/uploads\/2023\/07\/WhatsApp-Image-2023-22-072-at-18.00.32.jpeg\" alt=\"\" width=\"1283\" height=\"110\" \/><\/a><\/p>\n<p><img decoding=\"async\" class=\"alignnone size-full wp-image-65650\" src=\"http:\/\/www.crossprensa.com.ar\/news\/wp-content\/uploads\/2023\/08\/WhatsApp-Image-2023-08-25-at-10.12.41.jpeg\" alt=\"\" width=\"899\" height=\"1599\" \/><\/p>\n","protected":false},"excerpt":{"rendered":"<p>Se acerca un gran fin de semana en un circuito que se presentar\u00e1 excelente y&#8230;<\/p>\n","protected":false},"author":2,"featured_media":0,"comment_status":"open","ping_status":"open","sticky":false,"template":"","format":"standard","meta":{"om_disable_all_campaigns":false,"_monsterinsights_skip_tracking":false,"_monsterinsights_sitenote_active":false,"_monsterinsights_sitenote_note":"","_monsterinsights_sitenote_category":0,"_uf_show_specific_survey":0,"_uf_disable_surveys":false,"footnotes":""},"categories":[37,35],"tags":[],"class_list":["post-65648","post","type-post","status-publish","format-standard","hentry","category-crossprensa","category-minicross-argentino"],"aioseo_notices":[],"_links":{"self":[{"href":"https:\/\/www.crossprensa.com.ar\/news\/wp-json\/wp\/v2\/posts\/65648","targetHints":{"allow":["GET"]}}],"collection":[{"href":"https:\/\/www.crossprensa.com.ar\/news\/wp-json\/wp\/v2\/posts"}],"about":[{"href":"https:\/\/www.crossprensa.com.ar\/news\/wp-json\/wp\/v2\/types\/post"}],"author":[{"embeddable":true,"href":"https:\/\/www.crossprensa.com.ar\/news\/wp-json\/wp\/v2\/users\/2"}],"replies":[{"embeddable":true,"href":"https:\/\/www.crossprensa.com.ar\/news\/wp-json\/wp\/v2\/comments?post=65648"}],"version-history":[{"count":3,"href":"https:\/\/www.crossprensa.com.ar\/news\/wp-json\/wp\/v2\/posts\/65648\/revisions"}],"predecessor-version":[{"id":65653,"href":"https:\/\/www.crossprensa.com.ar\/news\/wp-json\/wp\/v2\/posts\/65648\/revisions\/65653"}],"wp:attachment":[{"href":"https:\/\/www.crossprensa.com.ar\/news\/wp-json\/wp\/v2\/media?parent=65648"}],"wp:term":[{"taxonomy":"category","embeddable":true,"href":"https:\/\/www.crossprensa.com.ar\/news\/wp-json\/wp\/v2\/categories?post=65648"},{"taxonomy":"post_tag","embeddable":true,"href":"https:\/\/www.crossprensa.com.ar\/news\/wp-json\/wp\/v2\/tags?post=65648"}],"curies":[{"name":"wp","href":"https:\/\/api.w.org\/{rel}","templated":true}]}}