{"id":65511,"date":"2023-08-12T20:27:17","date_gmt":"2023-08-12T23:27:17","guid":{"rendered":"https:\/\/www.crossprensa.com.ar\/news\/?p=65511"},"modified":"2023-08-12T20:29:00","modified_gmt":"2023-08-12T23:29:00","slug":"mxgp-prado-mas-cerca-del-titulo-desde-la-clasificacion","status":"publish","type":"post","link":"https:\/\/www.crossprensa.com.ar\/news\/mxgp-prado-mas-cerca-del-titulo-desde-la-clasificacion\/mxgp\/","title":{"rendered":"MXGP: PRADO MAS CERCA DEL T\u00cdTULO DESDE LA CLASIFICACI\u00d3N!"},"content":{"rendered":"<p>El primer d\u00eda de carreras del\u00a0<strong>MXGP de Suecia<\/strong> termin\u00f3 hoy en Uddevalla dentro de un circuito sueco de la vieja escuela, rodeado por las bellas colinas rocosas y el bosque, fue el lugar perfecto para mostrar un gran espect\u00e1culo para la clasificaci\u00f3n RAM.<\/p>\n<p><!--more--><\/p>\n<p>En MXGP, fue\u00a0\u00a0<strong>Jorge Prado, de Red Bull GASGAS Factory Racing,<\/strong> \u00a0quien logr\u00f3 su d\u00e9cima victoria en calificaci\u00f3n, mientras que\u00a0 <strong>Kevin Horgmo, del F&amp;H Kawasaki Racing Team,<\/strong>\u00a0 logr\u00f3 su primera victoria de la temporada de manera excelente.<\/p>\n<p><img decoding=\"async\" class=\"size-full wp-image-64760 aligncenter\" src=\"http:\/\/www.crossprensa.com.ar\/news\/wp-content\/uploads\/2023\/06\/MX2_RGB.jpg\" alt=\"\" width=\"82\" height=\"30\" \/><\/p>\n<p><img decoding=\"async\" class=\"size-full wp-image-64758 aligncenter\" src=\"http:\/\/www.crossprensa.com.ar\/news\/wp-content\/uploads\/2023\/06\/Red-line.jpg\" alt=\"\" width=\"408\" height=\"11\" \/><\/p>\n<p><a href=\"https:\/\/www.instagram.com\/kawasaki.argentina\/\"><img fetchpriority=\"high\" decoding=\"async\" class=\"alignnone wp-image-65164 size-full\" src=\"http:\/\/www.crossprensa.com.ar\/news\/wp-content\/uploads\/2023\/07\/kawa1200x100_animado-1.gif\" alt=\"\" width=\"1200\" height=\"100\" \/><\/a><\/p>\n<p><img loading=\"lazy\" decoding=\"async\" class=\"alignnone size-full wp-image-65512\" src=\"http:\/\/www.crossprensa.com.ar\/news\/wp-content\/uploads\/2023\/08\/ORGMO-SAT-MOTOCROSS-GP-15-SWE-2023.jpg\" alt=\"\" width=\"1024\" height=\"683\" srcset=\"https:\/\/www.crossprensa.com.ar\/news\/wp-content\/uploads\/2023\/08\/ORGMO-SAT-MOTOCROSS-GP-15-SWE-2023.jpg 1024w, https:\/\/www.crossprensa.com.ar\/news\/wp-content\/uploads\/2023\/08\/ORGMO-SAT-MOTOCROSS-GP-15-SWE-2023-300x200.jpg 300w, https:\/\/www.crossprensa.com.ar\/news\/wp-content\/uploads\/2023\/08\/ORGMO-SAT-MOTOCROSS-GP-15-SWE-2023-600x400.jpg 600w, https:\/\/www.crossprensa.com.ar\/news\/wp-content\/uploads\/2023\/08\/ORGMO-SAT-MOTOCROSS-GP-15-SWE-2023-768x512.jpg 768w, https:\/\/www.crossprensa.com.ar\/news\/wp-content\/uploads\/2023\/08\/ORGMO-SAT-MOTOCROSS-GP-15-SWE-2023-750x500.jpg 750w\" sizes=\"(max-width: 1024px) 100vw, 1024px\" \/><\/p>\n<p><strong>MX2 \u2013 Carrera clasificatoria:<\/strong>\u00a0\u00a01. Kevin Horgmo (NOR, Kawasaki), 24:12.095;\u00a02. Liam Everts (BEL, KTM), +0:00.856;\u00a03. Andrea Adamo (ITA, KTM), +0:17.421;\u00a04. Simon Laengenfelder (GER, GASGAS), +0:18.945;\u00a05. Rick Elzinga (NED, Yamaha), +0:26.636;\u00a06. David Braceras (ESP, Kawasaki), +0:27.650;\u00a07. Oriol Oliver (ESP, KTM), +0:28.487;\u00a08. Isak Gifting (SWE, GASGAS), +0:30.324;\u00a09. Emil Weckman (FIN, Honda), +0:32.015;\u00a010. Camden McLellan (RSA, Honda), +0:42.355<\/p>\n<p><strong>MX2 &#8211; Campeonato:<\/strong>\u00a0\u00a01. Andrea Adamo (ITA, KTM), 627 puntos;\u00a02. Jago Geerts (BEL, YAM), 559 p.;\u00a03. Liam Everts (BEL, KTM), 541 p\u00e1gs.;\u00a04. Kay de Wolf (NED, HUS), 501 p.;\u00a05. Simon Laengenfelder (GER, GAS), 499 p.;\u00a06. Thibault Benistant (FRA, YAM), 462 p.;\u00a07. Lucas Coenen (BEL, HUS), 461 p.;\u00a08. Roan Van De Moosdijk (NED, HUS), 433 p.;\u00a09. Kevin Horgmo (NOR, KAW), 405 p.;\u00a010. Jan Pancar (SLO,<\/p>\n<p><img loading=\"lazy\" decoding=\"async\" class=\"size-full wp-image-64759 aligncenter\" src=\"http:\/\/www.crossprensa.com.ar\/news\/wp-content\/uploads\/2023\/06\/MXGP_RGB-1.jpg\" alt=\"\" width=\"104\" height=\"30\" \/><\/p>\n<p><img decoding=\"async\" class=\"size-full wp-image-64758 aligncenter\" src=\"http:\/\/www.crossprensa.com.ar\/news\/wp-content\/uploads\/2023\/06\/Red-line.jpg\" alt=\"\" width=\"408\" height=\"11\" \/><\/p>\n<p><a href=\"https:\/\/www.instagram.com\/gasgas.argentina\/\"><img loading=\"lazy\" decoding=\"async\" class=\"alignnone wp-image-65151 size-full\" src=\"http:\/\/www.crossprensa.com.ar\/news\/wp-content\/uploads\/2023\/07\/WhatsApp-Image-2023-22-072-at-18.00.29-1.jpeg\" alt=\"\" width=\"1283\" height=\"109\" \/><\/a><\/p>\n<p><strong>MXGP \u2013 Carrera Clasificatoria:<\/strong>\u00a01. Jorge Prado (ESP, GASGAS), 25:28.322; 2. Tim Gajser (SLO, Honda), +0:09.859; 3. Jeremy Seewer (SUI, Yamaha), +0:12.147; 4. Jeffrey Herlings (NED, KTM), +0:19.917; 5. Romain Febvre (FRA, Kawasaki), +0:25.896; 6. Calvin Vlaanderen (NED, Yamaha), +0:26.702; 7. Ruben Fernandez (ESP, Honda), +0:29.443; 8. Valentin Guillod (SUI, Honda), +0:36.194; 9. Alberto Forato (ITA, KTM), +0:37.768; 10. Benoit Paturel (FRA, Yamaha), +0:41.440<\/p>\n<p><strong>MXGP &#8211; Campeonato:<\/strong>\u00a01. Jorge Prado (ESP, GAS), 730 points; 2. Romain Febvre (FRA, KAW), 628 p.; 3. Jeremy Seewer (SUI, YAM), 558 p.; 4. Glenn Coldenhoff (NED, YAM), 525 p.; 5. Ruben Fernandez (ESP, HON), 493 p.; 6. Calvin Vlaanderen (NED, YAM), 482 p.; 7. Jeffrey Herlings (NED, KTM), 425 p.; 8. Alberto Forato (ITA, KTM), 352 p.; 9. Valentin Guillod (SUI, HON), 279 p.; 10. Benoit Paturel (FRA, YAM), 205 p<\/p>\n<p><img loading=\"lazy\" decoding=\"async\" src=\"https:\/\/www.mxgp.com\/sites\/default\/files\/images\/GAJSER-SAT-MOTOCROSS-GP-15-SWE-2023.jpg\" alt=\"\" width=\"270\" height=\"180\" data-imagetype=\"External\" \/>\u00a0\u00a0 \u00a0\u00a0<img loading=\"lazy\" decoding=\"async\" src=\"https:\/\/www.mxgp.com\/sites\/default\/files\/images\/SEEWER-SAT-MOTOCROSS-GP-15-SWE-2023.jpg\" alt=\"\" width=\"270\" height=\"180\" data-imagetype=\"External\" \/><\/p>\n","protected":false},"excerpt":{"rendered":"<p>El primer d\u00eda de carreras del\u00a0MXGP de Suecia termin\u00f3 hoy en Uddevalla dentro de un&#8230;<\/p>\n","protected":false},"author":2,"featured_media":65513,"comment_status":"open","ping_status":"open","sticky":false,"template":"","format":"standard","meta":{"om_disable_all_campaigns":false,"_monsterinsights_skip_tracking":false,"_monsterinsights_sitenote_active":false,"_monsterinsights_sitenote_note":"","_monsterinsights_sitenote_category":0,"_uf_show_specific_survey":0,"_uf_disable_surveys":false,"footnotes":""},"categories":[37,24],"tags":[],"class_list":["post-65511","post","type-post","status-publish","format-standard","has-post-thumbnail","hentry","category-crossprensa","category-mxgp"],"aioseo_notices":[],"_links":{"self":[{"href":"https:\/\/www.crossprensa.com.ar\/news\/wp-json\/wp\/v2\/posts\/65511","targetHints":{"allow":["GET"]}}],"collection":[{"href":"https:\/\/www.crossprensa.com.ar\/news\/wp-json\/wp\/v2\/posts"}],"about":[{"href":"https:\/\/www.crossprensa.com.ar\/news\/wp-json\/wp\/v2\/types\/post"}],"author":[{"embeddable":true,"href":"https:\/\/www.crossprensa.com.ar\/news\/wp-json\/wp\/v2\/users\/2"}],"replies":[{"embeddable":true,"href":"https:\/\/www.crossprensa.com.ar\/news\/wp-json\/wp\/v2\/comments?post=65511"}],"version-history":[{"count":3,"href":"https:\/\/www.crossprensa.com.ar\/news\/wp-json\/wp\/v2\/posts\/65511\/revisions"}],"predecessor-version":[{"id":65516,"href":"https:\/\/www.crossprensa.com.ar\/news\/wp-json\/wp\/v2\/posts\/65511\/revisions\/65516"}],"wp:featuredmedia":[{"embeddable":true,"href":"https:\/\/www.crossprensa.com.ar\/news\/wp-json\/wp\/v2\/media\/65513"}],"wp:attachment":[{"href":"https:\/\/www.crossprensa.com.ar\/news\/wp-json\/wp\/v2\/media?parent=65511"}],"wp:term":[{"taxonomy":"category","embeddable":true,"href":"https:\/\/www.crossprensa.com.ar\/news\/wp-json\/wp\/v2\/categories?post=65511"},{"taxonomy":"post_tag","embeddable":true,"href":"https:\/\/www.crossprensa.com.ar\/news\/wp-json\/wp\/v2\/tags?post=65511"}],"curies":[{"name":"wp","href":"https:\/\/api.w.org\/{rel}","templated":true}]}}