{"id":65499,"date":"2023-08-11T11:09:54","date_gmt":"2023-08-11T14:09:54","guid":{"rendered":"https:\/\/www.crossprensa.com.ar\/news\/?p=65499"},"modified":"2023-08-11T11:09:54","modified_gmt":"2023-08-11T14:09:54","slug":"bandera-amarilla-hace-falta-explicar","status":"publish","type":"post","link":"https:\/\/www.crossprensa.com.ar\/news\/bandera-amarilla-hace-falta-explicar\/crossprensa\/","title":{"rendered":"BANDERA AMARILLA&#8230; hace falta explicar?"},"content":{"rendered":"<p>Hablar del tema banderas parece hasta algo que DEBER\u00cdA ser innecesario, pero se torna recurrente viendo que los pilotos no hacen caso sobre todo a esta bandera, LA AMARILLA.<\/p>\n<p>Es la indicaci\u00f3n de peligro, de una ca\u00edda, de una obstrucci\u00f3n en la pista. Y siguen a fondo, contin\u00faan acelerando como si nada sin pensar que del otro lado puede estar ca\u00eddo un amigo, un hermano, un compa\u00f1ero de pista.<\/p>\n<p><!--more--><\/p>\n<p>Recuerdo perfectamente cuando me lleg\u00f3 mi primera licencia de piloto por correo, desde la Asociaci\u00f3n Santafesina de Motocross de Rafaela, y firmada por Alberto &#8220;Beto&#8221; Rigoni. Pero cuando te presentabas a correr, &#8220;El Beto&#8221; siempre recordaba las banderas con su meg\u00e1fono, recordando la funci\u00f3n de cada una y sobre todo de la amarilla. Y si algo pasaba o no hac\u00edas caso, agarrate. A veces bandera negra, a veces te daban con el palito de la bandera en el casco&#8230; m\u00e9todo poco ortodoxo y menos a\u00fan educativo, pero en la cabeza te entraba!<\/p>\n<p>En las miles de carreras que hemos visto, fuimos testigos de muchos accidentes tanto en el automovilismo como en el motociclismo en general, y que es lo primero que sale a agitarse? LA BANDERA AMARILLA.<\/p>\n<p>Los portadores de esa bandera la mueven como si tuviesen el enjambre de abejas mas grande del mundo pic\u00e1ndolos! Se desesperan para que los vean!<\/p>\n<p>Y muchas pero MUCHAS veces, no hacen caso. O mejor, como se dice en boxes: NI PELOTA A LA BANDERA!<\/p>\n<p>Y que dice el reglamento?<\/p>\n<p>BANDERA AMARILLA EXTENDIDA Y QUIETA &#8211; FRENAR &#8211; No saltar. Pasar el sitio del accidente u obst\u00e1culo a paso de hombre, prohibido adelantar a otro piloto. Manejar con precauci\u00f3n.<\/p>\n<p>BANDERA AMARILLA AGITADA: FRENAR &#8211; PROHIBIDO SALTAR &#8211; PROHIBIDO ADELANTAR A OTRO PILOTO &#8211; PREP\u00c1RESE A DETENERSE.<\/p>\n<p>Esto lo hemos hablado mil veces pero no entra en la cabeza de los pilotos y da la sensaci\u00f3n que deber\u00edan tener una clase did\u00e1ctica en cada previa de una carrera para record\u00e1rselos. No es necesario porque est\u00e1 en cada reglamento, se dice, se destaca, se comenta. Simplemente BAJEN LA ADRENALINA y si otro los pasa o salta ser\u00e1 problema DEL OTRO porque va a ser sancionado, como pas\u00f3 en Gral. Cabrera con el golpe de Marengo. Segu\u00edan a fondo, saltando y lo pasaban por detr\u00e1s o al costado, llenando de tierra a los medicos y al piloto ca\u00eddo como si nada&#8230;<\/p>\n<p>Ahora&#8230; mi pregunta es la siguiente: Si alguien mas se golpeaba? No solo se iba a ca\u00e9r el piloto que protagonice la acci\u00f3n, sino que le iba a caer encima a los m\u00e9dicos, al otro piloto ca\u00eddo, al curioso de turno, y a los asistentes de pista mas los camilleros. En res\u00famen: Una carnicer\u00eda. Y algo mas, QUE TIENE QUE HACER LA GENTE DENTRO DE LA PISTA??? Demasiada hab\u00eda.<\/p>\n<p>PERO:<\/p>\n<p>Y si el ca\u00eddo sos vos?<\/p>\n<p>Y si el que queda paral\u00edtico porque otro te cay\u00f3 encima sos vos?<\/p>\n<p>Y si el que se muere porque otro no hizo caso a la bandera amarilla sos vos?<\/p>\n<p>Sonar\u00e1 duro, pero que alguien me quite la raz\u00f3n de esas preguntas.<\/p>\n<p>Lo que si se deber\u00eda hacer sin intermediar NADA en las carreras, es sacarle bandera negra en forma INMEDIATA al piloto que cometa la terrible infracci\u00f3n de no hacer caso a una bandera amarilla. De esa forma, excluy\u00e9ndolo de la carrera, van a aprender con dureza que no deben hacerlo mas.<\/p>\n<p>Este video es de 2016, pero lo que hizo en su momento Marcelo Galaverna como Comisario Deportivo es lo mas correcto que vi, y no le tembl\u00f3 ni la voz ni la mano para decirles EST\u00c1N TODOS DESCLASIFICADOS:<\/p>\n<blockquote class=\"wp-embedded-content\" data-secret=\"kbz6bVsyXd\"><p><a href=\"http:\/\/www.crossprensa.com.ar\/news\/historico-en-el-mx-argentino-todos-desclasificados\/mx\/\">Hist\u00f3rico en el MX Argentino: TODOS desclasificados.<\/a><\/p><\/blockquote>\n<p><iframe class=\"wp-embedded-content\" sandbox=\"allow-scripts\" security=\"restricted\" style=\"position: absolute; clip: rect(1px, 1px, 1px, 1px);\" title=\"\u00abHist\u00f3rico en el MX Argentino: TODOS desclasificados.\u00bb \u2014 Donde el MOTOCROSS VIVE\" src=\"http:\/\/www.crossprensa.com.ar\/news\/historico-en-el-mx-argentino-todos-desclasificados\/mx\/embed\/#?secret=AwylxkSiBA#?secret=kbz6bVsyXd\" data-secret=\"kbz6bVsyXd\" width=\"600\" height=\"338\" frameborder=\"0\" marginwidth=\"0\" marginheight=\"0\" scrolling=\"no\"><\/iframe><\/p>\n<p>Otro tema importante tambi\u00e9n son a QUIEN le dan la bandera amarilla&#8230; muchas veces son chicos que le ponen buena voluntad pero eso no alcanza. Si ayudan en la pista, ponen estacas, pintan postes, ordenan cosas, pero eso no es un banderillero, que le digan SI SE CAE ALGUNO VOS MOV\u00c9 LA BANDERA!<\/p>\n<p>Primero hace falta decisi\u00f3n, segundo tienen que SABER lo que est\u00e1n haciendo y tercero NO TIENEN QUE PONERSE A MIRAR LA CARRERA!!! La mala acci\u00f3n de gente que tiene la bandera de casualidad un rato ese Domingo, alguna vez va a ser causa de que lamentemos un accidente grave. Y cada ente fiscalizador cuando les da la charla previa a TODOS los que el club organizador proponga como banderilleros, va a tener que intensificar este breve aprendizaje que tampoco es saber como aterrizar en Marte&#8230; Otra cosa que NO saben hacer es como indicar a los pilotos que siguen en carrera por donde pasar, o donde deben pararse los banderilleros para proteger al piloto ca\u00eddo, y eso es MUY importante porque por reacci\u00f3n natural el piloto que sigue en carrera va a evitar a un humano parado, sin importar si tiene bandera o no. Y muchas, MUCH\u00cdSIMAS veces, solo agitan la bandera y los pilotos aunque frenen se encuentran con el piloto o la moto tirados en el piso.<\/p>\n<p>Espero que lo empiecen a pensar seriamente, porque llegar primero a la bandera a cuadros te marca como ganador. Hacerle caso a la bandera amarilla, te marca como piloto serio, porque no hacer caso puede significar la muerte. Les guste o no, es as\u00ed.<\/p>\n<p>Pampero.<\/p>\n<p>&nbsp;<\/p>\n","protected":false},"excerpt":{"rendered":"<p>Hablar del tema banderas parece hasta algo que DEBER\u00cdA ser innecesario, pero se torna recurrente&#8230;<\/p>\n","protected":false},"author":2,"featured_media":0,"comment_status":"open","ping_status":"open","sticky":false,"template":"","format":"standard","meta":{"om_disable_all_campaigns":false,"_monsterinsights_skip_tracking":false,"_monsterinsights_sitenote_active":false,"_monsterinsights_sitenote_note":"","_monsterinsights_sitenote_category":0,"_uf_show_specific_survey":0,"_uf_disable_surveys":false,"footnotes":""},"categories":[37],"tags":[],"class_list":["post-65499","post","type-post","status-publish","format-standard","hentry","category-crossprensa"],"aioseo_notices":[],"_links":{"self":[{"href":"https:\/\/www.crossprensa.com.ar\/news\/wp-json\/wp\/v2\/posts\/65499","targetHints":{"allow":["GET"]}}],"collection":[{"href":"https:\/\/www.crossprensa.com.ar\/news\/wp-json\/wp\/v2\/posts"}],"about":[{"href":"https:\/\/www.crossprensa.com.ar\/news\/wp-json\/wp\/v2\/types\/post"}],"author":[{"embeddable":true,"href":"https:\/\/www.crossprensa.com.ar\/news\/wp-json\/wp\/v2\/users\/2"}],"replies":[{"embeddable":true,"href":"https:\/\/www.crossprensa.com.ar\/news\/wp-json\/wp\/v2\/comments?post=65499"}],"version-history":[{"count":2,"href":"https:\/\/www.crossprensa.com.ar\/news\/wp-json\/wp\/v2\/posts\/65499\/revisions"}],"predecessor-version":[{"id":65502,"href":"https:\/\/www.crossprensa.com.ar\/news\/wp-json\/wp\/v2\/posts\/65499\/revisions\/65502"}],"wp:attachment":[{"href":"https:\/\/www.crossprensa.com.ar\/news\/wp-json\/wp\/v2\/media?parent=65499"}],"wp:term":[{"taxonomy":"category","embeddable":true,"href":"https:\/\/www.crossprensa.com.ar\/news\/wp-json\/wp\/v2\/categories?post=65499"},{"taxonomy":"post_tag","embeddable":true,"href":"https:\/\/www.crossprensa.com.ar\/news\/wp-json\/wp\/v2\/tags?post=65499"}],"curies":[{"name":"wp","href":"https:\/\/api.w.org\/{rel}","templated":true}]}}