{"id":65463,"date":"2023-08-09T10:30:26","date_gmt":"2023-08-09T13:30:26","guid":{"rendered":"https:\/\/www.crossprensa.com.ar\/news\/?p=65463"},"modified":"2023-08-09T10:30:26","modified_gmt":"2023-08-09T13:30:26","slug":"ama-motocross-vuelve-barcia-este-fin-de-semana","status":"publish","type":"post","link":"https:\/\/www.crossprensa.com.ar\/news\/ama-motocross-vuelve-barcia-este-fin-de-semana\/ama-motocross\/","title":{"rendered":"AMA MOTOCROSS: VUELVE BARCIA ESTE FIN DE SEMANA!"},"content":{"rendered":"<p>La novena fecha de este fin de semana del Campeonato AMA Pro Motocross en Unadilla ver\u00e1 a Justin Barcia hacer un esperado regreso a la acci\u00f3n con Troy Lee Designs\/Red Bull\/GASGAS Factory Racing, marcando su primera aparici\u00f3n en motocross de la temporada 2023.<\/p>\n<p><!--more--><\/p>\n<p><a href=\"https:\/\/www.instagram.com\/gasgas.sportadventure\/?hl=en\"><img fetchpriority=\"high\" decoding=\"async\" class=\"alignnone wp-image-65245 size-full\" src=\"http:\/\/www.crossprensa.com.ar\/news\/wp-content\/uploads\/2023\/07\/WhatsApp-Image-2023-22-072-at-18.00.35.jpeg\" alt=\"\" width=\"1283\" height=\"109\" \/><\/a><\/p>\n<p>Barcia, que recientemente estuvo en el GASGAS Spice It Up Festival en Italia para ayudar a presentar la gama 2024, volver\u00e1 a la pista con su MC 450F Factory Edition en las \u00faltimas tres carreras de la temporada de motocross y est\u00e1 emocionado de generar impulso en el curso de las pr\u00f3ximas tres semanas.<br \/>\nJustin se lesion\u00f3 inicialmente a fines de abril en la carrera del Campeonato AMA Supercross de Nashville, y las complicaciones retrasaron su regreso. A pesar de no participar en las etapas finales de la temporada 450SX y perderse la mayor\u00eda de Pro Motocross, el piloto de 31 a\u00f1os actualmente ocupa el d\u00e9cimo lugar en la clasificaci\u00f3n combinada del Campeonato Mundial de SuperMotocross (SMX).<br \/>\nJustin Barcia: \u201cHa sido un proceso, seguro, mucho en que pensar. Hemos superado la lesi\u00f3n ahora despu\u00e9s de dos cirug\u00edas, mucho entrenamiento y mucha recuperaci\u00f3n, as\u00ed que definitivamente estoy emocionado de volver a mi carrera de local en Nueva York para los fan\u00e1ticos y para m\u00ed, solo para largar. No hay expectativas establecidas porque he estado fuera durante muchos meses, as\u00ed que solo quierolargar, divertirme y construir. Obviamente, como corredor, siempre quieres ser competitivo, pero solo necesito volver a las carreras y disfrutar de estar con el equipo, as\u00ed como con mi familia y amigos all\u00ed. \u00a1Unadilla va a ser una carrera genial!\u201d.<\/p>\n<p><a href=\"https:\/\/www.instagram.com\/gasgas.argentina\/?hl=en\"><img decoding=\"async\" class=\"alignnone wp-image-65151 size-full\" src=\"http:\/\/www.crossprensa.com.ar\/news\/wp-content\/uploads\/2023\/07\/WhatsApp-Image-2023-22-072-at-18.00.29-1.jpeg\" alt=\"\" width=\"1283\" height=\"109\" \/><\/a><br \/>\nCon Barcia aline\u00e1ndose junto al equipo regular de 250MX Pierce Brown este s\u00e1bado en Unadilla, Troy Lee Designs\/Red Bull\/GASGAS Factory Racing quiere agradecer al piloto suplente Caden Braswell por sus esfuerzos durante las primeras ocho carreras de la serie.<\/p>\n<p>Ser\u00e1 una carrera para no perd\u00e9rsela! y como siempre EN VIVO con Crossprensa!<\/p>\n<p>&nbsp;<\/p>\n","protected":false},"excerpt":{"rendered":"<p>La novena fecha de este fin de semana del Campeonato AMA Pro Motocross en Unadilla&#8230;<\/p>\n","protected":false},"author":2,"featured_media":65464,"comment_status":"open","ping_status":"open","sticky":false,"template":"","format":"standard","meta":{"om_disable_all_campaigns":false,"_monsterinsights_skip_tracking":false,"_monsterinsights_sitenote_active":false,"_monsterinsights_sitenote_note":"","_monsterinsights_sitenote_category":0,"_uf_show_specific_survey":0,"_uf_disable_surveys":false,"footnotes":""},"categories":[25,37],"tags":[],"class_list":["post-65463","post","type-post","status-publish","format-standard","has-post-thumbnail","hentry","category-ama-motocross","category-crossprensa"],"aioseo_notices":[],"_links":{"self":[{"href":"https:\/\/www.crossprensa.com.ar\/news\/wp-json\/wp\/v2\/posts\/65463","targetHints":{"allow":["GET"]}}],"collection":[{"href":"https:\/\/www.crossprensa.com.ar\/news\/wp-json\/wp\/v2\/posts"}],"about":[{"href":"https:\/\/www.crossprensa.com.ar\/news\/wp-json\/wp\/v2\/types\/post"}],"author":[{"embeddable":true,"href":"https:\/\/www.crossprensa.com.ar\/news\/wp-json\/wp\/v2\/users\/2"}],"replies":[{"embeddable":true,"href":"https:\/\/www.crossprensa.com.ar\/news\/wp-json\/wp\/v2\/comments?post=65463"}],"version-history":[{"count":1,"href":"https:\/\/www.crossprensa.com.ar\/news\/wp-json\/wp\/v2\/posts\/65463\/revisions"}],"predecessor-version":[{"id":65465,"href":"https:\/\/www.crossprensa.com.ar\/news\/wp-json\/wp\/v2\/posts\/65463\/revisions\/65465"}],"wp:featuredmedia":[{"embeddable":true,"href":"https:\/\/www.crossprensa.com.ar\/news\/wp-json\/wp\/v2\/media\/65464"}],"wp:attachment":[{"href":"https:\/\/www.crossprensa.com.ar\/news\/wp-json\/wp\/v2\/media?parent=65463"}],"wp:term":[{"taxonomy":"category","embeddable":true,"href":"https:\/\/www.crossprensa.com.ar\/news\/wp-json\/wp\/v2\/categories?post=65463"},{"taxonomy":"post_tag","embeddable":true,"href":"https:\/\/www.crossprensa.com.ar\/news\/wp-json\/wp\/v2\/tags?post=65463"}],"curies":[{"name":"wp","href":"https:\/\/api.w.org\/{rel}","templated":true}]}}