{"id":65425,"date":"2023-08-03T18:31:26","date_gmt":"2023-08-03T21:31:26","guid":{"rendered":"https:\/\/www.crossprensa.com.ar\/news\/?p=65425"},"modified":"2023-08-03T18:31:26","modified_gmt":"2023-08-03T21:31:26","slug":"mx-argentino-en-la-rioja-horarios-del-fin-de-semana","status":"publish","type":"post","link":"https:\/\/www.crossprensa.com.ar\/news\/mx-argentino-en-la-rioja-horarios-del-fin-de-semana\/mx-argentino\/","title":{"rendered":"MX ARGENTINO EN LA RIOJA &#8211; HORARIOS DEL FIN DE SEMANA!"},"content":{"rendered":"<p>Lo esperaban&#8230; el cronograma para el fin de semana en LA RIOJA, con la presencia de la categor\u00eda femenina y la gran cantidad de participantes locales!<\/p>\n<p>Aqu\u00ed, todos los horarios de S\u00e1bado y Domingo, para todas las categor\u00edas.<\/p>\n<p><!--more--><\/p>\n<p>En la foto de tapa, la largada de la MX2 en 2016! Blanco, Cassano, Garrido, Kriger, Toro, Artico, Garro&#8230; que pilotos!!!<\/p>\n<p><img fetchpriority=\"high\" decoding=\"async\" class=\"alignnone size-full wp-image-65414\" src=\"http:\/\/www.crossprensa.com.ar\/news\/wp-content\/uploads\/2023\/08\/lariogob-1.jpg\" alt=\"\" width=\"1288\" height=\"386\" \/><\/p>\n<p>&nbsp;<\/p>\n<p><img decoding=\"async\" class=\"alignnone size-full wp-image-65426\" src=\"http:\/\/www.crossprensa.com.ar\/news\/wp-content\/uploads\/2023\/08\/WhatsApp-Image-2023-08-03-at-17.41.57.jpeg\" alt=\"\" width=\"1131\" height=\"1600\" \/><\/p>\n<p><img decoding=\"async\" class=\"alignnone size-full wp-image-65373\" src=\"http:\/\/www.crossprensa.com.ar\/news\/wp-content\/uploads\/2023\/08\/Sin-titulo-7090.jpg\" alt=\"\" width=\"1283\" height=\"111\" \/><\/p>\n<p><img loading=\"lazy\" decoding=\"async\" class=\"alignnone size-full wp-image-65427\" src=\"http:\/\/www.crossprensa.com.ar\/news\/wp-content\/uploads\/2023\/08\/WhatsApp-Image-2023-08-03-at-17.41.57-1.jpeg\" alt=\"\" width=\"1131\" height=\"1600\" \/><\/p>\n","protected":false},"excerpt":{"rendered":"<p>Lo esperaban&#8230; el cronograma para el fin de semana en LA RIOJA, con la presencia&#8230;<\/p>\n","protected":false},"author":2,"featured_media":65428,"comment_status":"open","ping_status":"open","sticky":false,"template":"","format":"standard","meta":{"om_disable_all_campaigns":false,"_monsterinsights_skip_tracking":false,"_monsterinsights_sitenote_active":false,"_monsterinsights_sitenote_note":"","_monsterinsights_sitenote_category":0,"_uf_show_specific_survey":0,"_uf_disable_surveys":false,"footnotes":""},"categories":[37,27],"tags":[],"class_list":["post-65425","post","type-post","status-publish","format-standard","has-post-thumbnail","hentry","category-crossprensa","category-mx-argentino"],"aioseo_notices":[],"_links":{"self":[{"href":"https:\/\/www.crossprensa.com.ar\/news\/wp-json\/wp\/v2\/posts\/65425","targetHints":{"allow":["GET"]}}],"collection":[{"href":"https:\/\/www.crossprensa.com.ar\/news\/wp-json\/wp\/v2\/posts"}],"about":[{"href":"https:\/\/www.crossprensa.com.ar\/news\/wp-json\/wp\/v2\/types\/post"}],"author":[{"embeddable":true,"href":"https:\/\/www.crossprensa.com.ar\/news\/wp-json\/wp\/v2\/users\/2"}],"replies":[{"embeddable":true,"href":"https:\/\/www.crossprensa.com.ar\/news\/wp-json\/wp\/v2\/comments?post=65425"}],"version-history":[{"count":1,"href":"https:\/\/www.crossprensa.com.ar\/news\/wp-json\/wp\/v2\/posts\/65425\/revisions"}],"predecessor-version":[{"id":65429,"href":"https:\/\/www.crossprensa.com.ar\/news\/wp-json\/wp\/v2\/posts\/65425\/revisions\/65429"}],"wp:featuredmedia":[{"embeddable":true,"href":"https:\/\/www.crossprensa.com.ar\/news\/wp-json\/wp\/v2\/media\/65428"}],"wp:attachment":[{"href":"https:\/\/www.crossprensa.com.ar\/news\/wp-json\/wp\/v2\/media?parent=65425"}],"wp:term":[{"taxonomy":"category","embeddable":true,"href":"https:\/\/www.crossprensa.com.ar\/news\/wp-json\/wp\/v2\/categories?post=65425"},{"taxonomy":"post_tag","embeddable":true,"href":"https:\/\/www.crossprensa.com.ar\/news\/wp-json\/wp\/v2\/tags?post=65425"}],"curies":[{"name":"wp","href":"https:\/\/api.w.org\/{rel}","templated":true}]}}