{"id":65407,"date":"2023-08-02T12:15:32","date_gmt":"2023-08-02T15:15:32","guid":{"rendered":"https:\/\/www.crossprensa.com.ar\/news\/?p=65407"},"modified":"2023-08-03T13:19:29","modified_gmt":"2023-08-03T16:19:29","slug":"mx-argentino-en-la-rioja-vuelve-jose-luis-giraldo","status":"publish","type":"post","link":"https:\/\/www.crossprensa.com.ar\/news\/mx-argentino-en-la-rioja-vuelve-jose-luis-giraldo\/mx-argentino\/","title":{"rendered":"MX ARGENTINO EN LA RIOJA: Vuelve Jos\u00e9 Luis Giraldo!"},"content":{"rendered":"<p>El veloc\u00edsimo piloto riojano, protagonistas de hermosas carreras y muy peleadas cuando corri\u00f3 el MX Argentino, estar\u00e1 de vuelta este fin de semana en el circuito de la ciudad que lo vio nacer. Sin dudas que es un condimento especial\u00edsimo el que tendr\u00e1 su participaci\u00f3n para el p\u00fablico local!<\/p>\n<p><!--more--><\/p>\n<p>La foto es de 2016, cuando Ferm\u00edn Guti\u00e9rrez captaba su acci\u00f3n dentro de ese circuito m\u00edtico del motocross argentino.<\/p>\n<p>Ah\u00ed estaremos, EN VIVO. Y vos, te lo vas a perder? Suscribite a Crossprensa, y avisanos a whatsapp: 3425530220, para recibir siempre la mejor informaci\u00f3n no una hora despu\u00e9s ni ma\u00f1ana&#8230; AL INSTANTE!!! Y al lado de la pista.<\/p>\n<p><img fetchpriority=\"high\" decoding=\"async\" class=\"alignnone size-full wp-image-65414\" src=\"http:\/\/www.crossprensa.com.ar\/news\/wp-content\/uploads\/2023\/08\/lariogob-1.jpg\" alt=\"\" width=\"1288\" height=\"386\" \/><\/p>\n","protected":false},"excerpt":{"rendered":"<p>El veloc\u00edsimo piloto riojano, protagonistas de hermosas carreras y muy peleadas cuando corri\u00f3 el MX&#8230;<\/p>\n","protected":false},"author":2,"featured_media":65408,"comment_status":"open","ping_status":"open","sticky":false,"template":"","format":"standard","meta":{"om_disable_all_campaigns":false,"_monsterinsights_skip_tracking":false,"_monsterinsights_sitenote_active":false,"_monsterinsights_sitenote_note":"","_monsterinsights_sitenote_category":0,"_uf_show_specific_survey":0,"_uf_disable_surveys":false,"footnotes":""},"categories":[37,27],"tags":[],"class_list":["post-65407","post","type-post","status-publish","format-standard","has-post-thumbnail","hentry","category-crossprensa","category-mx-argentino"],"aioseo_notices":[],"_links":{"self":[{"href":"https:\/\/www.crossprensa.com.ar\/news\/wp-json\/wp\/v2\/posts\/65407","targetHints":{"allow":["GET"]}}],"collection":[{"href":"https:\/\/www.crossprensa.com.ar\/news\/wp-json\/wp\/v2\/posts"}],"about":[{"href":"https:\/\/www.crossprensa.com.ar\/news\/wp-json\/wp\/v2\/types\/post"}],"author":[{"embeddable":true,"href":"https:\/\/www.crossprensa.com.ar\/news\/wp-json\/wp\/v2\/users\/2"}],"replies":[{"embeddable":true,"href":"https:\/\/www.crossprensa.com.ar\/news\/wp-json\/wp\/v2\/comments?post=65407"}],"version-history":[{"count":2,"href":"https:\/\/www.crossprensa.com.ar\/news\/wp-json\/wp\/v2\/posts\/65407\/revisions"}],"predecessor-version":[{"id":65419,"href":"https:\/\/www.crossprensa.com.ar\/news\/wp-json\/wp\/v2\/posts\/65407\/revisions\/65419"}],"wp:featuredmedia":[{"embeddable":true,"href":"https:\/\/www.crossprensa.com.ar\/news\/wp-json\/wp\/v2\/media\/65408"}],"wp:attachment":[{"href":"https:\/\/www.crossprensa.com.ar\/news\/wp-json\/wp\/v2\/media?parent=65407"}],"wp:term":[{"taxonomy":"category","embeddable":true,"href":"https:\/\/www.crossprensa.com.ar\/news\/wp-json\/wp\/v2\/categories?post=65407"},{"taxonomy":"post_tag","embeddable":true,"href":"https:\/\/www.crossprensa.com.ar\/news\/wp-json\/wp\/v2\/tags?post=65407"}],"curies":[{"name":"wp","href":"https:\/\/api.w.org\/{rel}","templated":true}]}}