{"id":65360,"date":"2023-08-01T10:56:19","date_gmt":"2023-08-01T13:56:19","guid":{"rendered":"https:\/\/www.crossprensa.com.ar\/news\/?p=65360"},"modified":"2023-08-01T10:56:19","modified_gmt":"2023-08-01T13:56:19","slug":"mx-argentino-se-sacuden-las-piedras-riojanas","status":"publish","type":"post","link":"https:\/\/www.crossprensa.com.ar\/news\/mx-argentino-se-sacuden-las-piedras-riojanas\/mx-argentino\/","title":{"rendered":"MX ARGENTINO: Se sacuden las piedras riojanas&#8230;"},"content":{"rendered":"<p>Ya se siente, ya se vive, ya vibra&#8230; La 5ta. fecha del Campeonato Argentino de Motocross, se presentar\u00e1 en el circuito Plotter Berm\u00fadez en la ciudad capital de la provincia de La Rioja. ser\u00e1 la 2da. presentaci\u00f3n para la categor\u00eda femenina en el a\u00f1o con muchas pilotos locales presentes! Aqu\u00ed, les dejamos los campeonatos de todas las categor\u00edas que correr\u00e1n el fin de semana. Y todo en vivo como siempre, en Crossprensa!<\/p>\n<p><!--more--><\/p>\n<p><em>Para cenar en La Rioja, con el mejor sabor local&#8230; no tengas dudas! Click en la imagen de abajo y reserv\u00e1 YA tu lugar. Te lo recomienda Crossprensa!\u00a0<\/em><\/p>\n<p><a href=\"https:\/\/www.instagram.com\/laquerencialr\/?hl=en\"><img fetchpriority=\"high\" decoding=\"async\" class=\"alignnone wp-image-65373 size-full\" src=\"http:\/\/www.crossprensa.com.ar\/news\/wp-content\/uploads\/2023\/08\/Sin-titulo-7090.jpg\" alt=\"\" width=\"1283\" height=\"111\" \/><\/a><\/p>\n<p><img decoding=\"async\" class=\"alignnone size-full wp-image-65361\" src=\"http:\/\/www.crossprensa.com.ar\/news\/wp-content\/uploads\/2023\/08\/85a-1.jpg\" alt=\"\" width=\"1283\" height=\"110\" \/><\/p>\n<p>1 128 Francesco Copetti 157<br \/>\n2 999 Israel Bamba 119<br \/>\n3 90 Lazaro Rodriguez Priebe 99<br \/>\n4 25 Leon Gomez Courtade 88<br \/>\n5 86 Taro Rafael Nakatsuka 75<br \/>\n6 16 Ulises Corredera 63<br \/>\n7 513 Joaquin Curbelo Cabrera 63<br \/>\n8 77 Emiliano Carabajal 62<br \/>\n9 44 Juan Boris 47<br \/>\n10 65 Enrique Pfister Sosa 44<br \/>\n11 156 Matias VillaVeiran 37<br \/>\n12 27 Saul Kotler 35<br \/>\n13 122 Maximo Tomini Broggi 29<br \/>\n14 22 Ignacio Villagra 21<br \/>\n15 31 Conrado Walzynski 20<br \/>\n16 63 Francisco Birocco 16<br \/>\n17 84 Valentino Mosca 14<br \/>\n18 23 Bautista Galdeano 10<br \/>\n19 95 Pedro Gabriel Soria 10<br \/>\n20 131 Sebastian Figueroa 8<br \/>\n21 17 Valentino Alba 5<br \/>\n22 19 Yazird Ayala 5<br \/>\n23 12 Santino Riba 4<br \/>\n24 221 Marco Gambaro 4<br \/>\n25 74 Santino Calvari 3<br \/>\n26 99 Valentino Armas 3<br \/>\n27 100 Felipe Diaz 2<br \/>\n28 222 Martin Boncho 2<br \/>\n29 710 Nahuel Senatore 1<br \/>\n30 111 Juan Martin Figueroa 0<br \/>\n31 64 Joaquin Duarte 0<br \/>\n32 238 Ramiro Maria 0<br \/>\n33 41 Diego Rojas 0<br \/>\n34 142 Tomas Martin 0<\/p>\n<p><a href=\"https:\/\/www.instagram.com\/mdcalcos\/?hl=en\"><img decoding=\"async\" class=\"alignnone wp-image-65158 size-full\" src=\"http:\/\/www.crossprensa.com.ar\/news\/wp-content\/uploads\/2023\/07\/Sin-titulo-7052.jpg\" alt=\"\" width=\"1584\" height=\"127\" \/><\/a><\/p>\n<p><img loading=\"lazy\" decoding=\"async\" class=\"alignnone size-full wp-image-65362\" src=\"http:\/\/www.crossprensa.com.ar\/news\/wp-content\/uploads\/2023\/08\/85b-1.jpg\" alt=\"\" width=\"1283\" height=\"110\" \/><\/p>\n<p>1 114 Mijael Urfalian 139<br \/>\n2 177 Francisco Villagra 134<br \/>\n3 8 Gunji Nakatsuka 109<br \/>\n4 241 Mateo Cornejo 93<br \/>\n5 142 Tomas Martin 45<br \/>\n6 352 Felipe Avila 39<br \/>\n7 38 Agustin Sequeira 34<br \/>\n8 72 Salvador Ferreyra 32<br \/>\n9 119 Facundo Perea 24<br \/>\n10 180 Felipe Cruz 23<br \/>\n11 61 Benjamin Sotana 23<br \/>\n12 276 Benjamin Juarez 22<br \/>\n13 9 Francisco Rodriguez Priebe 18<br \/>\n14 151 Salvador Romero 18<br \/>\n15 28 Tobias Bua 18<br \/>\n16 199 Exequiel Jaime 15<br \/>\n17 227 Benjamin Alba 14<br \/>\n18 147 Valentino Gomez 0<\/p>\n<p><a href=\"https:\/\/www.instagram.com\/sl.mechanic\/?hl=en\"><img loading=\"lazy\" decoding=\"async\" class=\"alignnone wp-image-65160 size-full\" src=\"http:\/\/www.crossprensa.com.ar\/news\/wp-content\/uploads\/2023\/07\/Sin-titulo-7079.jpg\" alt=\"\" width=\"1283\" height=\"109\" \/><\/a><\/p>\n<p><img loading=\"lazy\" decoding=\"async\" class=\"alignnone size-full wp-image-65363\" src=\"http:\/\/www.crossprensa.com.ar\/news\/wp-content\/uploads\/2023\/08\/wmxa-1.jpg\" alt=\"\" width=\"1283\" height=\"110\" \/><\/p>\n<p>1 998 Valentina Galaz 40<br \/>\n2 1 Angela Feola 32<br \/>\n3 99 Jazmin Rutherford 25<br \/>\n4 107 Katerin Santana 24<br \/>\n5 9 Brenda Righi 23<br \/>\n6 901 Macarena Luzardo 22<br \/>\n7 45 Julieta Jerez 18<br \/>\n8 29 Natalia Scaglioni 18<br \/>\n9 31 Candelaria Lima 18<br \/>\n10 91 Celina Miranda 6<\/p>\n<p><a href=\"https:\/\/www.instagram.com\/mstyleargentina\/?hl=en\"><img loading=\"lazy\" decoding=\"async\" class=\"alignnone wp-image-65150 size-full\" src=\"http:\/\/www.crossprensa.com.ar\/news\/wp-content\/uploads\/2023\/07\/WhatsApp-Image-2023-22-072-at-18.00.31.jpeg\" alt=\"\" width=\"1283\" height=\"109\" \/><\/a><\/p>\n<p><img loading=\"lazy\" decoding=\"async\" class=\"alignnone size-full wp-image-65364\" src=\"http:\/\/www.crossprensa.com.ar\/news\/wp-content\/uploads\/2023\/08\/wmxb-1.jpg\" alt=\"\" width=\"1283\" height=\"110\" \/><\/p>\n<p>1 5 Guadalupe Luna 40<br \/>\n2 14 Guadalupe Alonso 34<br \/>\n3 82 Evangelina Iglesias 30<br \/>\n4 51 Agostina Ilariucci 24<br \/>\n5 22 Antonela Scaglioni 24<br \/>\n6 55 Daniela Fuentes 19<br \/>\n7 111 Maria Menichetti 17<br \/>\n8 7 Yoseline Altamirano 10<\/p>\n<p><a href=\"https:\/\/www.instagram.com\/lcmcovers\/?hl=en\"><img loading=\"lazy\" decoding=\"async\" class=\"alignnone wp-image-65167 size-full\" src=\"http:\/\/www.crossprensa.com.ar\/news\/wp-content\/uploads\/2023\/07\/Sin-titulo-5.jpg\" alt=\"\" width=\"1594\" height=\"174\" \/><\/a><\/p>\n<p><img loading=\"lazy\" decoding=\"async\" class=\"alignnone size-full wp-image-65365\" src=\"http:\/\/www.crossprensa.com.ar\/news\/wp-content\/uploads\/2023\/08\/mx3a-1.jpg\" alt=\"\" width=\"1283\" height=\"110\" \/><\/p>\n<p>1 07 Dario Arco 154<br \/>\n2 114 Sebastian Sanchez 131<br \/>\n3 241 Gustavo Rivero 113<br \/>\n4 1 Nicolas Carranza 106<br \/>\n5 511 Pedro Destefanis 76<br \/>\n6 95 Franco Calvera 71<br \/>\n7 100 Norberto Debernardi 26<br \/>\n8 135 Franco Vaccari 26<br \/>\n9 64 Jorge Clady 23<br \/>\n10 10 Matias Castillo 20<br \/>\n11 212 Juan Martin Sanchez Catala 19<br \/>\n12 202 Rodrigo Cancino 15<br \/>\n13 595 Mauro Thanos 7<\/p>\n<p><a href=\"https:\/\/www.instagram.com\/bambamotorsport\/?hl=en\"><img loading=\"lazy\" decoding=\"async\" class=\"alignnone wp-image-65149 size-full\" src=\"http:\/\/www.crossprensa.com.ar\/news\/wp-content\/uploads\/2023\/07\/WhatsApp-Image-2023-22-072-at-18.00.32.jpeg\" alt=\"\" width=\"1283\" height=\"110\" \/><\/a><\/p>\n<p><img loading=\"lazy\" decoding=\"async\" class=\"alignnone size-full wp-image-65366\" src=\"http:\/\/www.crossprensa.com.ar\/news\/wp-content\/uploads\/2023\/08\/mx3b-1.jpg\" alt=\"\" width=\"1283\" height=\"110\" \/><\/p>\n<p>1 100 Norberto Debernardi 120<br \/>\n2 108 Kevin Echeveste 120<br \/>\n3 89 German Rodriguez 101<br \/>\n4 70 Rodrigo Fernandez 92<br \/>\n5 27 Demian Guiral 72<br \/>\n6 51 David Caramella 57<br \/>\n7 86 Gabriel Fernandez 56<br \/>\n8 67 Hernan Villacreces 47<br \/>\n9 127 Patricio Rodriguez 43<br \/>\n10 722 Pablo Barella 41<br \/>\n11 52 Gonzalo Albert 37<br \/>\n12 311 Esteban Adriel 33<br \/>\n13 188 Carlos Segobia 32<br \/>\n14 14 Fernando Amoretti 32<br \/>\n15 99 Augusto Colafranceschi 30<br \/>\n16 19 Ignacio Molins Galdino 25<br \/>\n17 12 Ariel Bonomo 21<br \/>\n18 720 Patricio Petrocelli 19<br \/>\n19 134 Dardo Gentili 12<br \/>\n20 88 Leopoldo Grosso 11<br \/>\n21 58 Mariano Cadenas 10<br \/>\n22 38 Ariel Lopez 7<br \/>\n23 287 Fernando Rivara 3<br \/>\n24 11 Diego Figueroa 3<br \/>\n25 710 Gaston Senatore 2<br \/>\n26 47 Manuel Gili 1<br \/>\n27 4 Pablo Depetris 1<br \/>\n28 61 Adrian Testa 0<br \/>\n29 907 Jose Salas 0<br \/>\n30 9 Julio Mezher 0<br \/>\n31 44 German Boris 0<br \/>\n32 126 Diego Romero 0<br \/>\n33 18 Fernando Sanchez 0<br \/>\n34 104 Juan Pablo Diaz 0<br \/>\n35 77 Fabian Anderlique 0<br \/>\n36 111 Ricardo Dominguez 0<br \/>\n37 50 Nestor Dominguez 0<br \/>\n38 187 Ezequiel Merlo 0<\/p>\n<p><a href=\"https:\/\/www.instagram.com\/gabrielmana.neumaticos\/?hl=en\"><img loading=\"lazy\" decoding=\"async\" class=\"alignnone wp-image-65154 size-full\" src=\"http:\/\/www.crossprensa.com.ar\/news\/wp-content\/uploads\/2023\/07\/Sin-titulo-7083.jpg\" alt=\"\" width=\"1283\" height=\"109\" \/><\/a><\/p>\n<p><img loading=\"lazy\" decoding=\"async\" class=\"alignnone size-full wp-image-65367\" src=\"http:\/\/www.crossprensa.com.ar\/news\/wp-content\/uploads\/2023\/08\/mx3c-1.jpg\" alt=\"\" width=\"1283\" height=\"110\" \/><\/p>\n<p>1 510 Estanislao Salanueva 160<br \/>\n2 6 Julio Quiroga 118<br \/>\n3 113 Sebastian Urquia 111<br \/>\n4 712 Juan Casti\u00f1eira 87<br \/>\n5 219 Federico Guinsel 74<br \/>\n6 181 Martin Odetti 74<br \/>\n7 118 Marcelo Zecchin 60<br \/>\n8 987 Marcelo Mansilla 59<br \/>\n9 68 Guillermo Traversa 37<br \/>\n10 15 Ricardo Sarag\u00fceta 35<br \/>\n11 122 Ricardo Mira 31<br \/>\n12 441 Pablo Tomei 28<br \/>\n13 499 Pablo Estevez 26<br \/>\n14 628 Jorge Jimenez Maturana 23<br \/>\n15 17 German Campero 18<br \/>\n16 247 Gustavo Rivero 13<br \/>\n17 951 Carlos Garay 13<br \/>\n18 7 Dario Ovejero 12<br \/>\n19 284 Cristian Ava 6<br \/>\n20 96 Gabriel Gonzalez 3<br \/>\n21 5 Jorge Ochoa 0<br \/>\n22 23 Javier Follonier 0<\/p>\n<p><a href=\"https:\/\/www.instagram.com\/_sportadventure\/?hl=en\"><img loading=\"lazy\" decoding=\"async\" class=\"alignnone wp-image-65241 size-full\" src=\"http:\/\/www.crossprensa.com.ar\/news\/wp-content\/uploads\/2023\/07\/WhatsApp-Image-2023-22-072-at-18.00.34.jpeg\" alt=\"\" width=\"1283\" height=\"109\" \/><\/a><\/p>\n<p><img loading=\"lazy\" decoding=\"async\" class=\"alignnone size-full wp-image-65368\" src=\"http:\/\/www.crossprensa.com.ar\/news\/wp-content\/uploads\/2023\/08\/mx2b-1.jpg\" alt=\"\" width=\"1283\" height=\"110\" \/><\/p>\n<p>1 17 Juan Felipe Garcia 125<br \/>\n2 8 Felipe Vilchez 88<br \/>\n3 40 Felipe Favetto 79<br \/>\n4 911 Juan Jose Obregozo 78<br \/>\n5 30 Benjamin Pascual 73<br \/>\n6 204 Felipe Quirno Costa 71<br \/>\n7 432 Thomas Rivarola 68<br \/>\n8 48 Ignacio Bertopaulus 64<br \/>\n9 117 Julian Garrido 57<br \/>\n10 12 Tomas Rivero 55<br \/>\n11 28 Tomas Hegoburu 54<br \/>\n12 96 Joaquin Gomez 40<br \/>\n13 219 Joaquin Guinsel 36<br \/>\n14 111 Francisco Menichetti 28<br \/>\n15 92 Ivan Wohlmuth 25<br \/>\n16 178 Matias Mirtuono 19<br \/>\n17 15 Agustin Gollano 19<br \/>\n18 88 Maximo Castello 16<br \/>\n19 192 Vladimir Svetlik 14<br \/>\n20 294 Agustin Wensel 11<br \/>\n21 199 Mateo Campagnolle 8<br \/>\n22 118 Adolfo Scaglioni 6<br \/>\n23 77 Angel Ruarte 5<br \/>\n24 121 Santino Salgado 5<br \/>\n25 515 Juan Ignacio Piermarini 2<br \/>\n26 10 Facundo Echazu 1<br \/>\n27 41 Franco Richard 1<br \/>\n28 119 Yorgo Kutulas 0<br \/>\n29 23 Octavio Paz 0<br \/>\n30 170 Lautaro Marengo 0<br \/>\n31 158 Santigo Gonzalez 0<br \/>\n32 115 Tomas Gomez Tomaselli 0<br \/>\n33 122 Tomas Bolzonella 0<br \/>\n34 64 Nicolas Ciancio 0<\/p>\n<p><a href=\"https:\/\/www.instagram.com\/gasgas.argentina\/?hl=en\"><img loading=\"lazy\" decoding=\"async\" class=\"alignnone wp-image-65151 size-full\" src=\"http:\/\/www.crossprensa.com.ar\/news\/wp-content\/uploads\/2023\/07\/WhatsApp-Image-2023-22-072-at-18.00.29-1.jpeg\" alt=\"\" width=\"1283\" height=\"109\" \/><\/a><\/p>\n<p><a href=\"https:\/\/www.instagram.com\/gasgas.sportadventure\/?hl=en\"><img loading=\"lazy\" decoding=\"async\" class=\"alignnone wp-image-65245 size-full\" src=\"http:\/\/www.crossprensa.com.ar\/news\/wp-content\/uploads\/2023\/07\/WhatsApp-Image-2023-22-072-at-18.00.35.jpeg\" alt=\"\" width=\"1283\" height=\"109\" \/><\/a><\/p>\n<p><img loading=\"lazy\" decoding=\"async\" class=\"alignnone size-full wp-image-65370\" src=\"http:\/\/www.crossprensa.com.ar\/news\/wp-content\/uploads\/2023\/08\/mx2a-1-1.jpg\" alt=\"\" width=\"1283\" height=\"110\" \/><\/p>\n<p>1 54 Tomas Matkovich 130<br \/>\n2 75 Julian Seibel 124<br \/>\n3 146 German Bratschi 120<br \/>\n4 46 Alfonso Bratchi 107<br \/>\n5 347 Juan Abadia 73<br \/>\n6 19 Juan Ignacio Salgado 62<br \/>\n7 222 Franco Iavecchia 62<br \/>\n8 18 Fermin Ciccimarra 48<br \/>\n9 55 Nicolas Mana 40<br \/>\n10 187 Agustin Paez 34<br \/>\n11 753 Ramiro Lopez 21<br \/>\n12 288 Ignacio Liprandi 10<br \/>\n13 95 Maximo Caceres 0<\/p>\n<p><a href=\"https:\/\/www.instagram.com\/kawasaki.argentina\/?hl=en\"><img loading=\"lazy\" decoding=\"async\" class=\"alignnone wp-image-65164 size-full\" src=\"http:\/\/www.crossprensa.com.ar\/news\/wp-content\/uploads\/2023\/07\/kawa1200x100_animado-1.gif\" alt=\"\" width=\"1200\" height=\"100\" \/><\/a><\/p>\n<p><img loading=\"lazy\" decoding=\"async\" class=\"alignnone size-full wp-image-65371\" src=\"http:\/\/www.crossprensa.com.ar\/news\/wp-content\/uploads\/2023\/08\/mx1b-1.jpg\" alt=\"\" width=\"1283\" height=\"110\" \/><\/p>\n<p>1 165 Gonzalo Diaz Velez 146<br \/>\n2 655 Leandro Fernandez 110<br \/>\n3 15 Tomas Montes Gadda 101<br \/>\n4 112 Francisco Cabarcos Escola 84<br \/>\n5 113 Emiliano Castillo 77<br \/>\n6 42 Lucas Scopinario 77<br \/>\n7 51 Daniel Garay 74<br \/>\n8 16 Fernando Olguin 61<br \/>\n9 157 Diego Soria 60<br \/>\n10 259 Alan Brajovich 36<br \/>\n11 181 Ulises Miranda 30<br \/>\n12 111 Alejandro Telles 23<br \/>\n13 47 Tomas Scopinario 23<br \/>\n14 304 Ezequiel Suarez 18<br \/>\n15 7 Matias Lobos 14<br \/>\n16 55 David Sona 13<br \/>\n17 57 Lautaro Lucero 11<br \/>\n18 116 Joaquin Allivellatore 11<br \/>\n19 177 Pablo Quiroga 9<br \/>\n20 22 Tomas Conti 5<\/p>\n<p><a href=\"https:\/\/www.instagram.com\/avantmotos_oficial\/?hl=en\"><img loading=\"lazy\" decoding=\"async\" class=\"alignnone wp-image-65374 size-full\" src=\"http:\/\/www.crossprensa.com.ar\/news\/wp-content\/uploads\/2023\/08\/bici-1200x100-1.gif\" alt=\"\" width=\"1200\" height=\"108\" \/><\/a><\/p>\n<p><img loading=\"lazy\" decoding=\"async\" class=\"alignnone size-full wp-image-65372\" src=\"http:\/\/www.crossprensa.com.ar\/news\/wp-content\/uploads\/2023\/08\/mx1a-1.jpg\" alt=\"\" width=\"1283\" height=\"110\" \/><\/p>\n<p>1 1 Joaquin Poli 160<br \/>\n2 4 Rodrigo Landa 106<br \/>\n3 33 Luciano Righi 104<br \/>\n4 338 Lautaro Toro 103<br \/>\n5 144 Nicolas Rolando 93<br \/>\n6 198 Agustin Poli 68<br \/>\n7 85 Agustin Carrasco 67<br \/>\n8 124 Lucas Sendon 52<br \/>\n9 924 Nicolas Callegaris 47<br \/>\n10 44 Andres Sanchez 44<br \/>\n11 117 Pablo Galletta 28<br \/>\n12 100 Diego Rojas 20<br \/>\n13 8 Sergio Villaronga 11<\/p>\n","protected":false},"excerpt":{"rendered":"<p>Ya se siente, ya se vive, ya vibra&#8230; La 5ta. fecha del Campeonato Argentino de&#8230;<\/p>\n","protected":false},"author":2,"featured_media":65375,"comment_status":"open","ping_status":"open","sticky":false,"template":"","format":"standard","meta":{"om_disable_all_campaigns":false,"_monsterinsights_skip_tracking":false,"_monsterinsights_sitenote_active":false,"_monsterinsights_sitenote_note":"","_monsterinsights_sitenote_category":0,"_uf_show_specific_survey":0,"_uf_disable_surveys":false,"footnotes":""},"categories":[37,27],"tags":[],"class_list":["post-65360","post","type-post","status-publish","format-standard","has-post-thumbnail","hentry","category-crossprensa","category-mx-argentino"],"aioseo_notices":[],"_links":{"self":[{"href":"https:\/\/www.crossprensa.com.ar\/news\/wp-json\/wp\/v2\/posts\/65360","targetHints":{"allow":["GET"]}}],"collection":[{"href":"https:\/\/www.crossprensa.com.ar\/news\/wp-json\/wp\/v2\/posts"}],"about":[{"href":"https:\/\/www.crossprensa.com.ar\/news\/wp-json\/wp\/v2\/types\/post"}],"author":[{"embeddable":true,"href":"https:\/\/www.crossprensa.com.ar\/news\/wp-json\/wp\/v2\/users\/2"}],"replies":[{"embeddable":true,"href":"https:\/\/www.crossprensa.com.ar\/news\/wp-json\/wp\/v2\/comments?post=65360"}],"version-history":[{"count":1,"href":"https:\/\/www.crossprensa.com.ar\/news\/wp-json\/wp\/v2\/posts\/65360\/revisions"}],"predecessor-version":[{"id":65376,"href":"https:\/\/www.crossprensa.com.ar\/news\/wp-json\/wp\/v2\/posts\/65360\/revisions\/65376"}],"wp:featuredmedia":[{"embeddable":true,"href":"https:\/\/www.crossprensa.com.ar\/news\/wp-json\/wp\/v2\/media\/65375"}],"wp:attachment":[{"href":"https:\/\/www.crossprensa.com.ar\/news\/wp-json\/wp\/v2\/media?parent=65360"}],"wp:term":[{"taxonomy":"category","embeddable":true,"href":"https:\/\/www.crossprensa.com.ar\/news\/wp-json\/wp\/v2\/categories?post=65360"},{"taxonomy":"post_tag","embeddable":true,"href":"https:\/\/www.crossprensa.com.ar\/news\/wp-json\/wp\/v2\/tags?post=65360"}],"curies":[{"name":"wp","href":"https:\/\/api.w.org\/{rel}","templated":true}]}}