{"id":65047,"date":"2023-07-06T14:52:24","date_gmt":"2023-07-06T17:52:24","guid":{"rendered":"https:\/\/www.crossprensa.com.ar\/news\/?p=65047"},"modified":"2023-07-06T15:39:36","modified_gmt":"2023-07-06T18:39:36","slug":"cooper-webb-y-ktm-separan-sus-caminos","status":"publish","type":"post","link":"https:\/\/www.crossprensa.com.ar\/news\/cooper-webb-y-ktm-separan-sus-caminos\/ama-motocross\/","title":{"rendered":"Cooper Webb y KTM separan sus caminos."},"content":{"rendered":"<p>Como se los adelantamos ayer, el piloto que lleva 5 a\u00f1os con la marca, y el equipo oficial en USA decidieron separar sus caminos luego de brillantes campa\u00f1as de Webb sobre la KTM.<\/p>\n<p><!--more--><\/p>\n<p>Red Bull KTM Factory Racing quisiera agradecer a Cooper Webb por sus logros, compromiso y determinaci\u00f3n despu\u00e9s de cinco temporadas de gran \u00e9xito juntos.\u00a0En este momento, Red Bull KTM Factory Racing y Webb, de 27 a\u00f1os, acordaron mutuamente separarse con efecto inmediato.<\/p>\n<p>Ian Harrison, Gerente del equipo Red Bull KTM Factory Racing:\u00a0<em>\u201cEn nombre del equipo, me gustar\u00eda agradecer a Cooper por los a\u00f1os de \u00e9xitos que hemos tenido juntos.\u00a0Durante los \u00faltimos cinco a\u00f1os, hemos estado en el podio de 450SX 52 veces y de esas, 21 fueron victorias.\u00a0Ganamos los t\u00edtulos 450SX en 2019 y 2021, tuvimos una s\u00f3lida temporada de subcampeonato en 2020 y terminamos terceros este a\u00f1o a pesar de un desafortunado accidente al final de la temporada en Nashville.<\/em><\/p>\n<p><em>Cooper ten\u00eda la opci\u00f3n en su contrato de si quer\u00eda correr motocross y decidi\u00f3 en Daytona que no competir\u00eda en AMA Pro Motocross en 2023. Sin embargo, luego de su accidente de final de temporada SX en Nashville, Cooper se acerc\u00f3 a competir MX y KTM acordaron apoyarlo durante el verano. Ambas partes llegaron a la serie algo poco preparadas y un accidente de pr\u00e1ctica antes de que RedBud dejara de lado a Cooper una vez m\u00e1s.<\/em><\/p>\n<p><em>Tanto Cooper como el equipo han decidido separarse, esto le dar\u00e1 tiempo para recuperarse y luego pasar al siguiente cap\u00edtulo de su carrera como piloto.\u00a0El equipo y yo le deseamos lo mejor.\u00a0Siempre recordar\u00e9 el \u00e9xito que hemos tenido juntos porque las motos de campeonato y los trofeos de Cooper se exhiben con orgullo en el vest\u00edbulo de la tienda de carreras de KTM\u201d.<\/em><\/p>\n<p>Webb se uni\u00f3 a Red Bull KTM Factory Racing en 2019 y logr\u00f3 el primer Campeonato 450SX de su carrera en esa campa\u00f1a inaugural, antes de conseguir nuevamente la corona de la clase principal en 2021 a bordo de la KTM 450 SX-F FACTORY EDITION.<\/p>\n<p>En conjunto, entre 2019 y 2023, Webb y Red Bull KTM Factory Racing acumularon un total de 21 victorias en finales en la divisi\u00f3n 450SX del Campeonato AMA Supercross, as\u00ed como una sola victoria en AMA Pro Motocross Championship 450MX en 2019. El equipo le desea lo mejor a Cooper en sus proyectos futuros.<\/p>\n<p>Nota: comunicado de prensa<\/p>\n<p>Imagen: Sim\u00f3n Cudby<\/p>\n","protected":false},"excerpt":{"rendered":"<p>Como se los adelantamos ayer, el piloto que lleva 5 a\u00f1os con la marca, y&#8230;<\/p>\n","protected":false},"author":2,"featured_media":65048,"comment_status":"open","ping_status":"open","sticky":false,"template":"","format":"standard","meta":{"om_disable_all_campaigns":false,"_monsterinsights_skip_tracking":false,"_monsterinsights_sitenote_active":false,"_monsterinsights_sitenote_note":"","_monsterinsights_sitenote_category":0,"_uf_show_specific_survey":0,"_uf_disable_surveys":false,"footnotes":""},"categories":[25,30,37],"tags":[],"class_list":["post-65047","post","type-post","status-publish","format-standard","has-post-thumbnail","hentry","category-ama-motocross","category-ama-supercross","category-crossprensa"],"aioseo_notices":[],"_links":{"self":[{"href":"https:\/\/www.crossprensa.com.ar\/news\/wp-json\/wp\/v2\/posts\/65047","targetHints":{"allow":["GET"]}}],"collection":[{"href":"https:\/\/www.crossprensa.com.ar\/news\/wp-json\/wp\/v2\/posts"}],"about":[{"href":"https:\/\/www.crossprensa.com.ar\/news\/wp-json\/wp\/v2\/types\/post"}],"author":[{"embeddable":true,"href":"https:\/\/www.crossprensa.com.ar\/news\/wp-json\/wp\/v2\/users\/2"}],"replies":[{"embeddable":true,"href":"https:\/\/www.crossprensa.com.ar\/news\/wp-json\/wp\/v2\/comments?post=65047"}],"version-history":[{"count":2,"href":"https:\/\/www.crossprensa.com.ar\/news\/wp-json\/wp\/v2\/posts\/65047\/revisions"}],"predecessor-version":[{"id":65050,"href":"https:\/\/www.crossprensa.com.ar\/news\/wp-json\/wp\/v2\/posts\/65047\/revisions\/65050"}],"wp:featuredmedia":[{"embeddable":true,"href":"https:\/\/www.crossprensa.com.ar\/news\/wp-json\/wp\/v2\/media\/65048"}],"wp:attachment":[{"href":"https:\/\/www.crossprensa.com.ar\/news\/wp-json\/wp\/v2\/media?parent=65047"}],"wp:term":[{"taxonomy":"category","embeddable":true,"href":"https:\/\/www.crossprensa.com.ar\/news\/wp-json\/wp\/v2\/categories?post=65047"},{"taxonomy":"post_tag","embeddable":true,"href":"https:\/\/www.crossprensa.com.ar\/news\/wp-json\/wp\/v2\/tags?post=65047"}],"curies":[{"name":"wp","href":"https:\/\/api.w.org\/{rel}","templated":true}]}}