{"id":65034,"date":"2023-07-05T15:34:47","date_gmt":"2023-07-05T18:34:47","guid":{"rendered":"https:\/\/www.crossprensa.com.ar\/news\/?p=65034"},"modified":"2023-07-05T17:29:11","modified_gmt":"2023-07-05T20:29:11","slug":"ama-mx-sx-ferrandis-abandona-vuelve-tomac-y-con-webb-de-companero-sexton-en-ktm","status":"publish","type":"post","link":"https:\/\/www.crossprensa.com.ar\/news\/ama-mx-sx-ferrandis-abandona-vuelve-tomac-y-con-webb-de-companero-sexton-en-ktm\/ama-motocross\/","title":{"rendered":"AMA MX\/SX: Ferrandis abandona, vuelve Tomac y con Webb de compa\u00f1ero! Sexton en KTM?"},"content":{"rendered":"<p>Todav\u00eda no termina la temporada y ya las noticias explosivas est\u00e1n corriendo, porque la actividad no para y en pleno a\u00f1o de MX con el dominio de los hermanos Lawrence, ya se piensa con miras al pr\u00f3ximo a\u00f1o de Supercross en USA.<\/p>\n<p><!--more--><\/p>\n<p>Se rumoreaba que Ferrandis ten\u00eda la posibilidad de unirse a Ken Roczen en Suzuki, pero no se revel\u00f3 nada.<\/p>\n<p>Sin espacio para Ferrandis en Star Racing Yamaha, \u00bfeso significa que Eli Tomac regresar\u00e1? Corre el rumor de que Eli podr\u00eda firmar un contrato de dos a\u00f1os y un regreso al deporte del que todos pens\u00e1bamos que se alejar\u00eda despu\u00e9s de ese desgarro en el tend\u00f3n de Aquiles.<\/p>\n<p>Michael Lindsay dijo: &#8220;No solo se habla de que regresar\u00e1, sino que definitivamente hay rumores de un contrato de dos a\u00f1os&#8221;.<\/p>\n<p>Con Webb tambi\u00e9n se rumorea que ir\u00e1 a Yamaha! y podr\u00eda ser la unificaci\u00f3n de dos rivales por el t\u00edtulo de 2023 y un equipo poderoso para enfrentarse a Lawrence en Honda y Sexton en KTM (que es su destino en 2024).<\/p>\n","protected":false},"excerpt":{"rendered":"<p>Todav\u00eda no termina la temporada y ya las noticias explosivas est\u00e1n corriendo, porque la actividad&#8230;<\/p>\n","protected":false},"author":2,"featured_media":65041,"comment_status":"open","ping_status":"open","sticky":false,"template":"","format":"standard","meta":{"om_disable_all_campaigns":false,"_monsterinsights_skip_tracking":false,"_monsterinsights_sitenote_active":false,"_monsterinsights_sitenote_note":"","_monsterinsights_sitenote_category":0,"_uf_show_specific_survey":0,"_uf_disable_surveys":false,"footnotes":""},"categories":[25,30,37],"tags":[],"class_list":["post-65034","post","type-post","status-publish","format-standard","has-post-thumbnail","hentry","category-ama-motocross","category-ama-supercross","category-crossprensa"],"aioseo_notices":[],"_links":{"self":[{"href":"https:\/\/www.crossprensa.com.ar\/news\/wp-json\/wp\/v2\/posts\/65034","targetHints":{"allow":["GET"]}}],"collection":[{"href":"https:\/\/www.crossprensa.com.ar\/news\/wp-json\/wp\/v2\/posts"}],"about":[{"href":"https:\/\/www.crossprensa.com.ar\/news\/wp-json\/wp\/v2\/types\/post"}],"author":[{"embeddable":true,"href":"https:\/\/www.crossprensa.com.ar\/news\/wp-json\/wp\/v2\/users\/2"}],"replies":[{"embeddable":true,"href":"https:\/\/www.crossprensa.com.ar\/news\/wp-json\/wp\/v2\/comments?post=65034"}],"version-history":[{"count":2,"href":"https:\/\/www.crossprensa.com.ar\/news\/wp-json\/wp\/v2\/posts\/65034\/revisions"}],"predecessor-version":[{"id":65042,"href":"https:\/\/www.crossprensa.com.ar\/news\/wp-json\/wp\/v2\/posts\/65034\/revisions\/65042"}],"wp:featuredmedia":[{"embeddable":true,"href":"https:\/\/www.crossprensa.com.ar\/news\/wp-json\/wp\/v2\/media\/65041"}],"wp:attachment":[{"href":"https:\/\/www.crossprensa.com.ar\/news\/wp-json\/wp\/v2\/media?parent=65034"}],"wp:term":[{"taxonomy":"category","embeddable":true,"href":"https:\/\/www.crossprensa.com.ar\/news\/wp-json\/wp\/v2\/categories?post=65034"},{"taxonomy":"post_tag","embeddable":true,"href":"https:\/\/www.crossprensa.com.ar\/news\/wp-json\/wp\/v2\/tags?post=65034"}],"curies":[{"name":"wp","href":"https:\/\/api.w.org\/{rel}","templated":true}]}}