{"id":63542,"date":"2023-03-27T01:04:26","date_gmt":"2023-03-27T04:04:26","guid":{"rendered":"https:\/\/www.crossprensa.com.ar\/news\/?p=63542"},"modified":"2023-03-27T08:44:08","modified_gmt":"2023-03-27T11:44:08","slug":"mx-buenos-aires-comienza-un-ano-excelente","status":"publish","type":"post","link":"https:\/\/www.crossprensa.com.ar\/news\/mx-buenos-aires-comienza-un-ano-excelente\/crossprensa\/","title":{"rendered":"MX BUENOS AIRES: COMIENZA UN A\u00d1O EXCELENTE!"},"content":{"rendered":"<p>179 veces SI. Porque cada piloto inscripto le dio\u00a0 el SI a este campeonato que la provincia de Bs. As. necesita, y el respaldo de confianza lo pusieron los equipos y cada piloto detr\u00e1s del partidor, en un circuito que se mostr\u00f3 en buenas condiciones al igual que la parte que le toca a la fiscalizadora (Febom) y al promotor (Demian Villar), al que sinceramente felicitamos porque tambi\u00e9n sinceramente nunca pensamos en esta convocatoria para la vuelta del MX BUENOS AIRES.<\/p>\n<p><!--more--><\/p>\n<p><a href=\"https:\/\/www.instagram.com\/neumotoargentina\/\"><img fetchpriority=\"high\" decoding=\"async\" class=\"alignnone wp-image-63337 size-full\" src=\"http:\/\/www.crossprensa.com.ar\/news\/wp-content\/uploads\/2023\/03\/neumoto-1-scaled.jpg\" alt=\"\" width=\"2560\" height=\"217\" \/><\/a><\/p>\n<p><a href=\"https:\/\/www.instagram.com\/phfg58\/\"><img decoding=\"async\" class=\"alignnone wp-image-63548 size-full\" src=\"http:\/\/www.crossprensa.com.ar\/news\/wp-content\/uploads\/2023\/03\/WhatsApp-Image-2023-03-27-at-00.37.22-2.jpeg\" alt=\"\" width=\"1600\" height=\"1066\" srcset=\"https:\/\/www.crossprensa.com.ar\/news\/wp-content\/uploads\/2023\/03\/WhatsApp-Image-2023-03-27-at-00.37.22-2.jpeg 1600w, https:\/\/www.crossprensa.com.ar\/news\/wp-content\/uploads\/2023\/03\/WhatsApp-Image-2023-03-27-at-00.37.22-2-300x200.jpeg 300w, https:\/\/www.crossprensa.com.ar\/news\/wp-content\/uploads\/2023\/03\/WhatsApp-Image-2023-03-27-at-00.37.22-2-600x400.jpeg 600w, https:\/\/www.crossprensa.com.ar\/news\/wp-content\/uploads\/2023\/03\/WhatsApp-Image-2023-03-27-at-00.37.22-2-768x512.jpeg 768w, https:\/\/www.crossprensa.com.ar\/news\/wp-content\/uploads\/2023\/03\/WhatsApp-Image-2023-03-27-at-00.37.22-2-1536x1023.jpeg 1536w, https:\/\/www.crossprensa.com.ar\/news\/wp-content\/uploads\/2023\/03\/WhatsApp-Image-2023-03-27-at-00.37.22-2-750x500.jpeg 750w, https:\/\/www.crossprensa.com.ar\/news\/wp-content\/uploads\/2023\/03\/WhatsApp-Image-2023-03-27-at-00.37.22-2-1140x760.jpeg 1140w\" sizes=\"(max-width: 1600px) 100vw, 1600px\" \/><\/a><\/p>\n<p><em>M\u00e1ximo C\u00e1ceres &#8211; Foto @phfg58\/Crossprensa<\/em><\/p>\n<p>Aqu\u00ed, todos los resultados de hoy: (Falta completar categor\u00eda minicross 50cc.).<\/p>\n<p><img decoding=\"async\" class=\"alignnone size-full wp-image-63212\" src=\"http:\/\/www.crossprensa.com.ar\/news\/wp-content\/uploads\/2023\/03\/Sin-titulo-7053-scaled.jpg\" alt=\"\" width=\"2560\" height=\"218\" \/><\/p>\n<p><strong><span style=\"color: #0000ff;\">65cc.<\/span><\/strong><\/p>\n<p>1 23 Bua Tobias 65cc. Libre 50 0 25 25<br \/>\n2 133 Soraiz Pedro Bautista 65cc. Libre 44 6 22 22<br \/>\n3 114 Manzoni Felipe 65cc. Libre 40 10 20 20<br \/>\n4 68 Darcangelo Speranza Benicio 65cc. Libre 36 14 18 18<br \/>\n5 412 Acevedo Benicio 65cc. Libre 32 18 16 16<br \/>\n6 22 Melo Octavio 65cc. Libre 28 22 14 14<br \/>\n7 90 Skaarup Ethan 65cc. Libre 28 22 15 13<br \/>\n8 15 Volpe Alvaro 65cc. Libre 15 35 0 15<br \/>\n9 7 Zamarbide Galo 65cc. Libre 0 50 0 &#8212;<\/p>\n<p><img loading=\"lazy\" decoding=\"async\" class=\"alignnone size-full wp-image-63222\" src=\"http:\/\/www.crossprensa.com.ar\/news\/wp-content\/uploads\/2023\/03\/Crossprensa-Fox.jpg\" alt=\"\" width=\"1200\" height=\"100\" \/><\/p>\n<p><strong><span style=\"color: #0000ff;\">85cc A<\/span><\/strong><\/p>\n<p>Pos. N\u00b0 Nombre Clase Total puntos Dif. resp. 1\u00b0 M1 M2<br \/>\n1 128 Copett Francesco 85cc. A 50 0 25 25<br \/>\n2 31 Walzynski Conrrado 85cc. A 44 6 22 22<br \/>\n3 25 G\u00f3mez Courtade Leon 85cc. A 40 10 20 20<br \/>\n4 53 Regner Bruno 85cc. A 34 16 16 18<br \/>\n5 74 Calvari Santino nahuel 85cc. A 34 16 18 16<br \/>\n6 42 Belizan Mateo 85cc. A 30 20 15 15<br \/>\n7 39 Van Der Straten Ponthoz Robert 85cc. A 28 22 14 14<br \/>\n8 23 Del Bino Eugenio 85cc. A 26 24 13 13<br \/>\n9 23 Bua Tobias 85cc. B 25 25 &#8212; 25<br \/>\n10 241 Cornejo Mateo 85cc. B 22 28 &#8212; 22<br \/>\n11 142 Martin Tomas 85cc. B 20 30 &#8212; 20<br \/>\n12 100 Manzoni Juan Pedro 85cc. B 18 32 &#8212; 18<br \/>\n13 8 Sosa Triler Demi\u00e1n 85cc. B 16 34 &#8212; 16<br \/>\n14 196 Iraola Juan Marcos 85cc. B 15 35 &#8212; 15<br \/>\n15 27 Molfese Franco Emanuel 85cc. B 14 36 &#8212; 14<br \/>\n16 5 Pereyra Indio 85cc. B 13 37 &#8212; 13<br \/>\n17 90 Skaarup Ethan 85cc. A 0 50 0 &#8212;<\/p>\n<p><img loading=\"lazy\" decoding=\"async\" class=\"alignnone size-full wp-image-63214\" src=\"http:\/\/www.crossprensa.com.ar\/news\/wp-content\/uploads\/2023\/03\/Sin-titulo-7052.jpg\" alt=\"\" width=\"1584\" height=\"127\" \/><\/p>\n<p><a href=\"https:\/\/www.instagram.com\/phfg58\/\"><img loading=\"lazy\" decoding=\"async\" class=\"alignnone wp-image-63549 size-full\" src=\"http:\/\/www.crossprensa.com.ar\/news\/wp-content\/uploads\/2023\/03\/WhatsApp-Image-2023-03-27-at-00.37.22-4.jpeg\" alt=\"\" width=\"1600\" height=\"1066\" srcset=\"https:\/\/www.crossprensa.com.ar\/news\/wp-content\/uploads\/2023\/03\/WhatsApp-Image-2023-03-27-at-00.37.22-4.jpeg 1600w, https:\/\/www.crossprensa.com.ar\/news\/wp-content\/uploads\/2023\/03\/WhatsApp-Image-2023-03-27-at-00.37.22-4-300x200.jpeg 300w, https:\/\/www.crossprensa.com.ar\/news\/wp-content\/uploads\/2023\/03\/WhatsApp-Image-2023-03-27-at-00.37.22-4-600x400.jpeg 600w, https:\/\/www.crossprensa.com.ar\/news\/wp-content\/uploads\/2023\/03\/WhatsApp-Image-2023-03-27-at-00.37.22-4-768x512.jpeg 768w, https:\/\/www.crossprensa.com.ar\/news\/wp-content\/uploads\/2023\/03\/WhatsApp-Image-2023-03-27-at-00.37.22-4-1536x1023.jpeg 1536w, https:\/\/www.crossprensa.com.ar\/news\/wp-content\/uploads\/2023\/03\/WhatsApp-Image-2023-03-27-at-00.37.22-4-750x500.jpeg 750w, https:\/\/www.crossprensa.com.ar\/news\/wp-content\/uploads\/2023\/03\/WhatsApp-Image-2023-03-27-at-00.37.22-4-1140x760.jpeg 1140w\" sizes=\"(max-width: 1600px) 100vw, 1600px\" \/><\/a><\/p>\n<p><em>Tom\u00e1s Matkovich &#8211; Foto @phfg58\/Crossprensa<\/em><\/p>\n<p><a href=\"http:\/\/www.globalparts.ar\"><img loading=\"lazy\" decoding=\"async\" class=\"alignnone wp-image-63195 size-full\" src=\"http:\/\/www.crossprensa.com.ar\/news\/wp-content\/uploads\/2023\/03\/1200x100-Dunlop-scaled.jpg\" alt=\"\" width=\"2560\" height=\"214\" \/><\/a><\/p>\n<p><strong><span style=\"color: #0000ff;\">85cc B<\/span><\/strong><\/p>\n<p>1 23 Bua Tobias 85cc. B 47 0 22 25<br \/>\n2 142 Martin Tomas 85cc. B 45 2 25 20<br \/>\n3 241 Cornejo Mateo 85cc. B 40 7 18 22<br \/>\n4 100 Manzoni Juan Pedro 85cc. B 38 9 20 18<br \/>\n5 8 Sosa Triler Demi\u00e1n 85cc. B 31 16 15 16<br \/>\n6 196 Iraola Juan Marcos 85cc. B 31 16 16 15<br \/>\n7 27 Molfese Franco Emanuel 85cc. B 27 20 13 14<br \/>\n8 5 Pereyra Indio 85cc. B 27 20 14 13<\/p>\n<p><a href=\"https:\/\/www.instagram.com\/globalparts.ar\/\"><img loading=\"lazy\" decoding=\"async\" class=\"alignnone wp-image-63193 size-full\" src=\"http:\/\/www.crossprensa.com.ar\/news\/wp-content\/uploads\/2023\/03\/1200x100-Twin-Air-scaled.jpg\" alt=\"\" width=\"2560\" height=\"213\" \/><\/a><\/p>\n<p><strong><span style=\"color: #0000ff;\">PRINCIPIANTES<\/span><\/strong><\/p>\n<p>1 22 Alcorta F\u00e9lix Principiantes 50 0 25 25<br \/>\n2 87 Bua Valentino Principiantes 38 12 18 20<br \/>\n3 225 Migliavacca Jonathan Principiantes 35 15 13 22<br \/>\n4 9 Stachiotti Lautaro Principiantes 33 17 15 18<br \/>\n5 88 Zacchino Iv\u00e1n Principiantes 32 18 16 16<br \/>\n6 7 Barontini Valentin Principiantes 30 20 20 10<br \/>\n7 14 Iraola Ismael Principiantes 29 21 22 7<br \/>\n8 138 Passerini Daniel Principiantes 26 24 12 14<br \/>\n9 91 Moine Tobias Principiantes 23 27 11 12<br \/>\n10 64 Otero Nicolas Principiantes 22 28 7 15<br \/>\n11 118 Ortiz Santiago Nicol\u00e1s Principiantes 22 28 9 13<br \/>\n12 69 Insaurralde Jose Principiantes 19 31 10 9<br \/>\n13 185 Andragnes Roman Principiantes 14 36 14 0<br \/>\n14 122 Parrino Ignacio Principiantes 11 39 0 11<br \/>\n15 42 Roncagliolo Mateo Principiantes 10 40 6 4<br \/>\n16 543 Del Rio Federico Principiantes 10 40 8 2<br \/>\n17 31 Lima Candelaria Principiantes 8 42 0 8<br \/>\n18 47 Arribas Cristian Principiantes 8 42 3 5<br \/>\n19 139 Biscayart Pedro Principiantes 6 44 0 6<br \/>\n20 113 Mastay Matias Principiantes 5 45 5 0<br \/>\n21 28 Pineda Mirko Principiantes 4 46 1 3<br \/>\n22 145 Ferrero M\u00e1ximo Principiantes 4 46 4 0<br \/>\n23 101 Bellani Franco Principiantes 2 48 2 0<br \/>\n24 11 Pignone Sebastian Principiantes 0 50 0 0<br \/>\n25 38 Vallone Mateo Principiantes 0 50 0 0<br \/>\n26 73 Garcia Hugo Principiantes 0 50 0 0<br \/>\n27 187 Lemos Nazareno Principiantes 0 50 0 0<br \/>\n28 114 Scheffer Gabriel Principiantes 0 50 0 0<br \/>\n29 107 Sixto Bautista Principiantes 0 50 0 0<br \/>\n30 32 Busti Juan ignacio Principiantes 0 50 0 0<br \/>\n31 81 Persico La Leta Lucas Principiantes 0 50 0 &#8212;<br \/>\n32 94 Moncayo Miguel angel Principiantes 0 50 0 &#8212;<br \/>\n33 25 Cafaro Santiago Principiantes 0 50 0 &#8212;<\/p>\n<p><a href=\"https:\/\/www.instagram.com\/globalparts.ar\/\"><img loading=\"lazy\" decoding=\"async\" class=\"alignnone wp-image-63194 size-full\" src=\"http:\/\/www.crossprensa.com.ar\/news\/wp-content\/uploads\/2023\/03\/1200x100-Global-Parts-scaled.jpg\" alt=\"\" width=\"2560\" height=\"214\" \/><\/a><\/p>\n<p><strong><span style=\"color: #0000ff;\">ENDURO<\/span><\/strong><\/p>\n<p>1 2 Delic Patricio Germ\u00e1n Enduro 50 0 25 25<br \/>\n2 935 Melo Pablo Francisco Enduro 44 6 22 22<br \/>\nNE 74 Nicora Erwin Enduro 0 0 0 &#8212;<\/p>\n<p><a href=\"https:\/\/www.instagram.com\/phfg58\/\"><img loading=\"lazy\" decoding=\"async\" class=\"alignnone wp-image-63550 size-full\" src=\"http:\/\/www.crossprensa.com.ar\/news\/wp-content\/uploads\/2023\/03\/WhatsApp-Image-2023-03-27-at-00.37.22.jpeg\" alt=\"\" width=\"1600\" height=\"1066\" srcset=\"https:\/\/www.crossprensa.com.ar\/news\/wp-content\/uploads\/2023\/03\/WhatsApp-Image-2023-03-27-at-00.37.22.jpeg 1600w, https:\/\/www.crossprensa.com.ar\/news\/wp-content\/uploads\/2023\/03\/WhatsApp-Image-2023-03-27-at-00.37.22-300x200.jpeg 300w, https:\/\/www.crossprensa.com.ar\/news\/wp-content\/uploads\/2023\/03\/WhatsApp-Image-2023-03-27-at-00.37.22-600x400.jpeg 600w, https:\/\/www.crossprensa.com.ar\/news\/wp-content\/uploads\/2023\/03\/WhatsApp-Image-2023-03-27-at-00.37.22-768x512.jpeg 768w, https:\/\/www.crossprensa.com.ar\/news\/wp-content\/uploads\/2023\/03\/WhatsApp-Image-2023-03-27-at-00.37.22-1536x1023.jpeg 1536w, https:\/\/www.crossprensa.com.ar\/news\/wp-content\/uploads\/2023\/03\/WhatsApp-Image-2023-03-27-at-00.37.22-750x500.jpeg 750w, https:\/\/www.crossprensa.com.ar\/news\/wp-content\/uploads\/2023\/03\/WhatsApp-Image-2023-03-27-at-00.37.22-1140x760.jpeg 1140w\" sizes=\"(max-width: 1600px) 100vw, 1600px\" \/><\/a><\/p>\n<p><em>Marcos Trossero\u00a0&#8211; Foto @phfg58\/Crossprensa<\/em><\/p>\n<p><strong><span style=\"color: #0000ff;\">JUNIOR A<\/span><\/strong><\/p>\n<p>1 44 Pontaquarto Francisco Junior A 50 0 25 25<br \/>\n2 77 Rosito Lucio Junior A 44 6 22 22<br \/>\n3 118 Carbajal Uciel Junior A 35 15 15 20<br \/>\n4 338 Mosca Francisco Junior A 34 16 16 18<br \/>\n5 133 Darder Francisco Junior A 27 23 12 15<br \/>\n6 87 Perez de San Roman Alejandro Javier Junior A 27 23 18 9<br \/>\n7 216 Petegoli Ramiro Junior A 26 24 20 6<br \/>\n8 100 Debernardi Valentino Junior A 25 25 11 14<br \/>\n9 95 Lacognata Valentino Junior A 25 25 13 12<br \/>\n10 24 Masulo Aureliano Junior A 24 26 14 10<br \/>\n11 116 Cicarelli Diego Junior A 23 27 7 16<br \/>\n12 736 Lorenz Facundo Junior A 21 29 10 11<br \/>\n13 175 Lameiro Nicolas Junior A 19 31 6 13<br \/>\n14 187 Gonzalez Alejo Junior A 15 35 8 7<br \/>\n15 16 Teyseyre Agustin Junior A 0 50 0 0<\/p>\n<p><a href=\"https:\/\/www.instagram.com\/lcmcovers\/\"><img loading=\"lazy\" decoding=\"async\" class=\"alignnone wp-image-63215 size-full\" src=\"http:\/\/www.crossprensa.com.ar\/news\/wp-content\/uploads\/2023\/03\/Sin-titulo-5.jpg\" alt=\"\" width=\"1594\" height=\"174\" \/><\/a><\/p>\n<p><strong><span style=\"color: #0000ff;\">JUNIOR B<\/span><\/strong><\/p>\n<p>1 96 Gazzotti Camilo Junior B 50 0 25 25<br \/>\n2 5 Sagania Axel Junior B 40 10 18 22<br \/>\n3 259 Castro Lucas Junior B 40 10 20 20<br \/>\n4 410 Schiano Agustin Junior B 34 16 16 18<br \/>\n5 109 Adad Pedro Junior B 31 19 15 16<br \/>\n6 79 Llonin Santiago Junior B 29 21 14 15<br \/>\n7 51 Cant\u00fa Nicol\u00e1s Junior B 25 25 12 13<br \/>\n8 026 Azaro Esteban Junior B 22 28 22 0<br \/>\n9 93 Amarilla Florencio Junior B 21 29 13 8<br \/>\n10 111 Giani Valentino Junior B 20 30 6 14<br \/>\n11 25 Perticaro Martin Ignacio Junior B 18 32 7 11<br \/>\n12 23 Unamuno Joaquin Junior B 17 33 8 9<br \/>\n13 26 Aguilar Matias Junior B 17 33 11 6<br \/>\n14 87 Carrizo Rodrigo Junior B 16 34 9 7<br \/>\n15 446 Mendez Martin Junior B 15 35 5 10<br \/>\n16 59 Bava Kevin alexis Junior B 15 35 10 5<br \/>\n17 32 Di Stefano Alejandro Junior B 12 38 0 12<\/p>\n<p><a href=\"https:\/\/www.instagram.com\/phfg58\/\"><img loading=\"lazy\" decoding=\"async\" class=\"alignnone wp-image-63552 size-full\" src=\"http:\/\/www.crossprensa.com.ar\/news\/wp-content\/uploads\/2023\/03\/WhatsApp-Image-2023-03-27-at-00.37.22-3.jpeg\" alt=\"\" width=\"1600\" height=\"1066\" srcset=\"https:\/\/www.crossprensa.com.ar\/news\/wp-content\/uploads\/2023\/03\/WhatsApp-Image-2023-03-27-at-00.37.22-3.jpeg 1600w, https:\/\/www.crossprensa.com.ar\/news\/wp-content\/uploads\/2023\/03\/WhatsApp-Image-2023-03-27-at-00.37.22-3-300x200.jpeg 300w, https:\/\/www.crossprensa.com.ar\/news\/wp-content\/uploads\/2023\/03\/WhatsApp-Image-2023-03-27-at-00.37.22-3-600x400.jpeg 600w, https:\/\/www.crossprensa.com.ar\/news\/wp-content\/uploads\/2023\/03\/WhatsApp-Image-2023-03-27-at-00.37.22-3-768x512.jpeg 768w, https:\/\/www.crossprensa.com.ar\/news\/wp-content\/uploads\/2023\/03\/WhatsApp-Image-2023-03-27-at-00.37.22-3-1536x1023.jpeg 1536w, https:\/\/www.crossprensa.com.ar\/news\/wp-content\/uploads\/2023\/03\/WhatsApp-Image-2023-03-27-at-00.37.22-3-750x500.jpeg 750w, https:\/\/www.crossprensa.com.ar\/news\/wp-content\/uploads\/2023\/03\/WhatsApp-Image-2023-03-27-at-00.37.22-3-1140x760.jpeg 1140w\" sizes=\"(max-width: 1600px) 100vw, 1600px\" \/><\/a><\/p>\n<p>Revolcones varios&#8230; &#8211; Foto @phfg58\/Crossprensa<\/p>\n<p><a href=\"https:\/\/www.instagram.com\/ktm_motosruiz\/\"><img loading=\"lazy\" decoding=\"async\" class=\"alignnone wp-image-63210 size-full\" src=\"http:\/\/www.crossprensa.com.ar\/news\/wp-content\/uploads\/2023\/03\/Sin-titulo-7080.jpg\" alt=\"\" width=\"1283\" height=\"109\" \/><\/a><\/p>\n<p><strong><span style=\"color: #0000ff;\">MX2 A<\/span><\/strong><\/p>\n<p>1 54 Matkovich Tomas MX2 A 50 0 25 25<br \/>\n2 95 Caceres M\u00e1ximo MX2 A 44 6 22 22<br \/>\n3 753 Lopez Ramiro MX2 A 40 10 20 20<br \/>\n4 347 Abadia Juan MX2 A 36 14 18 18<br \/>\n5 28 Hegoburu Tomas MX2 A 32 18 16 16<br \/>\n6 81 Cicimara Fermin MX2 A 0 0 0 0<\/p>\n<p><a href=\"https:\/\/www.instagram.com\/sl.mechanic\/\"><img loading=\"lazy\" decoding=\"async\" class=\"alignnone wp-image-63211 size-full\" src=\"http:\/\/www.crossprensa.com.ar\/news\/wp-content\/uploads\/2023\/03\/Sin-titulo-7079.jpg\" alt=\"\" width=\"1283\" height=\"109\" \/><\/a><\/p>\n<p><strong><span style=\"color: #0000ff;\">MX2 B<\/span><\/strong><\/p>\n<p>1 17 Garcia Juan Felipe MX2 B 50 0 25 25<br \/>\n2 31 Molinari Hipolito MX2 B 38 12 16 22<br \/>\n3 22 Rivero Tomas MX2 B 38 12 20 18<br \/>\n4 117 Garrido Juli\u00e1n MX2 B 38 12 22 16<br \/>\n5 259 Brajovich Alan MX2 B 35 15 15 20<br \/>\n6 409 Montebro Francisco MX2 B 33 17 18 15<br \/>\n7 199 Campagnolle Mateo MX2 B 27 23 14 13<br \/>\n8 64 Ciancio Nicolas MX2 B 25 25 11 14<br \/>\n9 32 Guinsl Joaquin MX2 B 24 26 12 12<br \/>\n10 21 Lima Martiniano MX2 B 24 26 13 11<br \/>\n11 19 Molinari Alessio MX2 B 20 30 10 10<br \/>\n12 711 Soto Juan MX2 B 0 0 0 0<br \/>\n13 5 Sagania Axel MX2 B 0 0 0 0<\/p>\n<p><a href=\"https:\/\/www.instagram.com\/gabrielmana.neumaticos\/\"><img loading=\"lazy\" decoding=\"async\" class=\"alignnone wp-image-63208 size-full\" src=\"http:\/\/www.crossprensa.com.ar\/news\/wp-content\/uploads\/2023\/03\/Sin-titulo-7083.jpg\" alt=\"\" width=\"1283\" height=\"109\" \/><\/a><\/p>\n<p><strong><span style=\"color: #0000ff;\">MASTER +30 A<\/span><\/strong><\/p>\n<p>1 100 Debernardi Norberto Vet + 30 A 50 0 25 25<br \/>\n2 241 Rivero Gustavo Vet + 30 A 44 6 22 22<br \/>\n3 73 Berreyra Gaston Vet + 30 A 40 10 20 20<\/p>\n<p><a href=\"https:\/\/www.instagram.com\/motorshopsimoncabarcos\/\"><img loading=\"lazy\" decoding=\"async\" class=\"alignnone wp-image-63207 size-full\" src=\"http:\/\/www.crossprensa.com.ar\/news\/wp-content\/uploads\/2023\/03\/Sin-titulo-7084.jpg\" alt=\"\" width=\"1283\" height=\"109\" \/><\/a><\/p>\n<p><strong><span style=\"color: #0000ff;\">MASTER +30 B<\/span><\/strong><\/p>\n<p>1 69 Darcangelo Pablo Vet + 30 B 50 0 25 25<br \/>\n2 12 Garc\u00eda Marco Esteban Vet + 30 B 40 10 22 18<br \/>\n3 53 Sasso Juan Vet + 30 B 37 13 15 22<br \/>\n4 27 Acu\u00f1a Juan Ignacio Vet + 30 B 36 14 16 20<br \/>\n5 93 Laboritto Federico Vet + 30 B 36 14 20 16<br \/>\n6 271 Mozzi Pablo Vet + 30 B 33 17 18 15<br \/>\n7 23 Baldassi Lorenzo Vet + 30 B 0 50 0 0<\/p>\n<p><a href=\"https:\/\/www.instagram.com\/avantmotos_oficial\/\"><img loading=\"lazy\" decoding=\"async\" class=\"alignnone wp-image-63213 size-full\" src=\"http:\/\/www.crossprensa.com.ar\/news\/wp-content\/uploads\/2023\/03\/Sin-titulo-7044.jpg\" alt=\"\" width=\"1594\" height=\"174\" \/><\/a><\/p>\n<p><strong><span style=\"color: #0000ff;\">MASTER +40 A<\/span><\/strong><\/p>\n<p>1 108 Echeveste Kevin Vet + 40 A 50 0 25 25<br \/>\n2 510 Salanueva Estanislao Vet + 40 A 42 8 20 22<br \/>\n3 311 Adriel Esteban Atilio Vet + 40 A 38 12 18 20<br \/>\n4 27 Guiral Demian Vet + 40 A 38 12 22 16<br \/>\n5 17 Santichia Alejandro Vet + 40 A 34 16 16 18<br \/>\n6 188 Segobia Carlos Vet + 40 A 30 20 15 15<\/p>\n<p><a href=\"https:\/\/www.instagram.com\/flowclothesoficial\/\"><img loading=\"lazy\" decoding=\"async\" class=\"alignnone wp-image-63200\" src=\"http:\/\/www.crossprensa.com.ar\/news\/wp-content\/uploads\/2023\/03\/Sin-titulo-7098.jpg\" alt=\"\" width=\"757\" height=\"66\" \/><\/a><\/p>\n<p><span style=\"color: #0000ff;\"><strong>MASTER +40 B<\/strong><\/span><\/p>\n<p>1 38 Lopez Ariel Vet + 40 B 45 0 20 25<br \/>\n2 88 Grosso Leopoldo Vet + 40 B 44 1 22 22<br \/>\n3 72 Buchwald Christian Vet + 40 B 38 7 25 13<br \/>\n4 357 Gutierrez Juan Martin Vet + 40 B 34 11 16 18<br \/>\n5 4 Moine Luciano Vet + 40 B 33 12 13 20<br \/>\n6 95 Vizzari Santiago Vet + 40 B 33 12 18 15<br \/>\n7 18 Garcia Lucas Vet + 40 B 30 15 14 16<br \/>\n8 27 Rivara Fernando Vet + 40 B 29 16 15 14<br \/>\n9 118 Calvari Emiliano andres Vet + 40 B 22 23 11 11<br \/>\n10 515 Rokiski Adrian Vet + 40 B 21 24 9 12<br \/>\n11 988 Losinno Jose Vet + 40 B 20 25 12 8<br \/>\n12 171 Regner Sergio Enrique Vet + 40 B 19 26 10 9<br \/>\n13 8 Novas Pablo Vet + 40 B 17 28 7 10<br \/>\n14 12 Rizzo Omar Vet + 40 B 15 30 8 7<br \/>\n15 21 Battaglia Ernesto Vet + 40 B 11 34 6 5<br \/>\n16 60 Ferrone Dami\u00e1n Nicol\u00e1s Vet + 40 B 9 36 3 6<br \/>\n17 11 Ortega Gustavo Ariel Vet + 40 B 8 37 4 4<br \/>\n18 238 Reinaudi Cristian Vet + 40 B 7 38 5 2<br \/>\n19 898 Escobar Luis Vet + 40 B 5 40 2 3<br \/>\n20 229 Ca\u00f1ete Mart\u00edn Sebasti\u00e1n Vet + 40 B 0 45 0 0<\/p>\n<p><a href=\"https:\/\/www.instagram.com\/phfg58\/\"><img loading=\"lazy\" decoding=\"async\" class=\"alignnone wp-image-63551 size-full\" src=\"http:\/\/www.crossprensa.com.ar\/news\/wp-content\/uploads\/2023\/03\/WhatsApp-Image-2023-03-27-at-00.37.22-5.jpeg\" alt=\"\" width=\"1600\" height=\"1066\" srcset=\"https:\/\/www.crossprensa.com.ar\/news\/wp-content\/uploads\/2023\/03\/WhatsApp-Image-2023-03-27-at-00.37.22-5.jpeg 1600w, https:\/\/www.crossprensa.com.ar\/news\/wp-content\/uploads\/2023\/03\/WhatsApp-Image-2023-03-27-at-00.37.22-5-300x200.jpeg 300w, https:\/\/www.crossprensa.com.ar\/news\/wp-content\/uploads\/2023\/03\/WhatsApp-Image-2023-03-27-at-00.37.22-5-600x400.jpeg 600w, https:\/\/www.crossprensa.com.ar\/news\/wp-content\/uploads\/2023\/03\/WhatsApp-Image-2023-03-27-at-00.37.22-5-768x512.jpeg 768w, https:\/\/www.crossprensa.com.ar\/news\/wp-content\/uploads\/2023\/03\/WhatsApp-Image-2023-03-27-at-00.37.22-5-1536x1023.jpeg 1536w, https:\/\/www.crossprensa.com.ar\/news\/wp-content\/uploads\/2023\/03\/WhatsApp-Image-2023-03-27-at-00.37.22-5-750x500.jpeg 750w, https:\/\/www.crossprensa.com.ar\/news\/wp-content\/uploads\/2023\/03\/WhatsApp-Image-2023-03-27-at-00.37.22-5-1140x760.jpeg 1140w\" sizes=\"(max-width: 1600px) 100vw, 1600px\" \/><\/a><\/p>\n<p><em>Joaqu\u00edn Poli &#8211; Foto @phfg58\/Crossprensa<\/em><\/p>\n<p><a href=\"https:\/\/www.instagram.com\/extrem_discos\/\"><img loading=\"lazy\" decoding=\"async\" class=\"alignnone wp-image-63201 size-full\" src=\"http:\/\/www.crossprensa.com.ar\/news\/wp-content\/uploads\/2023\/03\/WhatsApp-Image-2023-22-072-at-18.00.28.jpeg\" alt=\"\" width=\"1687\" height=\"185\" \/><\/a><\/p>\n<p><span style=\"color: #0000ff;\"><strong>OPEN PRO<\/strong><\/span><\/p>\n<p>1 198 Poli Agustin Open PRO 47 0 22 25<br \/>\n2 179 Poli Joaquin Open PRO 47 0 25 22<br \/>\n3 157 Montes Gadda Tomas Open PRO 40 7 20 20<br \/>\n4 911 Obregozo Juan Open PRO 36 11 18 18<br \/>\n5 12 Trossero Marcos Open PRO 32 15 16 16<\/p>\n<p>&nbsp;<\/p>\n<p>&nbsp;<\/p>\n<p>&nbsp;<\/p>\n<blockquote class=\"instagram-media\" style=\"background: #FFF; border: 0; border-radius: 3px; box-shadow: 0 0 1px 0 rgba(0,0,0,0.5),0 1px 10px 0 rgba(0,0,0,0.15); margin: 1px; max-width: 540px; min-width: 326px; padding: 0; width: calc(100% - 2px);\" data-instgrm-captioned=\"\" data-instgrm-permalink=\"https:\/\/www.instagram.com\/tv\/CqRJvJyJb1v\/?utm_source=ig_embed&amp;utm_campaign=loading\" data-instgrm-version=\"14\">\n<div style=\"padding: 16px;\">\n<p>&nbsp;<\/p>\n<div style=\"display: flex; flex-direction: row; align-items: center;\">\n<div style=\"background-color: #f4f4f4; border-radius: 50%; flex-grow: 0; height: 40px; margin-right: 14px; width: 40px;\"><\/div>\n<div style=\"display: flex; flex-direction: column; flex-grow: 1; justify-content: center;\">\n<div style=\"background-color: #f4f4f4; border-radius: 4px; flex-grow: 0; height: 14px; margin-bottom: 6px; width: 100px;\"><\/div>\n<div style=\"background-color: #f4f4f4; border-radius: 4px; flex-grow: 0; height: 14px; width: 60px;\"><\/div>\n<\/div>\n<\/div>\n<div style=\"padding: 19% 0;\"><\/div>\n<div style=\"display: block; height: 50px; margin: 0 auto 12px; width: 50px;\"><\/div>\n<div style=\"padding-top: 8px;\">\n<div style=\"color: #3897f0; font-family: Arial,sans-serif; font-size: 14px; font-style: normal; font-weight: 550; line-height: 18px;\">Ver esta publicaci\u00f3n en Instagram<\/div>\n<\/div>\n<div style=\"padding: 12.5% 0;\"><\/div>\n<div style=\"display: flex; flex-direction: row; margin-bottom: 14px; align-items: center;\">\n<div>\n<div style=\"background-color: #f4f4f4; border-radius: 50%; height: 12.5px; width: 12.5px; transform: translateX(0px) translateY(7px);\"><\/div>\n<div style=\"background-color: #f4f4f4; height: 12.5px; transform: rotate(-45deg) translateX(3px) translateY(1px); width: 12.5px; flex-grow: 0; margin-right: 14px; margin-left: 2px;\"><\/div>\n<div style=\"background-color: #f4f4f4; border-radius: 50%; height: 12.5px; width: 12.5px; transform: translateX(9px) translateY(-18px);\"><\/div>\n<\/div>\n<div style=\"margin-left: 8px;\">\n<div style=\"background-color: #f4f4f4; border-radius: 50%; flex-grow: 0; height: 20px; width: 20px;\"><\/div>\n<div style=\"width: 0; height: 0; border-top: 2px solid transparent; border-left: 6px solid #f4f4f4; border-bottom: 2px solid transparent; transform: translateX(16px) translateY(-4px) rotate(30deg);\"><\/div>\n<\/div>\n<div style=\"margin-left: auto;\">\n<div style=\"width: 0px; border-top: 8px solid #F4F4F4; border-right: 8px solid transparent; transform: translateY(16px);\"><\/div>\n<div style=\"background-color: #f4f4f4; flex-grow: 0; height: 12px; width: 16px; transform: translateY(-4px);\"><\/div>\n<div style=\"width: 0; height: 0; border-top: 8px solid #F4F4F4; border-left: 8px solid transparent; transform: translateY(-4px) translateX(8px);\"><\/div>\n<\/div>\n<\/div>\n<div style=\"display: flex; flex-direction: column; flex-grow: 1; justify-content: center; margin-bottom: 24px;\">\n<div style=\"background-color: #f4f4f4; border-radius: 4px; flex-grow: 0; height: 14px; margin-bottom: 6px; width: 224px;\"><\/div>\n<div style=\"background-color: #f4f4f4; border-radius: 4px; flex-grow: 0; height: 14px; width: 144px;\"><\/div>\n<\/div>\n<p>&nbsp;<\/p>\n<p style=\"color: #c9c8cd; font-family: Arial,sans-serif; font-size: 14px; line-height: 17px; margin-bottom: 0; margin-top: 8px; overflow: hidden; padding: 8px 0 7px; text-align: center; text-overflow: ellipsis; white-space: nowrap;\"><a style=\"color: #c9c8cd; font-family: Arial,sans-serif; font-size: 14px; font-style: normal; font-weight: normal; line-height: 17px; text-decoration: none;\" href=\"https:\/\/www.instagram.com\/tv\/CqRJvJyJb1v\/?utm_source=ig_embed&amp;utm_campaign=loading\" target=\"_blank\" rel=\"noopener\">Una publicaci\u00f3n compartida por Crossprensa Argentina (@crossprensa.argentina)<\/a><\/p>\n<\/div>\n<\/blockquote>\n<p><script async src=\"\/\/www.instagram.com\/embed.js\"><\/script><\/p>\n","protected":false},"excerpt":{"rendered":"<p>179 veces SI. Porque cada piloto inscripto le dio\u00a0 el SI a este campeonato que&#8230;<\/p>\n","protected":false},"author":2,"featured_media":63547,"comment_status":"open","ping_status":"open","sticky":false,"template":"","format":"standard","meta":{"om_disable_all_campaigns":false,"_monsterinsights_skip_tracking":false,"_uf_show_specific_survey":0,"_uf_disable_surveys":false,"footnotes":""},"categories":[37],"tags":[],"class_list":["post-63542","post","type-post","status-publish","format-standard","has-post-thumbnail","hentry","category-crossprensa"],"aioseo_notices":[],"_links":{"self":[{"href":"https:\/\/www.crossprensa.com.ar\/news\/wp-json\/wp\/v2\/posts\/63542","targetHints":{"allow":["GET"]}}],"collection":[{"href":"https:\/\/www.crossprensa.com.ar\/news\/wp-json\/wp\/v2\/posts"}],"about":[{"href":"https:\/\/www.crossprensa.com.ar\/news\/wp-json\/wp\/v2\/types\/post"}],"author":[{"embeddable":true,"href":"https:\/\/www.crossprensa.com.ar\/news\/wp-json\/wp\/v2\/users\/2"}],"replies":[{"embeddable":true,"href":"https:\/\/www.crossprensa.com.ar\/news\/wp-json\/wp\/v2\/comments?post=63542"}],"version-history":[{"count":5,"href":"https:\/\/www.crossprensa.com.ar\/news\/wp-json\/wp\/v2\/posts\/63542\/revisions"}],"predecessor-version":[{"id":63556,"href":"https:\/\/www.crossprensa.com.ar\/news\/wp-json\/wp\/v2\/posts\/63542\/revisions\/63556"}],"wp:featuredmedia":[{"embeddable":true,"href":"https:\/\/www.crossprensa.com.ar\/news\/wp-json\/wp\/v2\/media\/63547"}],"wp:attachment":[{"href":"https:\/\/www.crossprensa.com.ar\/news\/wp-json\/wp\/v2\/media?parent=63542"}],"wp:term":[{"taxonomy":"category","embeddable":true,"href":"https:\/\/www.crossprensa.com.ar\/news\/wp-json\/wp\/v2\/categories?post=63542"},{"taxonomy":"post_tag","embeddable":true,"href":"https:\/\/www.crossprensa.com.ar\/news\/wp-json\/wp\/v2\/tags?post=63542"}],"curies":[{"name":"wp","href":"https:\/\/api.w.org\/{rel}","templated":true}]}}