{"id":63498,"date":"2023-03-24T04:29:08","date_gmt":"2023-03-24T07:29:08","guid":{"rendered":"https:\/\/www.crossprensa.com.ar\/news\/?p=63498"},"modified":"2023-03-24T05:59:04","modified_gmt":"2023-03-24T08:59:04","slug":"jorge-prado-previo-a-mxgp-en-italia","status":"publish","type":"post","link":"https:\/\/www.crossprensa.com.ar\/news\/jorge-prado-previo-a-mxgp-en-italia\/mxgp\/","title":{"rendered":"JORGE PRADO, PREVIO A MXGP EN ITALIA."},"content":{"rendered":"<p><strong>Dijo el piloto de Gas Gas<\/strong>: <em>Fue un buen fin de semana en Argentina. <\/em><em>Salir de all\u00ed con la placa roja, mi primera placa roja.\u00a0He hecho grandes cosas en Argentina en el pasado y creo que es una pista que le gusta a todo el mundo. Es un tipo de terreno extra\u00f1o y es dif\u00edcil de manejar.<\/em><\/p>\n<p><!--more--><\/p>\n<p><em>En mi caso encontr\u00e9 un buen flow y pude disfrutarlo m\u00e1s.\u00a0Estoy feliz con mi temporada baja.\u00a0Trabajamos en la moto y el equipo ha hecho todo lo posible.\u00a0Cambi\u00e9 con mi preparaci\u00f3n, ahora trabajo con Joel Smets y corro mucho en B\u00e9lgica y Espa\u00f1a y mi confianza es alta.\u00a0Corr\u00ed el campeonato de Espa\u00f1a en mi circuito de casa y vi a muchos aficionados.\u00a0Estoy sano y en motocross es dif\u00edcil estar al 100%, incluso las peque\u00f1as ca\u00eddas pueden causar problemas.<\/em><\/p>\n<p><span style=\"color: #ff0000;\"><em><strong>Segu\u00ed a GasGas Argentina en instagram!<\/strong><\/em><\/span><\/p>\n<p><a href=\"https:\/\/www.instagram.com\/gasgas.argentina\/\"><img fetchpriority=\"high\" decoding=\"async\" class=\"alignnone wp-image-63503 size-full\" src=\"http:\/\/www.crossprensa.com.ar\/news\/wp-content\/uploads\/2023\/03\/WhatsApp-Image-2023-22-072-at-18.00.29.jpeg\" alt=\"\" width=\"1283\" height=\"109\" \/><\/a><\/p>\n<p>Prado se mostr\u00f3 muy positivo sobre la carrera de clasificaci\u00f3n del s\u00e1bado y sinti\u00f3 que el nuevo sistema de puntos con la carrera de clasificaci\u00f3n le dar\u00eda una ventaja sobre sus rivales. Con un 1-1 en las dos primeras carreras de la temporada en Argentina (Carrera de clasificaci\u00f3n y Carrera 1) y terminando entre los diez primeros en la tercera carrera, el dos veces campe\u00f3n mundial de MX2 sabe que ser fuerte todo el fin de semana lo llevar\u00e1 a sumar muchos puntos.<\/p>\n<p><em>\u201cEste nuevo sistema de puntos en la carrera clasificatoria es muy especial porque significa que tienes que ser constante y creo que es algo que me ayudar\u00e1, ya que soy bueno en carreras cortas y creo que esto me ayudar\u00e1 a sumar m\u00e1s puntos.\u00a0\u201d<\/em><\/p>\n<p>Boxes de Argentina &#8211; Foto: Crossprensa.<\/p>\n<p><img decoding=\"async\" class=\"alignnone size-full wp-image-63499\" src=\"http:\/\/www.crossprensa.com.ar\/news\/wp-content\/uploads\/2023\/03\/IMG_20230310_1125116.jpg\" alt=\"\" width=\"762\" height=\"529\" srcset=\"https:\/\/www.crossprensa.com.ar\/news\/wp-content\/uploads\/2023\/03\/IMG_20230310_1125116.jpg 762w, https:\/\/www.crossprensa.com.ar\/news\/wp-content\/uploads\/2023\/03\/IMG_20230310_1125116-300x208.jpg 300w, https:\/\/www.crossprensa.com.ar\/news\/wp-content\/uploads\/2023\/03\/IMG_20230310_1125116-576x400.jpg 576w, https:\/\/www.crossprensa.com.ar\/news\/wp-content\/uploads\/2023\/03\/IMG_20230310_1125116-750x521.jpg 750w\" sizes=\"(max-width: 762px) 100vw, 762px\" \/><\/p>\n<p>Y ahora a Cerde\u00f1a para la segunda carrera del campeonato MXGP 2023. Buenos recuerdos para Prado tambi\u00e9n en este tipo de piso, ya sea Assen, Lommel o Cerde\u00f1a, conf\u00eda en que puede pelear contra el &#8216;Rey de la arena&#8217;, Jeffrey Herlings el pr\u00f3ximo fin de semana.<\/p>\n<p><em>\u201cTuvimos algunas batallas en la arena en 2021. \u00c9l era el tipo a vencer y pude mantenerme por delante de \u00e9l durante 26 minutos y cont\u00e9 cada minuto, porque estar por delante de \u00e9l tanto tiempo es mucho, y no puedo esperar por una segunda oportunidad.&#8221;<\/em><\/p>\n<p>Ahora que Prado se dirige a Cerde\u00f1a y al circuito muy duro de Riola Sardo, sabe que no es posible ser perfecto siempre, pero para convertirse en campe\u00f3n mundial de motocross, ganarler a Herlings en la arena el pr\u00f3ximo fin de semana contribuir\u00e1 en gran medida a desarrollar su propia confianza y quitarle la confianza al holand\u00e9s. Pase lo que pase este fin de semana, seguro que Prado dar\u00e1 todo lo que tiene para ganar.<\/p>\n<p>Foto de tapa: Prensa GasGas.<\/p>\n","protected":false},"excerpt":{"rendered":"<p>Dijo el piloto de Gas Gas: Fue un buen fin de semana en Argentina. Salir&#8230;<\/p>\n","protected":false},"author":2,"featured_media":63500,"comment_status":"open","ping_status":"open","sticky":false,"template":"","format":"standard","meta":{"om_disable_all_campaigns":false,"_monsterinsights_skip_tracking":false,"_uf_show_specific_survey":0,"_uf_disable_surveys":false,"footnotes":""},"categories":[37,24,115],"tags":[],"class_list":["post-63498","post","type-post","status-publish","format-standard","has-post-thumbnail","hentry","category-crossprensa","category-mxgp","category-mxgp-argentina"],"aioseo_notices":[],"_links":{"self":[{"href":"https:\/\/www.crossprensa.com.ar\/news\/wp-json\/wp\/v2\/posts\/63498","targetHints":{"allow":["GET"]}}],"collection":[{"href":"https:\/\/www.crossprensa.com.ar\/news\/wp-json\/wp\/v2\/posts"}],"about":[{"href":"https:\/\/www.crossprensa.com.ar\/news\/wp-json\/wp\/v2\/types\/post"}],"author":[{"embeddable":true,"href":"https:\/\/www.crossprensa.com.ar\/news\/wp-json\/wp\/v2\/users\/2"}],"replies":[{"embeddable":true,"href":"https:\/\/www.crossprensa.com.ar\/news\/wp-json\/wp\/v2\/comments?post=63498"}],"version-history":[{"count":4,"href":"https:\/\/www.crossprensa.com.ar\/news\/wp-json\/wp\/v2\/posts\/63498\/revisions"}],"predecessor-version":[{"id":63502,"href":"https:\/\/www.crossprensa.com.ar\/news\/wp-json\/wp\/v2\/posts\/63498\/revisions\/63502"}],"wp:featuredmedia":[{"embeddable":true,"href":"https:\/\/www.crossprensa.com.ar\/news\/wp-json\/wp\/v2\/media\/63500"}],"wp:attachment":[{"href":"https:\/\/www.crossprensa.com.ar\/news\/wp-json\/wp\/v2\/media?parent=63498"}],"wp:term":[{"taxonomy":"category","embeddable":true,"href":"https:\/\/www.crossprensa.com.ar\/news\/wp-json\/wp\/v2\/categories?post=63498"},{"taxonomy":"post_tag","embeddable":true,"href":"https:\/\/www.crossprensa.com.ar\/news\/wp-json\/wp\/v2\/tags?post=63498"}],"curies":[{"name":"wp","href":"https:\/\/api.w.org\/{rel}","templated":true}]}}