{"id":63261,"date":"2023-03-03T15:10:29","date_gmt":"2023-03-03T18:10:29","guid":{"rendered":"http:\/\/www.crossprensa.com.ar\/news\/?p=63261"},"modified":"2023-03-03T15:10:29","modified_gmt":"2023-03-03T18:10:29","slug":"w2rc-adrien-van-beveren-se-corona-en-abu-dhabi","status":"publish","type":"post","link":"https:\/\/www.crossprensa.com.ar\/news\/w2rc-adrien-van-beveren-se-corona-en-abu-dhabi\/rally\/","title":{"rendered":"W2RC: ADRIEN VAN BEVEREN SE CORONA EN ABU DHABI"},"content":{"rendered":"<p>Termino la ultima etapa del Abud Dhabi Desert Challenger con la victoria de Adrien Van Beveren con la Honda Oficial y segundo quedo Luciano Benavides.<\/p>\n<p><!--more--><\/p>\n<p>En la ultima etapa la victoria en la categor\u00eda Rally GP fue para Price que le sirvi\u00f3 para quedar en el 3er puesto de la general con un tiempo de 2 horas y 24 minutos seguido del Chileno Cornejo a 2 minutos y 33 segundos en la general la victoria de ADRIEN VAN BEVEREN con un tiempo de 17 horas con 13 minutos seguido de Luciano Benavides a 4 minutos y 18 segundos. En Rally 2 la victoria fue para Ebster y en la general tambi\u00e9n se la llevo el piloto Austria d\u00e1ndole una vuelta a la tabla de la categor\u00eda el segundo en la etapa fue Lucci a 49 segundos en la general Ebster hizo un tiempo de 18 horas y 41 minutos seguido de Lepan a 2 minutos. En Quads\u00a0 la nueva victoria de Ahli dominando la categor\u00eda desde el prologo gano la etapa con un tiempo de 3 horas y 16 minutos seguido como siempre de Kancius a 4 minutos en la general el piloto \u00c1rabe hizo un tiempo de 22 horas y 1 minuto seguido de Kancius a 1 hora y 5 minutos. Aqui te dejamos los resultados completos.<\/p>\n<p><a href=\"https:\/\/globalparts.ar\/\"><img fetchpriority=\"high\" decoding=\"async\" class=\"alignnone wp-image-63222 size-full\" src=\"http:\/\/www.crossprensa.com.ar\/news\/wp-content\/uploads\/2023\/03\/Crossprensa-Fox.jpg\" alt=\"\" width=\"1200\" height=\"100\" \/><\/a><\/p>\n<h2><strong><span style=\"color: #ff0000;\">QUADS:<\/span><\/strong><\/h2>\n<p><img decoding=\"async\" class=\"alignnone size-full wp-image-63137\" src=\"http:\/\/www.crossprensa.com.ar\/news\/wp-content\/uploads\/2023\/02\/10.-Abdulaziz-Ahli.jpg\" alt=\"\" width=\"1770\" height=\"1180\" srcset=\"https:\/\/www.crossprensa.com.ar\/news\/wp-content\/uploads\/2023\/02\/10.-Abdulaziz-Ahli.jpg 1770w, https:\/\/www.crossprensa.com.ar\/news\/wp-content\/uploads\/2023\/02\/10.-Abdulaziz-Ahli-300x200.jpg 300w, https:\/\/www.crossprensa.com.ar\/news\/wp-content\/uploads\/2023\/02\/10.-Abdulaziz-Ahli-600x400.jpg 600w, https:\/\/www.crossprensa.com.ar\/news\/wp-content\/uploads\/2023\/02\/10.-Abdulaziz-Ahli-768x512.jpg 768w, https:\/\/www.crossprensa.com.ar\/news\/wp-content\/uploads\/2023\/02\/10.-Abdulaziz-Ahli-1536x1024.jpg 1536w, https:\/\/www.crossprensa.com.ar\/news\/wp-content\/uploads\/2023\/02\/10.-Abdulaziz-Ahli-750x500.jpg 750w, https:\/\/www.crossprensa.com.ar\/news\/wp-content\/uploads\/2023\/02\/10.-Abdulaziz-Ahli-1140x760.jpg 1140w\" sizes=\"(max-width: 1770px) 100vw, 1770px\" \/><\/p>\n<p><img decoding=\"async\" class=\"alignnone size-full wp-image-63263\" src=\"http:\/\/www.crossprensa.com.ar\/news\/wp-content\/uploads\/2023\/03\/Sin-titulo-1-12.jpg\" alt=\"\" width=\"842\" height=\"390\" \/><\/p>\n<table width=\"985\">\n<tbody>\n<tr>\n<td>4<\/td>\n<td>A. GANCIERIUS (LIT)<\/td>\n<td>#160 &#8211; <strong>W2RC<\/strong><\/td>\n<td>03:32:42<\/td>\n<td>+ 16:09<\/td>\n<\/tr>\n<tr>\n<td><strong>5<\/strong><\/td>\n<td><strong>R. GUILLIOLI SCHIPPERS\u00a0<\/strong><strong>(GTM)<\/strong><\/td>\n<td><strong>#165 &#8211; <span style=\"color: #ff0000;\">W2RC<\/span><\/strong><\/td>\n<td><strong>03:34:15<\/strong><\/td>\n<td><strong>+ 17:42<\/strong><\/td>\n<\/tr>\n<tr>\n<td>6<\/td>\n<td>P. OTWINOWSKI\u00a0(POL)<\/td>\n<td>#164 &#8211; DUUST DIVERSE RACING<\/td>\n<td>04:16:44<\/td>\n<td>+ 01:00:11<\/td>\n<\/tr>\n<\/tbody>\n<\/table>\n<p><a href=\"https:\/\/www.instagram.com\/fgcarpas\/?hl=es-la\"><img loading=\"lazy\" decoding=\"async\" class=\"alignnone wp-image-63212 size-full\" src=\"http:\/\/www.crossprensa.com.ar\/news\/wp-content\/uploads\/2023\/03\/Sin-titulo-7053-scaled.jpg\" alt=\"\" width=\"2560\" height=\"218\" \/><\/a><\/p>\n<h3><strong>GENERAL:<\/strong><\/h3>\n<p><img decoding=\"async\" src=\"https:\/\/abudhabidesertchallenge.com\/wp-content\/uploads\/2022\/03\/Abdulaziz-Ahli-2.jpg\" \/><\/p>\n<p><img loading=\"lazy\" decoding=\"async\" class=\"alignnone size-full wp-image-63264\" src=\"http:\/\/www.crossprensa.com.ar\/news\/wp-content\/uploads\/2023\/03\/Sin-titulo-1-13.jpg\" alt=\"\" width=\"857\" height=\"416\" \/><\/p>\n<table width=\"1046\">\n<tbody>\n<tr>\n<td><strong>4<\/strong><\/td>\n<td><strong>R. GUILLIOLI SCHIPPERS\u00a0<\/strong><strong>(GTM)<\/strong><\/td>\n<td><strong>#165 &#8211; <span style=\"color: #ff0000;\">W2RC<\/span><\/strong><\/td>\n<td><strong>27:54:27<\/strong><\/td>\n<td><strong>+ 05:52:36<\/strong><\/td>\n<td><strong>+ 03:00:00<\/strong><\/td>\n<\/tr>\n<tr>\n<td>5<\/td>\n<td>A. KANOPKINAS (LTI)<\/td>\n<td>#161 &#8211; <strong>W2RC<\/strong><\/td>\n<td>44:09:15<\/td>\n<td>+ 22:07:24<\/td>\n<td>+ 14:00:00<\/td>\n<\/tr>\n<tr>\n<td>6<\/td>\n<td>P. OTWINOWSKI\u00a0(POL)<\/td>\n<td>#164 &#8211; DUUST DIVERSE RACING<\/td>\n<td>55:36:00<\/td>\n<td>+ 33:34:09<\/td>\n<td>+ 22:46:00<\/td>\n<\/tr>\n<\/tbody>\n<\/table>\n<p><a href=\"https:\/\/www.instagram.com\/mdcalcos\/?hl=es-la\"><img loading=\"lazy\" decoding=\"async\" class=\"alignnone wp-image-63214 size-full\" src=\"http:\/\/www.crossprensa.com.ar\/news\/wp-content\/uploads\/2023\/03\/Sin-titulo-7052.jpg\" alt=\"\" width=\"1584\" height=\"127\" \/><\/a><\/p>\n<h2><strong><span style=\"color: #ff0000;\">RALLY 2:<\/span><\/strong><\/h2>\n<p><img loading=\"lazy\" decoding=\"async\" class=\"alignnone size-full wp-image-63148\" src=\"http:\/\/www.crossprensa.com.ar\/news\/wp-content\/uploads\/2023\/02\/WhatsApp-Image-2023-02-28-at-12.40.36.jpeg\" alt=\"\" width=\"857\" height=\"508\" srcset=\"https:\/\/www.crossprensa.com.ar\/news\/wp-content\/uploads\/2023\/02\/WhatsApp-Image-2023-02-28-at-12.40.36.jpeg 857w, https:\/\/www.crossprensa.com.ar\/news\/wp-content\/uploads\/2023\/02\/WhatsApp-Image-2023-02-28-at-12.40.36-300x178.jpeg 300w, https:\/\/www.crossprensa.com.ar\/news\/wp-content\/uploads\/2023\/02\/WhatsApp-Image-2023-02-28-at-12.40.36-620x368.jpeg 620w, https:\/\/www.crossprensa.com.ar\/news\/wp-content\/uploads\/2023\/02\/WhatsApp-Image-2023-02-28-at-12.40.36-768x455.jpeg 768w, https:\/\/www.crossprensa.com.ar\/news\/wp-content\/uploads\/2023\/02\/WhatsApp-Image-2023-02-28-at-12.40.36-750x445.jpeg 750w\" sizes=\"(max-width: 857px) 100vw, 857px\" \/><\/p>\n<p><img loading=\"lazy\" decoding=\"async\" class=\"alignnone size-full wp-image-63265\" src=\"http:\/\/www.crossprensa.com.ar\/news\/wp-content\/uploads\/2023\/03\/Sin-titulo-1-14.jpg\" alt=\"\" width=\"849\" height=\"405\" \/><\/p>\n<table width=\"949\">\n<tbody>\n<tr>\n<td>4<\/td>\n<td>T. MULEC\u00a0(SVN)<\/td>\n<td>#53 &#8211; BAS WORLD KTM RACING TEAM <strong>W2RC<\/strong><\/td>\n<td>02:43:45<\/td>\n<td>+ 06:54<\/td>\n<\/tr>\n<tr>\n<td>5<\/td>\n<td>A. MCINNES (ING)<\/td>\n<td>#21 &#8211; MOTOZONE RACING<\/td>\n<td>02:55:49<\/td>\n<td>+ 18:58<\/td>\n<\/tr>\n<tr>\n<td>6<\/td>\n<td>D. MCBRIDE (ING)<\/td>\n<td>#68 &#8211; VENDETTA RACING UAE<\/td>\n<td>03:02:26<\/td>\n<td>+ 25:35<\/td>\n<\/tr>\n<tr>\n<td>7<\/td>\n<td>S. AL BALOOSHI\u00a0(ARE)<\/td>\n<td>#26 &#8211; MX RIDE DUBAI<\/td>\n<td>03:03:37<\/td>\n<td>+ 26:46<\/td>\n<\/tr>\n<tr>\n<td>8<\/td>\n<td>O. O&#8217;KELLY\u00a0(IRL)<\/td>\n<td>#67 &#8211; VENDETTA RACING UAE<\/td>\n<td>03:05:49<\/td>\n<td>+ 28:58<\/td>\n<\/tr>\n<tr>\n<td>9<\/td>\n<td>B. SANTOS (POR)<\/td>\n<td>#54 &#8211;<\/td>\n<td>03:12:50<\/td>\n<td>+ 35:59<\/td>\n<\/tr>\n<tr>\n<td>10<\/td>\n<td>V. BIAU\u00a0(FRA)<\/td>\n<td>#44 &#8211;<\/td>\n<td>03:13:42<\/td>\n<td>+ 36:51<\/td>\n<\/tr>\n<tr>\n<td>11<\/td>\n<td>H. AL ALI\u00a0(ARE)<\/td>\n<td>#28 &#8211;<\/td>\n<td>03:16:51<\/td>\n<td>+ 40:00<\/td>\n<\/tr>\n<tr>\n<td>12<\/td>\n<td>M. SILIUNAS (LIT)<\/td>\n<td>#88 &#8211; AG DAKAR SCHOOL<\/td>\n<td>03:24:34<\/td>\n<td>+ 47:43<\/td>\n<\/tr>\n<tr>\n<td>13<\/td>\n<td>D. MABBS (ING)<\/td>\n<td>#69 &#8211; VENDETTA RACING UAE<\/td>\n<td>03:24:50<\/td>\n<td>+ 47:59<\/td>\n<\/tr>\n<tr>\n<td>14<\/td>\n<td>J. GERLACH (ALE)<\/td>\n<td>#38 &#8211;<\/td>\n<td>03:30:14<\/td>\n<td>+ 53:23<\/td>\n<\/tr>\n<tr>\n<td>15<\/td>\n<td>P. SAEYS\u00a0(BEL)<\/td>\n<td>#33 &#8211; HT RALLY RAID HUSQVARNA RACING<\/td>\n<td>03:36:37<\/td>\n<td>+ 59:46<\/td>\n<\/tr>\n<tr>\n<td>16<\/td>\n<td>M. ALRAHMANI\u00a0(ARE)<\/td>\n<td>#27 &#8211; MX RIDE DUBAI<\/td>\n<td>03:36:54<\/td>\n<td>+ 01:00:03<\/td>\n<\/tr>\n<tr>\n<td>17<\/td>\n<td>Y. IKEMACHI\u00a0(JPN)<\/td>\n<td>#45 &#8211; BAS WORLD KTM RACING TEAM<\/td>\n<td>03:37:15<\/td>\n<td>+ 01:00:24<\/td>\n<\/tr>\n<tr>\n<td>18<\/td>\n<td>A. RAORANE\u00a0(IND)<\/td>\n<td>#34 &#8211; XRAIDS EXPERIENCE<\/td>\n<td>03:42:02<\/td>\n<td>+ 01:05:11<\/td>\n<\/tr>\n<tr>\n<td>19<\/td>\n<td>W. CARR\u00a0(USA)<\/td>\n<td>#31 &#8211; HT RALLY RAID HUSQVARNA RACING<\/td>\n<td>03:57:19<\/td>\n<td>+ 01:20:28<\/td>\n<\/tr>\n<tr>\n<td>20<\/td>\n<td>G. SATKUS (LIT)<\/td>\n<td>#58 &#8211; AG DAKAR SCHOOL<\/td>\n<td>04:11:49<\/td>\n<td>+ 01:34:58<\/td>\n<\/tr>\n<tr>\n<td>21<\/td>\n<td>G. CHULUUN\u00a0(MNG)<\/td>\n<td>#32 &#8211; HT RALLY RAID HUSQVARNA RACING<\/td>\n<td>04:33:01<\/td>\n<td>+ 01:56:10<\/td>\n<\/tr>\n<tr>\n<td>22<\/td>\n<td>B. MELOT\u00a0(FRA)<\/td>\n<td>#39 &#8211;<\/td>\n<td>04:36:15<\/td>\n<td>+ 01:59:24<\/td>\n<\/tr>\n<tr>\n<td>23<\/td>\n<td>M. DAVIDSON\u00a0(AUS)<\/td>\n<td>#40 &#8211;<\/td>\n<td>04:36:44<\/td>\n<td>+ 01:59:53<\/td>\n<\/tr>\n<tr>\n<td>24<\/td>\n<td>D. CIZEAU GIRAULT\u00a0(ESP)<\/td>\n<td>#35 &#8211; XRAIDS EXPERIENCE <strong>W2RC<\/strong><\/td>\n<td>04:47:57<\/td>\n<td>+ 02:11:06<\/td>\n<\/tr>\n<tr>\n<td>25<\/td>\n<td>I. FLOREA\u00a0(ROU)<\/td>\n<td>#92 &#8211; <strong>W2RC<\/strong><\/td>\n<td>05:33:23<\/td>\n<td>+ 02:56:32<\/td>\n<\/tr>\n<\/tbody>\n<\/table>\n<h3><a href=\"https:\/\/estanciadelcarmen.com.ar\/\"><img loading=\"lazy\" decoding=\"async\" class=\"alignnone wp-image-63216 size-full\" src=\"http:\/\/www.crossprensa.com.ar\/news\/wp-content\/uploads\/2023\/03\/Sin-titulo-7075.jpg\" alt=\"\" width=\"1283\" height=\"109\" \/><\/a><\/h3>\n<h3><strong>GENERAL:<\/strong><\/h3>\n<p><img decoding=\"async\" src=\"https:\/\/abudhabidesertchallenge.com\/wp-content\/uploads\/2022\/03\/Michael-Docherty.jpg\" \/><\/p>\n<p><img loading=\"lazy\" decoding=\"async\" class=\"alignnone size-full wp-image-63266\" src=\"http:\/\/www.crossprensa.com.ar\/news\/wp-content\/uploads\/2023\/03\/Sin-titulo-1-15.jpg\" alt=\"\" width=\"838\" height=\"392\" \/><\/p>\n<table width=\"1054\">\n<tbody>\n<tr>\n<td>4<\/td>\n<td>T. MULEC\u00a0(SVN)<\/td>\n<td>#53 &#8211; BAS WORLD KTM RACING TEAM <strong>W2RC<\/strong><\/td>\n<td>19:27:29<\/td>\n<td>+ 45:39<\/td>\n<td><\/td>\n<\/tr>\n<tr>\n<td>5<\/td>\n<td>B. SANTOS (POR)<\/td>\n<td>#54 &#8211;<\/td>\n<td>22:10:47<\/td>\n<td>+ 03:28:57<\/td>\n<td><\/td>\n<\/tr>\n<tr>\n<td>6<\/td>\n<td>A. MCINNES (ING)<\/td>\n<td>#21 &#8211; MOTOZONE RACING<\/td>\n<td>22:53:50<\/td>\n<td>+ 04:12:00<\/td>\n<td><\/td>\n<\/tr>\n<tr>\n<td>7<\/td>\n<td>D. MCBRIDE (ING)<\/td>\n<td>#68 &#8211; VENDETTA RACING UAE<\/td>\n<td>22:57:37<\/td>\n<td>+ 04:15:47<\/td>\n<td>+ 01:00<\/td>\n<\/tr>\n<tr>\n<td>8<\/td>\n<td>O. O&#8217;KELLY\u00a0(IRL)<\/td>\n<td>#67 &#8211; VENDETTA RACING UAE<\/td>\n<td>23:21:09<\/td>\n<td>+ 04:39:19<\/td>\n<td>+ 22:00<\/td>\n<\/tr>\n<tr>\n<td>9<\/td>\n<td>M. SILIUNAS (LIT)<\/td>\n<td>#88 &#8211; AG DAKAR SCHOOL<\/td>\n<td>23:45:31<\/td>\n<td>+ 05:03:41<\/td>\n<td><\/td>\n<\/tr>\n<tr>\n<td>10<\/td>\n<td>V. BIAU\u00a0(FRA)<\/td>\n<td>#44 &#8211;<\/td>\n<td>23:53:25<\/td>\n<td>+ 05:11:35<\/td>\n<td><\/td>\n<\/tr>\n<tr>\n<td>11<\/td>\n<td>A. RAORANE\u00a0(IND)<\/td>\n<td>#34 &#8211; XRAIDS EXPERIENCE<\/td>\n<td>25:09:05<\/td>\n<td>+ 06:27:15<\/td>\n<td>+ 09:00<\/td>\n<\/tr>\n<tr>\n<td>12<\/td>\n<td>Y. IKEMACHI\u00a0(JPN)<\/td>\n<td>#45 &#8211; BAS WORLD KTM RACING TEAM<\/td>\n<td>25:37:33<\/td>\n<td>+ 06:55:43<\/td>\n<td>+ 03:00<\/td>\n<\/tr>\n<tr>\n<td>13<\/td>\n<td>P. SAEYS\u00a0(BEL)<\/td>\n<td>#33 &#8211; HT RALLY RAID HUSQVARNA RACING<\/td>\n<td>25:55:34<\/td>\n<td>+ 07:13:44<\/td>\n<td>+ 17:00<\/td>\n<\/tr>\n<tr>\n<td>14<\/td>\n<td>W. CARR\u00a0(USA)<\/td>\n<td>#31 &#8211; HT RALLY RAID HUSQVARNA RACING<\/td>\n<td>28:40:53<\/td>\n<td>+ 09:59:03<\/td>\n<td>+ 01:08:00<\/td>\n<\/tr>\n<tr>\n<td>15<\/td>\n<td>B. MELOT\u00a0(FRA)<\/td>\n<td>#39 &#8211;<\/td>\n<td>31:14:26<\/td>\n<td>+ 12:32:36<\/td>\n<td><\/td>\n<\/tr>\n<tr>\n<td>16<\/td>\n<td>M. DAVIDSON\u00a0(AUS)<\/td>\n<td>#40 &#8211;<\/td>\n<td>31:17:21<\/td>\n<td>+ 12:35:31<\/td>\n<td>+ 01:00<\/td>\n<\/tr>\n<tr>\n<td>17<\/td>\n<td>G. CHULUUN\u00a0(MNG)<\/td>\n<td>#32 &#8211; HT RALLY RAID HUSQVARNA RACING<\/td>\n<td>33:11:29<\/td>\n<td>+ 14:29:39<\/td>\n<td>+ 01:12:00<\/td>\n<\/tr>\n<tr>\n<td>18<\/td>\n<td>G. SATKUS (LIT)<\/td>\n<td>#58 &#8211; AG DAKAR SCHOOL<\/td>\n<td>33:38:32<\/td>\n<td>+ 14:56:42<\/td>\n<td>+ 01:02:00<\/td>\n<\/tr>\n<tr>\n<td>19<\/td>\n<td>D. CIZEAU GIRAULT\u00a0(ESP)<\/td>\n<td>#35 &#8211; XRAIDS EXPERIENCE <strong>W2RC<\/strong><\/td>\n<td>35:09:41<\/td>\n<td>+ 16:27:51<\/td>\n<td><\/td>\n<\/tr>\n<tr>\n<td>20<\/td>\n<td>M. ALRAHMANI\u00a0(ARE)<\/td>\n<td>#27 &#8211; MX RIDE DUBAI<\/td>\n<td>36:08:52<\/td>\n<td>+ 17:27:02<\/td>\n<td>+ 08:00:00<\/td>\n<\/tr>\n<tr>\n<td>21<\/td>\n<td>S. AL BALOOSHI\u00a0(ARE)<\/td>\n<td>#26 &#8211; MX RIDE DUBAI<\/td>\n<td>36:58:02<\/td>\n<td>+ 18:16:12<\/td>\n<td>+ 10:30:00<\/td>\n<\/tr>\n<tr>\n<td>22<\/td>\n<td>J. GERLACH (ALE)<\/td>\n<td>#38 &#8211;<\/td>\n<td>43:16:17<\/td>\n<td>+ 24:34:27<\/td>\n<td>+ 13:31:00<\/td>\n<\/tr>\n<tr>\n<td>23<\/td>\n<td>H. AL ALI\u00a0(ARE)<\/td>\n<td>#28 &#8211;<\/td>\n<td>61:52:00<\/td>\n<td>+ 43:10:10<\/td>\n<td>+ 28:45:00<\/td>\n<\/tr>\n<tr>\n<td>24<\/td>\n<td>D. MABBS (ING)<\/td>\n<td>#69 &#8211; VENDETTA RACING UAE<\/td>\n<td>84:50:49<\/td>\n<td>+ 66:08:59<\/td>\n<td>+ 47:30:00<\/td>\n<\/tr>\n<tr>\n<td>25<\/td>\n<td>I. FLOREA\u00a0(ROU)<\/td>\n<td>#92 &#8211; <strong>W2RC<\/strong><\/td>\n<td>104:51:41<\/td>\n<td>+ 86:09:51<\/td>\n<td>+ 63:45:00<\/td>\n<\/tr>\n<\/tbody>\n<\/table>\n<p><a href=\"https:\/\/motosruiz.com.ar\/\"><img loading=\"lazy\" decoding=\"async\" class=\"alignnone wp-image-63210 size-full\" src=\"http:\/\/www.crossprensa.com.ar\/news\/wp-content\/uploads\/2023\/03\/Sin-titulo-7080.jpg\" alt=\"\" width=\"1283\" height=\"109\" \/><\/a><\/p>\n<h2><strong>RALLY GP:<\/strong><\/h2>\n<p><img loading=\"lazy\" decoding=\"async\" class=\"alignnone size-full wp-image-63178\" src=\"http:\/\/www.crossprensa.com.ar\/news\/wp-content\/uploads\/2023\/03\/WhatsApp-Image-2023-03-01-at-15.19.39.jpeg\" alt=\"\" width=\"1080\" height=\"901\" \/><\/p>\n<p><img loading=\"lazy\" decoding=\"async\" class=\"alignnone size-full wp-image-63267\" src=\"http:\/\/www.crossprensa.com.ar\/news\/wp-content\/uploads\/2023\/03\/Sin-titulo-1-16.jpg\" alt=\"\" width=\"846\" height=\"412\" \/><\/p>\n<table width=\"937\">\n<tbody>\n<tr>\n<td>4<\/td>\n<td>R. BRANCH\u00a0(BWA)<\/td>\n<td>#16 &#8211; HERO MOTORSPORTS TEAM RALLY <strong>W2RC<\/strong><\/td>\n<td>02:27:46<\/td>\n<td>+ 03:01<\/td>\n<\/tr>\n<tr>\n<td>5<\/td>\n<td>A. VAN BEVEREN\u00a0(FRA)<\/td>\n<td>#42 &#8211; M E HONDA TEAM <strong>W2RC<\/strong><\/td>\n<td>02:28:07<\/td>\n<td>+ 03:22<\/td>\n<\/tr>\n<tr>\n<td>6<\/td>\n<td>R. BRABEC\u00a0(USA)<\/td>\n<td>#2 &#8211; M E HONDA TEAM <strong>W2RC<\/strong><\/td>\n<td>02:29:20<\/td>\n<td>+ 04:35<\/td>\n<\/tr>\n<tr>\n<td>7<\/td>\n<td>L. BENAVIDES\u00a0(ARG)<\/td>\n<td>#77 &#8211; HUSQVARNA FACTORY RACING <strong>W2RC<\/strong><\/td>\n<td>02:29:27<\/td>\n<td>+ 04:42<\/td>\n<\/tr>\n<\/tbody>\n<\/table>\n<p><a href=\"https:\/\/www.instagram.com\/avantmotos_oficial\/?hl=es-la\"><img loading=\"lazy\" decoding=\"async\" class=\"alignnone wp-image-63213 size-full\" src=\"http:\/\/www.crossprensa.com.ar\/news\/wp-content\/uploads\/2023\/03\/Sin-titulo-7044.jpg\" alt=\"\" width=\"1594\" height=\"174\" \/><\/a><\/p>\n<h2><span style=\"color: #ff0000;\"><strong>GENERAL:<\/strong><\/span><\/h2>\n<p><img loading=\"lazy\" decoding=\"async\" class=\"alignnone size-full wp-image-63268\" src=\"http:\/\/www.crossprensa.com.ar\/news\/wp-content\/uploads\/2023\/03\/WhatsApp-Image-2023-03-03-at-12.32.17-1.jpeg\" alt=\"\" width=\"1080\" height=\"719\" srcset=\"https:\/\/www.crossprensa.com.ar\/news\/wp-content\/uploads\/2023\/03\/WhatsApp-Image-2023-03-03-at-12.32.17-1.jpeg 1080w, https:\/\/www.crossprensa.com.ar\/news\/wp-content\/uploads\/2023\/03\/WhatsApp-Image-2023-03-03-at-12.32.17-1-300x200.jpeg 300w, https:\/\/www.crossprensa.com.ar\/news\/wp-content\/uploads\/2023\/03\/WhatsApp-Image-2023-03-03-at-12.32.17-1-601x400.jpeg 601w, https:\/\/www.crossprensa.com.ar\/news\/wp-content\/uploads\/2023\/03\/WhatsApp-Image-2023-03-03-at-12.32.17-1-768x511.jpeg 768w, https:\/\/www.crossprensa.com.ar\/news\/wp-content\/uploads\/2023\/03\/WhatsApp-Image-2023-03-03-at-12.32.17-1-750x499.jpeg 750w\" sizes=\"(max-width: 1080px) 100vw, 1080px\" \/><\/p>\n<p><img loading=\"lazy\" decoding=\"async\" class=\"alignnone size-full wp-image-63269\" src=\"http:\/\/www.crossprensa.com.ar\/news\/wp-content\/uploads\/2023\/03\/Sin-titulo-1-17.jpg\" alt=\"\" width=\"853\" height=\"390\" \/><\/p>\n<table width=\"927\">\n<tbody>\n<tr>\n<td><strong>4<\/strong><\/td>\n<td><strong>I. CORNEJO\u00a0(CHL)<\/strong><\/td>\n<td><strong>#11 &#8211; M E HONDA TEAM <span style=\"color: #ff0000;\">W2RC<\/span><\/strong><\/td>\n<td><strong>17:18:54<\/strong><\/td>\n<td><strong>+ 05:15<\/strong><\/td>\n<\/tr>\n<tr>\n<td>5<\/td>\n<td>R. BRANCH\u00a0(BWA)<\/td>\n<td>#16 &#8211; HERO MOTORSPORTS TEAM RALLY <strong>W2RC<\/strong><\/td>\n<td>17:19:56<\/td>\n<td>+ 06:17<\/td>\n<\/tr>\n<tr>\n<td>6<\/td>\n<td>S. HOWES\u00a0(USA)<\/td>\n<td>#10 &#8211; HUSQVARNA FACTORY RACING <strong>W2RC<\/strong><\/td>\n<td>17:20:02<\/td>\n<td>+ 06:23<\/td>\n<\/tr>\n<tr>\n<td>7<\/td>\n<td>R. BRABEC\u00a0(USA)<\/td>\n<td>#2 &#8211; M E HONDA TEAM <strong>W2RC<\/strong><\/td>\n<td>17:23:44<\/td>\n<td>+ 10:05<\/td>\n<\/tr>\n<\/tbody>\n<\/table>\n<p><a href=\"https:\/\/www.instagram.com\/qpg_mxparts\/?hl=es-la\"><img loading=\"lazy\" decoding=\"async\" class=\"alignnone wp-image-63218 size-full\" src=\"http:\/\/www.crossprensa.com.ar\/news\/wp-content\/uploads\/2023\/03\/qpg-1.jpg\" alt=\"\" width=\"1281\" height=\"108\" \/><\/a><\/p>\n<h3><strong>ABANDONOS:<\/strong><\/h3>\n<table width=\"1059\">\n<tbody>\n<tr>\n<td>M. KLEIN\u00a0(USA)<\/td>\n<td>#9 &#8211; BAS WORLD KTM RACING TEAM <strong>W2RC<\/strong><\/td>\n<td>E 5<\/td>\n<td>ABANDONO<\/td>\n<\/tr>\n<tr>\n<td>K. DABROWSKI\u00a0(POL)<\/td>\n<td>#23 &#8211; DUUST DIVERSE RACING <strong>W2RC<\/strong><\/td>\n<td>E 5<\/td>\n<td>ABANDONO<\/td>\n<\/tr>\n<tr>\n<td>M. AL BALOOSHI\u00a0(ARE)<\/td>\n<td>#25 &#8211; ABU DHABI TEAM<\/td>\n<td>E 5<\/td>\n<td>ABANDONO<\/td>\n<\/tr>\n<tr>\n<td>A. HARKIN\u00a0(CAN)<\/td>\n<td>#29 &#8211; HT RALLY RAID HUSQVARNA RACING<\/td>\n<td>E 5<\/td>\n<td>ABANDONO<\/td>\n<\/tr>\n<tr>\n<td>D. GOODMAN\u00a0(AUS)<\/td>\n<td>#43 &#8211;<\/td>\n<td>E 5<\/td>\n<td>ABANDONO<\/td>\n<\/tr>\n<tr>\n<td>A. DANILA\u00a0(ROU)<\/td>\n<td>#93 &#8211; <strong>W2RC<\/strong><\/td>\n<td>E 5<\/td>\n<td>ABANDONO<\/td>\n<\/tr>\n<tr>\n<td><strong>P. QUINTANILLA\u00a0(CHL)<\/strong><\/td>\n<td><strong>#7 &#8211; M E HONDA TEAM <span style=\"color: #ff0000;\">W2RC<\/span><\/strong><\/td>\n<td><strong>E 4<\/strong><\/td>\n<td><strong>ABANDONO<\/strong><\/td>\n<\/tr>\n<tr>\n<td>S. B\u00dcHLER\u00a0(DEU)<\/td>\n<td>#14 &#8211; HERO MOTORSPORTS TEAM RALLY <strong>W2RC<\/strong><\/td>\n<td>E 1<\/td>\n<td>ABANDONO<\/td>\n<\/tr>\n<\/tbody>\n<\/table>\n<p><a href=\"https:\/\/globalparts.ar\/\"><img loading=\"lazy\" decoding=\"async\" class=\"alignnone wp-image-63195 size-full\" src=\"http:\/\/www.crossprensa.com.ar\/news\/wp-content\/uploads\/2023\/03\/1200x100-Dunlop-scaled.jpg\" alt=\"\" width=\"2560\" height=\"214\" \/><\/a><\/p>\n<h4><span style=\"color: #ff0000;\"><strong>Nota: FERMIN GUTIERREZ<\/strong><\/span><\/h4>\n","protected":false},"excerpt":{"rendered":"<p>Termino la ultima etapa del Abud Dhabi Desert Challenger con la victoria de Adrien Van&#8230;<\/p>\n","protected":false},"author":2,"featured_media":63262,"comment_status":"open","ping_status":"open","sticky":false,"template":"","format":"standard","meta":{"om_disable_all_campaigns":false,"_monsterinsights_skip_tracking":false,"_monsterinsights_sitenote_active":false,"_monsterinsights_sitenote_note":"","_monsterinsights_sitenote_category":0,"_uf_show_specific_survey":0,"_uf_disable_surveys":false,"footnotes":""},"categories":[38,15,126],"tags":[],"class_list":["post-63261","post","type-post","status-publish","format-standard","has-post-thumbnail","hentry","category-hot-news","category-rally","category-w2rc"],"aioseo_notices":[],"_links":{"self":[{"href":"https:\/\/www.crossprensa.com.ar\/news\/wp-json\/wp\/v2\/posts\/63261","targetHints":{"allow":["GET"]}}],"collection":[{"href":"https:\/\/www.crossprensa.com.ar\/news\/wp-json\/wp\/v2\/posts"}],"about":[{"href":"https:\/\/www.crossprensa.com.ar\/news\/wp-json\/wp\/v2\/types\/post"}],"author":[{"embeddable":true,"href":"https:\/\/www.crossprensa.com.ar\/news\/wp-json\/wp\/v2\/users\/2"}],"replies":[{"embeddable":true,"href":"https:\/\/www.crossprensa.com.ar\/news\/wp-json\/wp\/v2\/comments?post=63261"}],"version-history":[{"count":1,"href":"https:\/\/www.crossprensa.com.ar\/news\/wp-json\/wp\/v2\/posts\/63261\/revisions"}],"predecessor-version":[{"id":63270,"href":"https:\/\/www.crossprensa.com.ar\/news\/wp-json\/wp\/v2\/posts\/63261\/revisions\/63270"}],"wp:featuredmedia":[{"embeddable":true,"href":"https:\/\/www.crossprensa.com.ar\/news\/wp-json\/wp\/v2\/media\/63262"}],"wp:attachment":[{"href":"https:\/\/www.crossprensa.com.ar\/news\/wp-json\/wp\/v2\/media?parent=63261"}],"wp:term":[{"taxonomy":"category","embeddable":true,"href":"https:\/\/www.crossprensa.com.ar\/news\/wp-json\/wp\/v2\/categories?post=63261"},{"taxonomy":"post_tag","embeddable":true,"href":"https:\/\/www.crossprensa.com.ar\/news\/wp-json\/wp\/v2\/tags?post=63261"}],"curies":[{"name":"wp","href":"https:\/\/api.w.org\/{rel}","templated":true}]}}