{"id":62018,"date":"2022-12-30T15:13:39","date_gmt":"2022-12-30T18:13:39","guid":{"rendered":"http:\/\/www.crossprensa.com.ar\/news\/?p=62018"},"modified":"2022-12-30T15:13:39","modified_gmt":"2022-12-30T18:13:39","slug":"los-quads-lo-necesitaban-pro-atv-republica","status":"publish","type":"post","link":"https:\/\/www.crossprensa.com.ar\/news\/los-quads-lo-necesitaban-pro-atv-republica\/quads\/","title":{"rendered":"LOS QUADS LO NECESITABAN: PRO ATV REPUBLICA!"},"content":{"rendered":"<p>Cordoba explota en 2023! Un nuevo campeonato de Quads, en una provincia que de paisajes tiene pistas por todos lados&#8230; Y ahora el mismo promotor del MX CORDOB\u00c9S (Leonel Banner) da comienzo a una nueva historia con toda la experiencia que le ha dado el exitoso campeonato de motocross.<\/p>\n<p><!--more--><\/p>\n<p>Fiscalizado por la Federaci\u00f3n Cordobesa de Motociclismo, los Quads en Argentina tendr\u00e1n una grandiosa opci\u00f3n para poder sacarse todas las ganas deportivas y personales con un campeonato 100% profesional.<\/p>\n<p>Se lo van a perder?<\/p>\n<p>Foto de tapa: PHFG58 \/ Ferm\u00edn Guti\u00e9rrez \/ Crossprensa<\/p>\n<p>&nbsp;<\/p>\n<p><img fetchpriority=\"high\" decoding=\"async\" class=\"size-medium wp-image-62020 aligncenter\" src=\"http:\/\/www.crossprensa.com.ar\/news\/wp-content\/uploads\/2022\/12\/WhatsApp-Image-2022-12-30-at-13.55.03-1-300x300.jpeg\" alt=\"\" width=\"300\" height=\"300\" \/><\/p>\n","protected":false},"excerpt":{"rendered":"<p>Cordoba explota en 2023! Un nuevo campeonato de Quads, en una provincia que de paisajes&#8230;<\/p>\n","protected":false},"author":2,"featured_media":0,"comment_status":"open","ping_status":"open","sticky":false,"template":"","format":"standard","meta":{"om_disable_all_campaigns":false,"_monsterinsights_skip_tracking":false,"_monsterinsights_sitenote_active":false,"_monsterinsights_sitenote_note":"","_monsterinsights_sitenote_category":0,"_uf_show_specific_survey":0,"_uf_disable_surveys":false,"footnotes":""},"categories":[37,10],"tags":[],"class_list":["post-62018","post","type-post","status-publish","format-standard","hentry","category-crossprensa","category-quads"],"aioseo_notices":[],"_links":{"self":[{"href":"https:\/\/www.crossprensa.com.ar\/news\/wp-json\/wp\/v2\/posts\/62018","targetHints":{"allow":["GET"]}}],"collection":[{"href":"https:\/\/www.crossprensa.com.ar\/news\/wp-json\/wp\/v2\/posts"}],"about":[{"href":"https:\/\/www.crossprensa.com.ar\/news\/wp-json\/wp\/v2\/types\/post"}],"author":[{"embeddable":true,"href":"https:\/\/www.crossprensa.com.ar\/news\/wp-json\/wp\/v2\/users\/2"}],"replies":[{"embeddable":true,"href":"https:\/\/www.crossprensa.com.ar\/news\/wp-json\/wp\/v2\/comments?post=62018"}],"version-history":[{"count":1,"href":"https:\/\/www.crossprensa.com.ar\/news\/wp-json\/wp\/v2\/posts\/62018\/revisions"}],"predecessor-version":[{"id":62023,"href":"https:\/\/www.crossprensa.com.ar\/news\/wp-json\/wp\/v2\/posts\/62018\/revisions\/62023"}],"wp:attachment":[{"href":"https:\/\/www.crossprensa.com.ar\/news\/wp-json\/wp\/v2\/media?parent=62018"}],"wp:term":[{"taxonomy":"category","embeddable":true,"href":"https:\/\/www.crossprensa.com.ar\/news\/wp-json\/wp\/v2\/categories?post=62018"},{"taxonomy":"post_tag","embeddable":true,"href":"https:\/\/www.crossprensa.com.ar\/news\/wp-json\/wp\/v2\/tags?post=62018"}],"curies":[{"name":"wp","href":"https:\/\/api.w.org\/{rel}","templated":true}]}}