{"id":62011,"date":"2022-12-29T18:21:02","date_gmt":"2022-12-29T21:21:02","guid":{"rendered":"http:\/\/www.crossprensa.com.ar\/news\/?p=62011"},"modified":"2022-12-29T18:21:02","modified_gmt":"2022-12-29T21:21:02","slug":"dakar-julio-estanguet-abandona","status":"publish","type":"post","link":"https:\/\/www.crossprensa.com.ar\/news\/dakar-julio-estanguet-abandona\/dakar\/","title":{"rendered":"DAKAR: JULIO ESTANGUET ABANDONA"},"content":{"rendered":"<p>El piloto de Quads Julio Estanguet sufri\u00f3 un problema de salud que se manifest\u00f3 apenas lleg\u00f3 a Arabia, tras inscribirse en el Dakar 2023.<\/p>\n<p><!--more--><\/p>\n<p><strong>Julio C\u00e9sar Estanguet<\/strong>\u00a0dialog\u00f3 con nuestros colegas de\u00a0<strong><em>Campeones<\/em>\u00a0<\/strong>en Arabia Saudita, desde el centro m\u00e9dico de la ciudad de Yambu en el que se encuentra para estabilizar su situaci\u00f3n del sistema circulatorio. \u00ab<em>Estar\u00e9 internado unos d\u00edas y luego ver\u00e9 c\u00f3mo regresar dado que me piden no viajar en avi\u00f3n<\/em>\u00ab, cont\u00f3 el cordob\u00e9s de R\u00edo Cuarto.<\/p>\n<p><em>Despu\u00e9s de cuatro d\u00edas de vuelos, empec\u00e9 a sentir un dolor en la pantorrilla pensando que era un calambre. Se hizo insostenible y fui directo al hospital.\u00a0<\/em>Tras la revisi\u00f3n y eco (doppler) me diagnostic\u00f3 trombosis en el gemelo a la altura de la rodilla<em>, detall\u00f3 el argentino de 54 a\u00f1os.<\/em><\/p>\n<p><img decoding=\"async\" src=\"https:\/\/scontent.fsfn8-1.fna.fbcdn.net\/v\/t39.30808-6\/281162269_2947856398838808_3575056021965714465_n.jpg?_nc_cat=108&amp;ccb=1-7&amp;_nc_sid=8bfeb9&amp;_nc_eui2=AeGpf-yAcefnoxFFi7JCEWkuaMH7MBpWr1ZowfswGlavVsewofRbW8ph_z2p8ZgiWJraIj4tpovuzd1XSHv8Q84S&amp;_nc_ohc=-hKeyYW4aBoAX9gQTGx&amp;_nc_oc=AQm3maMd_6BrClYH7SQVzdaIJTnl1rhQGoWQnP5uLcOR-WAtNL_Xt-hsVHVACC2tCQk&amp;_nc_ht=scontent.fsfn8-1.fna&amp;oh=00_AfByaMXHOsVWVYW52T1rqKnjT1N7UMwLVZYMSCUz-uCJqQ&amp;oe=63B3DD45\" alt=\"No hay ninguna descripci\u00f3n de la foto disponible.\" \/><\/p>\n<p>Iba a ser mi despedida, pero este Dakar no es para m\u00ed,\u00a0Estoy muy triste, pas\u00e9 toda la noche llorando. Nunca me hubiera imaginado estar a punto de largar y no poder hacerlo<\/p>\n<p>De la ilusi\u00f3n por cerrar una carrera deportiva de m\u00e1s de una d\u00e9cada sobre los Quads en diferentes competencia, superando obst\u00e1culos y armando un equipo propio de gran nivel, a un presente dif\u00edcil de asimilar. As\u00ed se encontr\u00f3 Estanguet con la noticia de que una trombosis le llev\u00f3 a cambiar de planes y enfocarse en una recuperaci\u00f3n a distancia desde Arabia Saudita, replanteando el conjunto deportivo a su cargo para el regreso a Argentina y el alta m\u00e9dica para volver a viajar con tantas horas sentado como requiere un vuelo al continente americano.<\/p>\n<p><em>Ahora tengo que cuidar mi salud, no tengo ninguna posibilidad de correr, Tengo que pensar en recuperarme ac\u00e1 lo mejor posible para que me den una fecha y poder tomar un avi\u00f3n dentro de unas semanas.<\/em><\/p>\n<p><img decoding=\"async\" src=\"https:\/\/scontent.fsfn8-1.fna.fbcdn.net\/v\/t39.30808-6\/274783503_2891755464448902_8383172827472188334_n.jpg?_nc_cat=101&amp;ccb=1-7&amp;_nc_sid=8bfeb9&amp;_nc_eui2=AeGTijmCsc0oQjReUGPu7vOSf1-OHylRUuZ_X44fKVFS5gUA72KJCKqiJn-S0BU3a1zIQlniaAnooGp5aJPzFxrx&amp;_nc_ohc=Syd1_PlMa3UAX9ytS1P&amp;_nc_oc=AQlwOAD2hkHBR12oeZqAwtSnsJ9nZQdWdYw3O9JMAvH7XnxWaLVhSqokYACbei9zzEw&amp;_nc_ht=scontent.fsfn8-1.fna&amp;oh=00_AfDseZnX1xxBzx0QMy1_l705oyzODz7wl3DPWwTTwsObzw&amp;oe=63B23410\" alt=\"Puede ser una imagen de veh\u00edculo todoterreno y al aire libre\" \/><\/p>\n<p>despu\u00e9s de quince a\u00f1os iba a ser mi \u00faltima carrera y no la pude hacer. Imag\u00ednate c\u00f3mo me siento.<\/p>\n<p>Agradeci\u00f3 particularmente todo el apoyo recibido de la organizaci\u00f3n del Rally Dakar para los inconvenientes que se ir\u00e1n desatando con esta situaci\u00f3n: <em>Tengo que armar la log\u00edstica del equipo y la m\u00eda, con apoyo total de la organizaci\u00f3n del Dakar cuid\u00e1ndome y brindando lo que pueden, lo que se los agradezco<\/em>.<\/p>\n<h4><span style=\"color: #ff0000;\"><strong>Nota: JORGE DOMINICO &#8211; CAMPEONES<\/strong><\/span><\/h4>\n","protected":false},"excerpt":{"rendered":"<p>El piloto de Quads Julio Estanguet sufri\u00f3 un problema de salud que se manifest\u00f3 apenas&#8230;<\/p>\n","protected":false},"author":2,"featured_media":0,"comment_status":"open","ping_status":"open","sticky":false,"template":"","format":"standard","meta":{"om_disable_all_campaigns":false,"_monsterinsights_skip_tracking":false,"_monsterinsights_sitenote_active":false,"_monsterinsights_sitenote_note":"","_monsterinsights_sitenote_category":0,"_uf_show_specific_survey":0,"_uf_disable_surveys":false,"footnotes":""},"categories":[11,38],"tags":[],"class_list":["post-62011","post","type-post","status-publish","format-standard","hentry","category-dakar","category-hot-news"],"aioseo_notices":[],"_links":{"self":[{"href":"https:\/\/www.crossprensa.com.ar\/news\/wp-json\/wp\/v2\/posts\/62011","targetHints":{"allow":["GET"]}}],"collection":[{"href":"https:\/\/www.crossprensa.com.ar\/news\/wp-json\/wp\/v2\/posts"}],"about":[{"href":"https:\/\/www.crossprensa.com.ar\/news\/wp-json\/wp\/v2\/types\/post"}],"author":[{"embeddable":true,"href":"https:\/\/www.crossprensa.com.ar\/news\/wp-json\/wp\/v2\/users\/2"}],"replies":[{"embeddable":true,"href":"https:\/\/www.crossprensa.com.ar\/news\/wp-json\/wp\/v2\/comments?post=62011"}],"version-history":[{"count":1,"href":"https:\/\/www.crossprensa.com.ar\/news\/wp-json\/wp\/v2\/posts\/62011\/revisions"}],"predecessor-version":[{"id":62013,"href":"https:\/\/www.crossprensa.com.ar\/news\/wp-json\/wp\/v2\/posts\/62011\/revisions\/62013"}],"wp:attachment":[{"href":"https:\/\/www.crossprensa.com.ar\/news\/wp-json\/wp\/v2\/media?parent=62011"}],"wp:term":[{"taxonomy":"category","embeddable":true,"href":"https:\/\/www.crossprensa.com.ar\/news\/wp-json\/wp\/v2\/categories?post=62011"},{"taxonomy":"post_tag","embeddable":true,"href":"https:\/\/www.crossprensa.com.ar\/news\/wp-json\/wp\/v2\/tags?post=62011"}],"curies":[{"name":"wp","href":"https:\/\/api.w.org\/{rel}","templated":true}]}}