{"id":61993,"date":"2022-12-29T10:00:44","date_gmt":"2022-12-29T13:00:44","guid":{"rendered":"http:\/\/www.crossprensa.com.ar\/news\/?p=61993"},"modified":"2022-12-29T14:47:08","modified_gmt":"2022-12-29T17:47:08","slug":"dakar-novedades-de-esta-edicion","status":"publish","type":"post","link":"https:\/\/www.crossprensa.com.ar\/news\/dakar-novedades-de-esta-edicion\/dakar\/","title":{"rendered":"DAKAR: NOVEDADES DE ESTA EDICION"},"content":{"rendered":"<p>Le traemos novedades sobre este Dakar 2023 varios cambios y varios datos interesantes.<\/p>\n<p><!--more--><\/p>\n<p>los pilotos pidieron para este a\u00f1o un Dakar mas largo, mas dif\u00edcil con mas kil\u00f3metros y con mas dunas, siendo estos los ingredientes de este Dakar yendo de oeste a este desde el Mar Rojo para llegar a al\u00a0Golfo P\u00e9rsico en la ciudad de Dammam en un total de 14 etapas con el 70% de recorrido nuevo pasando por el desierto Empty Quarte con sus inmensas dunas. Para las motos y Quads tienen una nueva tecnolog\u00eda que es el roadbook digital para estas categor\u00edas, los camiones y autos ya lo ten\u00edan desde el a\u00f1o pasado pero ahora todas las categor\u00edas lo van a tener, el Roadbook digital poni\u00e9ndole fin al antiguo Roadbook de papel, la segunda modificaci\u00f3n van a hacer las bonificaciones de tiempo para las Motos para recomenzar a los pilotos que abren ruta y que pierden mucho tiempo, Los tres primeros recibir\u00e1n bonificaciones de tiempo: 1,5 segundos por kil\u00f3metro para el primero, un segundo por kil\u00f3metro para el segundo y medio segundo por kil\u00f3metro en el caso del tercero.\u00a0Por ejemplo, el piloto que abra pista en los primeros 200 km tendr\u00e1 300 segundos (5 minutos) de bonificaci\u00f3n, mientras que el segundo recibir\u00e1 200 segundos (3 minutos) y el tercero recibir\u00e1 una recompensa de 100 segundos (1:40). El tercer cambio en algunas etapas van a haber secciones espejo donde cada piloto va a tener que aplicar al m\u00e1ximo su navegaci\u00f3n.<\/p>\n<p><em><strong>La cantidad de pilotos por Paises<\/strong><\/em><\/p>\n<h2><span style=\"color: #ff0000;\"><strong>MOTOS:<\/strong><\/span><\/h2>\n<p><img decoding=\"async\" src=\"https:\/\/img.aso.fr\/core_app\/img-motorSports-dak-jpg\/20220110dak2055-magnus-torquato-fotop\/128723\/0:0,1000:666-1000-0-70\/43576\" \/><\/p>\n<p>Francia: 27 Pilotos<\/p>\n<p>Espa\u00f1a: 15 Pilotos<\/p>\n<p>Italia y Estados Unidos con 11 Pilotos<\/p>\n<p>Sud\u00e1frica y China con 6 Pilotos<\/p>\n<p><span style=\"color: #ff0000;\"><strong>Argentina,\u00a0<\/strong><\/span><strong style=\"font-size: 1rem;\">Chile\u00a0<\/strong><span style=\"font-size: 1rem;\">y Republica Checa con 5 Pilotos<\/span><\/p>\n<p>Portugal: 4 Pilotos<\/p>\n<p>Inglaterra: 3 Pilotos<\/p>\n<p>Australia, Alemania, Polonia, Paises Bajos y Eslovenia con 2 Pilotos<\/p>\n<p><strong>Guatemala<\/strong>,\u00a0<span style=\"font-size: 1rem;\">Botsuana,\u00a0<\/span><span style=\"font-size: 1rem;\">Emiratos \u00c1rabes, India, Rumania,\u00a0<\/span><span style=\"font-size: 1rem;\">Kuwait,\u00a0<\/span><span style=\"font-size: 1rem;\">Arabia Saudita,\u00a0Eslovaquia, <\/span>Canad\u00e1<span style=\"font-size: 1rem;\">,\u00a0<\/span>B\u00e9lgica, Ghana, Austria, Serbia, <strong>Venezuela<\/strong> y Dinamarca con un piloto cada uno<\/p>\n<h3><strong>Marcas:<\/strong><\/h3>\n<p>KTM: 60<\/p>\n<p>Husqvarna: 28<\/p>\n<p>Honda: 9<\/p>\n<p>GasGas: 5<\/p>\n<p>Hero: 4<\/p>\n<p>Rieju: 4<\/p>\n<p>Yamaha: 4<\/p>\n<p>Sherco: 3<\/p>\n<p>Fantic: 3<\/p>\n<p>Kove: 3<\/p>\n<h2><strong><span style=\"color: #ff0000;\">QUADS:<\/span><\/strong><\/h2>\n<p><img decoding=\"async\" src=\"https:\/\/img.aso.fr\/core_app\/img-motorSports-dak-jpg\/20220110dak0479-frederic-le-floch-dppi\/128731\/0:0,1000:666-1000-0-70\/87dd1\" \/><\/p>\n<p><span style=\"color: #ff0000;\"><strong>Argentina: 5 Pilotos<\/strong><\/span><\/p>\n<p>Francia: 4 Pilotos<\/p>\n<p>Espa\u00f1a: 2 Pilotos<\/p>\n<p>Republica Checa, <strong>Brasil<\/strong>, Polonia,\u00a0Eslovaquia, Emiratos \u00c1rabes, <strong>Chile<\/strong>, Estados Unidos y Bolivia con un piloto cada uno<\/p>\n<h3><strong>Marcas:<\/strong><\/h3>\n<p>Yamaha: 18<\/p>\n<p>Cam Am: 1<\/p>\n<h4><span style=\"color: #ff0000;\"><strong>Nota: FERMIN GUTIERREZ<\/strong><\/span><\/h4>\n","protected":false},"excerpt":{"rendered":"<p>Le traemos novedades sobre este Dakar 2023 varios cambios y varios datos interesantes.<\/p>\n","protected":false},"author":2,"featured_media":61995,"comment_status":"open","ping_status":"open","sticky":false,"template":"","format":"standard","meta":{"om_disable_all_campaigns":false,"_monsterinsights_skip_tracking":false,"_monsterinsights_sitenote_active":false,"_monsterinsights_sitenote_note":"","_monsterinsights_sitenote_category":0,"_uf_show_specific_survey":0,"_uf_disable_surveys":false,"footnotes":""},"categories":[11,38],"tags":[],"class_list":["post-61993","post","type-post","status-publish","format-standard","has-post-thumbnail","hentry","category-dakar","category-hot-news"],"aioseo_notices":[],"_links":{"self":[{"href":"https:\/\/www.crossprensa.com.ar\/news\/wp-json\/wp\/v2\/posts\/61993","targetHints":{"allow":["GET"]}}],"collection":[{"href":"https:\/\/www.crossprensa.com.ar\/news\/wp-json\/wp\/v2\/posts"}],"about":[{"href":"https:\/\/www.crossprensa.com.ar\/news\/wp-json\/wp\/v2\/types\/post"}],"author":[{"embeddable":true,"href":"https:\/\/www.crossprensa.com.ar\/news\/wp-json\/wp\/v2\/users\/2"}],"replies":[{"embeddable":true,"href":"https:\/\/www.crossprensa.com.ar\/news\/wp-json\/wp\/v2\/comments?post=61993"}],"version-history":[{"count":5,"href":"https:\/\/www.crossprensa.com.ar\/news\/wp-json\/wp\/v2\/posts\/61993\/revisions"}],"predecessor-version":[{"id":62008,"href":"https:\/\/www.crossprensa.com.ar\/news\/wp-json\/wp\/v2\/posts\/61993\/revisions\/62008"}],"wp:featuredmedia":[{"embeddable":true,"href":"https:\/\/www.crossprensa.com.ar\/news\/wp-json\/wp\/v2\/media\/61995"}],"wp:attachment":[{"href":"https:\/\/www.crossprensa.com.ar\/news\/wp-json\/wp\/v2\/media?parent=61993"}],"wp:term":[{"taxonomy":"category","embeddable":true,"href":"https:\/\/www.crossprensa.com.ar\/news\/wp-json\/wp\/v2\/categories?post=61993"},{"taxonomy":"post_tag","embeddable":true,"href":"https:\/\/www.crossprensa.com.ar\/news\/wp-json\/wp\/v2\/tags?post=61993"}],"curies":[{"name":"wp","href":"https:\/\/api.w.org\/{rel}","templated":true}]}}