{"id":61987,"date":"2022-12-28T14:32:42","date_gmt":"2022-12-28T17:32:42","guid":{"rendered":"http:\/\/www.crossprensa.com.ar\/news\/?p=61987"},"modified":"2022-12-28T14:32:42","modified_gmt":"2022-12-28T17:32:42","slug":"marvin-musquin-un-pro-en-una-2t","status":"publish","type":"post","link":"https:\/\/www.crossprensa.com.ar\/news\/marvin-musquin-un-pro-en-una-2t\/ama-motocross\/","title":{"rendered":"MARVIN MUSQUIN, UN PRO EN UNA 2T!!!"},"content":{"rendered":"<p>Antes que se hagan ilusiones: NO VA A CORRER CON ESTA MOTO! pero sin dudas que verlo andar, y mas que eso ESCUCHAR UNA 2T en manos de un profesional como el franc\u00e9s Marvin Musqu\u00edn, no deja de ser un deleite para los o\u00eddos&#8230;<\/p>\n<p>DISFRUTEN!<\/p>\n<p><!--more--><\/p>\n<p><a href=\"https:\/\/www.instagram.com\/motocrossracingteam\/?hl=en\"><img fetchpriority=\"high\" decoding=\"async\" class=\"alignnone wp-image-61824 size-full\" src=\"http:\/\/www.crossprensa.com.ar\/news\/wp-content\/uploads\/2022\/12\/Sin-t\u00edtulo-7092.jpg\" alt=\"\" width=\"1284\" height=\"109\" \/><\/a><\/p>\n<p><iframe title=\"Marvin Musquin on KTM 300 Two Stroke! - Dirt Bike Magazine\" width=\"640\" height=\"360\" src=\"https:\/\/www.youtube.com\/embed\/0-aRzQ-Wgjs?start=67&#038;feature=oembed\" frameborder=\"0\" allow=\"accelerometer; autoplay; clipboard-write; encrypted-media; gyroscope; picture-in-picture; web-share\" referrerpolicy=\"strict-origin-when-cross-origin\" allowfullscreen><\/iframe><\/p>\n","protected":false},"excerpt":{"rendered":"<p>Antes que se hagan ilusiones: NO VA A CORRER CON ESTA MOTO! pero sin dudas&#8230;<\/p>\n","protected":false},"author":2,"featured_media":61988,"comment_status":"open","ping_status":"open","sticky":false,"template":"","format":"standard","meta":{"om_disable_all_campaigns":false,"_monsterinsights_skip_tracking":false,"_monsterinsights_sitenote_active":false,"_monsterinsights_sitenote_note":"","_monsterinsights_sitenote_category":0,"_uf_show_specific_survey":0,"_uf_disable_surveys":false,"footnotes":""},"categories":[25,30,37],"tags":[],"class_list":["post-61987","post","type-post","status-publish","format-standard","has-post-thumbnail","hentry","category-ama-motocross","category-ama-supercross","category-crossprensa"],"aioseo_notices":[],"_links":{"self":[{"href":"https:\/\/www.crossprensa.com.ar\/news\/wp-json\/wp\/v2\/posts\/61987","targetHints":{"allow":["GET"]}}],"collection":[{"href":"https:\/\/www.crossprensa.com.ar\/news\/wp-json\/wp\/v2\/posts"}],"about":[{"href":"https:\/\/www.crossprensa.com.ar\/news\/wp-json\/wp\/v2\/types\/post"}],"author":[{"embeddable":true,"href":"https:\/\/www.crossprensa.com.ar\/news\/wp-json\/wp\/v2\/users\/2"}],"replies":[{"embeddable":true,"href":"https:\/\/www.crossprensa.com.ar\/news\/wp-json\/wp\/v2\/comments?post=61987"}],"version-history":[{"count":1,"href":"https:\/\/www.crossprensa.com.ar\/news\/wp-json\/wp\/v2\/posts\/61987\/revisions"}],"predecessor-version":[{"id":61989,"href":"https:\/\/www.crossprensa.com.ar\/news\/wp-json\/wp\/v2\/posts\/61987\/revisions\/61989"}],"wp:featuredmedia":[{"embeddable":true,"href":"https:\/\/www.crossprensa.com.ar\/news\/wp-json\/wp\/v2\/media\/61988"}],"wp:attachment":[{"href":"https:\/\/www.crossprensa.com.ar\/news\/wp-json\/wp\/v2\/media?parent=61987"}],"wp:term":[{"taxonomy":"category","embeddable":true,"href":"https:\/\/www.crossprensa.com.ar\/news\/wp-json\/wp\/v2\/categories?post=61987"},{"taxonomy":"post_tag","embeddable":true,"href":"https:\/\/www.crossprensa.com.ar\/news\/wp-json\/wp\/v2\/tags?post=61987"}],"curies":[{"name":"wp","href":"https:\/\/api.w.org\/{rel}","templated":true}]}}