{"id":61908,"date":"2022-12-22T12:03:34","date_gmt":"2022-12-22T15:03:34","guid":{"rendered":"http:\/\/www.crossprensa.com.ar\/news\/?p=61908"},"modified":"2022-12-22T14:07:00","modified_gmt":"2022-12-22T17:07:00","slug":"joaquin-poli-olimpia-de-plata-en-motociclismo","status":"publish","type":"post","link":"https:\/\/www.crossprensa.com.ar\/news\/joaquin-poli-olimpia-de-plata-en-motociclismo\/mx-argentino\/","title":{"rendered":"JOAQUIN POLI, OLIMPIA DE PLATA EN MOTOCICLISMO!!!"},"content":{"rendered":"<p>El momento lleg\u00f3, y era hora por dos cosas: Que el premio vuelva a quedarse en el motocross y que sea para el piloto mas r\u00e1pido de Argentina. Joaqu\u00edn Poli fue premiado por el c\u00edrculo de Periodistas Deportivos por su a\u00f1o, en el que logra el 5to. campeonato de la categor\u00eda mas dif\u00edcil del Motocross Argentino!<\/p>\n<p><!--more--><\/p>\n<p>FELICITACIONES, JOAQU\u00cdN!!! y hoy a las 18 Hs., estar\u00e1 hablando con nosotros, <strong><a href=\"https:\/\/www.instagram.com\/crossprensa.argentina\/\">E<\/a><a href=\"https:\/\/www.instagram.com\/crossprensa.argentina\/\">N VIVO en nuestro Instagram<\/a><\/strong>. Se lo van a perder?<\/p>\n<div style=\"width: 640px;\" class=\"wp-video\"><!--[if lt IE 9]><script>document.createElement('video');<\/script><![endif]-->\n<video class=\"wp-video-shortcode\" id=\"video-61908-1\" width=\"640\" height=\"1138\" preload=\"metadata\" controls=\"controls\"><source type=\"video\/mp4\" src=\"http:\/\/www.crossprensa.com.ar\/news\/wp-content\/uploads\/2022\/12\/HOY-A-LAS-18-HS-EN-VIVO-SALUDAMOS-A-JOAQUIN-POLI-POR-SU-OLIMPIA-DE-PLATA...-TE-ESPERAMOS-JUNTO-AL-CAMPE\u00d3N-ARGENTINO-DE-MOTOCROSS..mp4?_=1\" \/><a href=\"http:\/\/www.crossprensa.com.ar\/news\/wp-content\/uploads\/2022\/12\/HOY-A-LAS-18-HS-EN-VIVO-SALUDAMOS-A-JOAQUIN-POLI-POR-SU-OLIMPIA-DE-PLATA...-TE-ESPERAMOS-JUNTO-AL-CAMPE\u00d3N-ARGENTINO-DE-MOTOCROSS..mp4\">http:\/\/www.crossprensa.com.ar\/news\/wp-content\/uploads\/2022\/12\/HOY-A-LAS-18-HS-EN-VIVO-SALUDAMOS-A-JOAQUIN-POLI-POR-SU-OLIMPIA-DE-PLATA...-TE-ESPERAMOS-JUNTO-AL-CAMPE\u00d3N-ARGENTINO-DE-MOTOCROSS..mp4<\/a><\/video><\/div>\n<p>Seguinos!<\/p>\n<p><a href=\"https:\/\/www.instagram.com\/crossprensa.argentina\/\"><img fetchpriority=\"high\" decoding=\"async\" class=\"alignnone wp-image-61871 size-full\" src=\"http:\/\/www.crossprensa.com.ar\/news\/wp-content\/uploads\/2022\/12\/CROSSPRENSA-ABRIL-23-1.png\" alt=\"\" width=\"1201\" height=\"182\" \/><\/a><\/p>\n<p>&nbsp;<\/p>\n<p><a href=\"https:\/\/www.instagram.com\/foxracingargentina\/\"><img decoding=\"async\" class=\"alignnone wp-image-61887 size-full\" src=\"http:\/\/www.crossprensa.com.ar\/news\/wp-content\/uploads\/2022\/12\/thumbnail_Crossprensa-Fox.jpg\" alt=\"\" width=\"1200\" height=\"100\" \/><\/a><\/p>\n<p class=\"com-paragraph --s\"><em>Estos son los ganadores de las diversas disciplinas de los Olimpia:<\/em><\/p>\n<ul class=\"com-ordered\">\n<li class=\"com-item\"><b>Ajedrez:<\/b>\u00a0Claudia Amura<\/li>\n<li class=\"com-item\"><b>Atletismo:<\/b>\u00a0Franco Florio<\/li>\n<li class=\"com-item\"><b>Automovilismo:<\/b>\u00a0Leonel Pern\u00eda<\/li>\n<li class=\"com-item\"><b>B\u00e1squetbol:<\/b>\u00a0Gabriel Deck<\/li>\n<li class=\"com-item\"><b>B\u00e9isbol:<\/b>\u00a0Exequiel Talevi<\/li>\n<li class=\"com-item\"><b>Billar:<\/b>\u00a0Ricardo Dieguez<\/li>\n<li class=\"com-item\"><b>Bochas:<\/b>\u00a0Guillermo Montemerlo<\/li>\n<li class=\"com-item\"><b>Boxeo:<\/b>\u00a0Fernando Mart\u00ednez<\/li>\n<li class=\"com-item\"><b>Canotaje:<\/b>\u00a0Agust\u00edn Vernice<\/li>\n<li class=\"com-item\"><b>Cestoball:<\/b>\u00a0Mar\u00eda Bel\u00e9n Ladogana<\/li>\n<li class=\"com-item\"><b>Ciclismo:<\/b>\u00a0Guido Nicol\u00e1s Tivani<\/li>\n<li class=\"com-item\"><b>Equitaci\u00f3n:<\/b>\u00a0Dami\u00e1n Ancic<\/li>\n<li class=\"com-item\"><b>Esgrima:<\/b>\u00a0Isabel Di Tella<\/li>\n<li class=\"com-item\"><b>Esqu\u00ed n\u00e1utico:<\/b>\u00a0Eugenia de Armas<\/li>\n<li class=\"com-item\"><b>F\u00fatbol:<\/b>\u00a0Lionel Messi<\/li>\n<li class=\"com-item\"><b>Futsal:<\/b>\u00a0Mat\u00edas Edelstein<\/li>\n<li class=\"com-item\"><b>Gimnasia:<\/b>\u00a0Daniel Villafa\u00f1e<\/li>\n<li class=\"com-item\"><b>Golf:<\/b>\u00a0Augusto N\u00fa\u00f1ez<\/li>\n<li class=\"com-item\"><b>Handball:<\/b>\u00a0Leonel Maciel<\/li>\n<li class=\"com-item\"><b>Hockey sobre c\u00e9sped<\/b>: Agustina Gorzelany<\/li>\n<li class=\"com-item\"><b>Hockey sobre patines:<\/b>\u00a0Gonzalo Romero<\/li>\n<li class=\"com-item\"><b>Judo:<\/b>\u00a0Agust\u00edn Gil<\/li>\n<li class=\"com-item\"><b>Karate:<\/b>\u00a0Diego Ojeda<\/li>\n<li class=\"com-item\"><b>Lucha:<\/b>\u00a0Agust\u00edn Destribats<\/li>\n<li class=\"com-item\"><span style=\"color: #ff0000;\"><strong>Motociclismo:\u00a0Joaqu\u00edn Poli<\/strong><\/span><\/li>\n<li class=\"com-item\"><b>Nataci\u00f3n:<\/b>\u00a0Macarena Ceballos<\/li>\n<li class=\"com-item\"><b>P\u00e1del:<\/b>\u00a0Franco Stupaczuk<\/li>\n<li class=\"com-item\"><b>Pat\u00edn:<\/b>\u00a0Ken Kuwada<\/li>\n<li class=\"com-item\"><b>Pato:<\/b>\u00a0Tom\u00e1s Healy<\/li>\n<li class=\"com-item\"><b>Pelota:\u00a0<\/b>Facundo Andreasen<\/li>\n<li class=\"com-item\"><b>Penthatlon moderno:<\/b>\u00a0Severo Lima<\/li>\n<li class=\"com-item\"><b>Pesas:<\/b>\u00a0Mar\u00eda Luz Casadevall<\/li>\n<li class=\"com-item\"><b>Polo:<\/b>\u00a0Adolfo \u2018Poroto\u2019 Cambiaso (nieto)<\/li>\n<li class=\"com-item\"><b>Racquetball:\u00a0<\/b>Valeria Centellas<\/li>\n<li class=\"com-item\"><b>Remo:<\/b>\u00a0Sonia Baluzzo<\/li>\n<li class=\"com-item\"><b>Rugby:<\/b>\u00a0Emiliano Boffelli<\/li>\n<li class=\"com-item\"><b>Softbol:<\/b>\u00a0Huemul Mata<\/li>\n<li class=\"com-item\"><b>Squash:<\/b>\u00a0Leandro Romiglio<\/li>\n<li class=\"com-item\"><b>Surf:<\/b>\u00a0Santiago Mu\u00f1iz<\/li>\n<li class=\"com-item\"><b>Taekwondo:<\/b>\u00a0Lucas Guzm\u00e1n<\/li>\n<li class=\"com-item\"><b>Taekwondo ITF:<\/b>\u00a0Sabrina Mai<\/li>\n<li class=\"com-item\"><b>Tenis:<\/b>\u00a0Francisco Cer\u00fandolo<\/li>\n<li class=\"com-item\"><b>Tenis de mesa:<\/b>\u00a0Horacio Cifuentes<\/li>\n<li class=\"com-item\"><b>Turf:<\/b>\u00a0Francisco Gon\u00e7alves<\/li>\n<li class=\"com-item\"><b>Voleibol:<\/b>\u00a0Agust\u00edn Loser<\/li>\n<li class=\"com-item\"><b>Yachting:<\/b>\u00a0Luciana Cardozo<\/li>\n<\/ul>\n<div class=\"content-media\"><\/div>\n<p>&nbsp;<\/p>\n<p>&nbsp;<\/p>\n","protected":false},"excerpt":{"rendered":"<p>El momento lleg\u00f3, y era hora por dos cosas: Que el premio vuelva a quedarse&#8230;<\/p>\n","protected":false},"author":2,"featured_media":0,"comment_status":"open","ping_status":"open","sticky":false,"template":"","format":"standard","meta":{"om_disable_all_campaigns":false,"_monsterinsights_skip_tracking":false,"_monsterinsights_sitenote_active":false,"_monsterinsights_sitenote_note":"","_monsterinsights_sitenote_category":0,"_uf_show_specific_survey":0,"_uf_disable_surveys":false,"footnotes":""},"categories":[37,27],"tags":[],"class_list":["post-61908","post","type-post","status-publish","format-standard","hentry","category-crossprensa","category-mx-argentino"],"aioseo_notices":[],"_links":{"self":[{"href":"https:\/\/www.crossprensa.com.ar\/news\/wp-json\/wp\/v2\/posts\/61908","targetHints":{"allow":["GET"]}}],"collection":[{"href":"https:\/\/www.crossprensa.com.ar\/news\/wp-json\/wp\/v2\/posts"}],"about":[{"href":"https:\/\/www.crossprensa.com.ar\/news\/wp-json\/wp\/v2\/types\/post"}],"author":[{"embeddable":true,"href":"https:\/\/www.crossprensa.com.ar\/news\/wp-json\/wp\/v2\/users\/2"}],"replies":[{"embeddable":true,"href":"https:\/\/www.crossprensa.com.ar\/news\/wp-json\/wp\/v2\/comments?post=61908"}],"version-history":[{"count":4,"href":"https:\/\/www.crossprensa.com.ar\/news\/wp-json\/wp\/v2\/posts\/61908\/revisions"}],"predecessor-version":[{"id":61915,"href":"https:\/\/www.crossprensa.com.ar\/news\/wp-json\/wp\/v2\/posts\/61908\/revisions\/61915"}],"wp:attachment":[{"href":"https:\/\/www.crossprensa.com.ar\/news\/wp-json\/wp\/v2\/media?parent=61908"}],"wp:term":[{"taxonomy":"category","embeddable":true,"href":"https:\/\/www.crossprensa.com.ar\/news\/wp-json\/wp\/v2\/categories?post=61908"},{"taxonomy":"post_tag","embeddable":true,"href":"https:\/\/www.crossprensa.com.ar\/news\/wp-json\/wp\/v2\/tags?post=61908"}],"curies":[{"name":"wp","href":"https:\/\/api.w.org\/{rel}","templated":true}]}}