{"id":61892,"date":"2022-12-21T14:57:02","date_gmt":"2022-12-21T17:57:02","guid":{"rendered":"http:\/\/www.crossprensa.com.ar\/news\/?p=61892"},"modified":"2022-12-21T14:57:02","modified_gmt":"2022-12-21T17:57:02","slug":"jm-honda-racing-anuncia-su-equipo-para-2023","status":"publish","type":"post","link":"https:\/\/www.crossprensa.com.ar\/news\/jm-honda-racing-anuncia-su-equipo-para-2023\/mxgp\/","title":{"rendered":"JM HONDA RACING ANUNCIA SU EQUIPO PARA 2023"},"content":{"rendered":"<p><span>JM Honda Racing se enorgullece en presentar sus pilotos para la temporada 2023 del Campeonato Mundial de Motocross MXGP.<\/span><\/p>\n<p><!--more--><\/p>\n<p><span>Con esta nueva formaci\u00f3n completa, JM Honda Racing luchar\u00e1 por el \u00e9xito en la temporada 2023.\u00a0Brent van Doninck tuvo una temporada fuerte en 2022 y termin\u00f3 en la decimoquinta posici\u00f3n en el Campeonato Mundial MXGP.\u00a0Ocho veces termin\u00f3 dentro de los diez primeros con una posici\u00f3n entre los tres primeros en la manga de apertura en Francia como el punto culminante de la temporada.<\/span><\/p>\n<p><span>Camden McLellan correr\u00e1 en la clase MX2 para el equipo.\u00a0El talentoso sudafricano termin\u00f3 cuarto en el Campeonato EMX250 de este a\u00f1o y obtuvo dos podios generales.\u00a0En la estructura de JM Honda Racing y apunta a dar el paso a MX2 de buena manera.<\/span><\/p>\n<p><strong><span>Jacky Martens, propietario del equipo:<\/span><\/strong><span>\u00a0&#8216;\u00a0<\/span><em><span>&#8216;Estoy muy contento con estos pilotos.\u00a0Brent es un corredor de nuestra zona y ha dado grandes pasos en los \u00faltimos a\u00f1os.\u00a0Juntos trabajaremos duro para que se convierta en uno de los diez mejores pilotos regulares en la clase MXGP.\u00a0Segu\u00ed a Camden McLellan durante un per\u00edodo m\u00e1s largo.\u00a0Es genial que corra su temporada de debut en la clase MX2 para nuestro equipo.\u00a0\u00a1Creo en su potencial y en que podemos lograr muchos \u00e9xitos juntos!\u201d.<\/span><\/em><\/p>\n<p><span>NOTA: comunicado de prensa JMHR<\/span><\/p>\n","protected":false},"excerpt":{"rendered":"<p>JM Honda Racing se enorgullece en presentar sus pilotos para la temporada 2023 del Campeonato&#8230;<\/p>\n","protected":false},"author":2,"featured_media":0,"comment_status":"open","ping_status":"open","sticky":false,"template":"","format":"standard","meta":{"om_disable_all_campaigns":false,"_monsterinsights_skip_tracking":false,"_monsterinsights_sitenote_active":false,"_monsterinsights_sitenote_note":"","_monsterinsights_sitenote_category":0,"_uf_show_specific_survey":0,"_uf_disable_surveys":false,"footnotes":""},"categories":[37,24,115],"tags":[],"class_list":["post-61892","post","type-post","status-publish","format-standard","hentry","category-crossprensa","category-mxgp","category-mxgp-argentina"],"aioseo_notices":[],"_links":{"self":[{"href":"https:\/\/www.crossprensa.com.ar\/news\/wp-json\/wp\/v2\/posts\/61892","targetHints":{"allow":["GET"]}}],"collection":[{"href":"https:\/\/www.crossprensa.com.ar\/news\/wp-json\/wp\/v2\/posts"}],"about":[{"href":"https:\/\/www.crossprensa.com.ar\/news\/wp-json\/wp\/v2\/types\/post"}],"author":[{"embeddable":true,"href":"https:\/\/www.crossprensa.com.ar\/news\/wp-json\/wp\/v2\/users\/2"}],"replies":[{"embeddable":true,"href":"https:\/\/www.crossprensa.com.ar\/news\/wp-json\/wp\/v2\/comments?post=61892"}],"version-history":[{"count":1,"href":"https:\/\/www.crossprensa.com.ar\/news\/wp-json\/wp\/v2\/posts\/61892\/revisions"}],"predecessor-version":[{"id":61894,"href":"https:\/\/www.crossprensa.com.ar\/news\/wp-json\/wp\/v2\/posts\/61892\/revisions\/61894"}],"wp:attachment":[{"href":"https:\/\/www.crossprensa.com.ar\/news\/wp-json\/wp\/v2\/media?parent=61892"}],"wp:term":[{"taxonomy":"category","embeddable":true,"href":"https:\/\/www.crossprensa.com.ar\/news\/wp-json\/wp\/v2\/categories?post=61892"},{"taxonomy":"post_tag","embeddable":true,"href":"https:\/\/www.crossprensa.com.ar\/news\/wp-json\/wp\/v2\/tags?post=61892"}],"curies":[{"name":"wp","href":"https:\/\/api.w.org\/{rel}","templated":true}]}}