{"id":61773,"date":"2022-12-10T08:56:17","date_gmt":"2022-12-10T11:56:17","guid":{"rendered":"http:\/\/www.crossprensa.com.ar\/news\/?p=61773"},"modified":"2022-12-10T08:56:17","modified_gmt":"2022-12-10T11:56:17","slug":"honda-hrc-presento-el-equipo-2023-poderoso","status":"publish","type":"post","link":"https:\/\/www.crossprensa.com.ar\/news\/honda-hrc-presento-el-equipo-2023-poderoso\/ama-motocross\/","title":{"rendered":"HONDA HRC PRESENT\u00d3 EL EQUIPO 2023. PODEROSO!!!"},"content":{"rendered":"<p><strong>50 A\u00d1OS DE MOTOCROSS PARA AMERICAN HONDA<\/strong><\/p>\n<p><span>el equipo Honda HRC present\u00f3 su lista de 2023, incluidos pilotos, gerencia y t\u00e9cnicos, a los medios de comunicaci\u00f3n durante un evento especial realizado hoy en Blackmore Ranch, en el sur de California.\u00a0Esto marcar\u00e1 el 50 a\u00f1os\u00a0<\/span><span>en motocross para American Honda, que se acerca a la temporada 23 AMA Supercross con una poderosa alineaci\u00f3n de pilotos que incluye a Chase Sexton, Colt Nichols y Hunter y Jett Lawrence, junto con Chance Hymas.<\/span><\/p>\n<p><!--more--><\/p>\n<p><img fetchpriority=\"high\" decoding=\"async\" class=\"alignnone size-full wp-image-60670\" src=\"http:\/\/www.crossprensa.com.ar\/news\/wp-content\/uploads\/2022\/09\/Cascos-1.gif\" alt=\"\" width=\"1200\" height=\"108\" \/><\/p>\n<p><span>El potencial de 450 del equipo estar\u00e1 enfocado por Chase Sexton, quien se embarca en su tercera temporada de AMA Supercross a bordo de la CRF450RWE oficial de f\u00e1brica.\u00a0Dos veces campe\u00f3n de la regi\u00f3n este de AMA Supercross 250SX, el nativo de Illinois dio un gran paso adelante la temporada pasada, logrando regularmente resultados de podio en Supercross, terminando en segundo lugar en la clasificaci\u00f3n final de AMA Pro Motocross y compitiendo para el equipo de EE. UU. en su debut en el Motocross de las Naciones, resultando como ganador.\u00a0Como se anunci\u00f3 anteriormente, Colt Nichols, campe\u00f3n de la regi\u00f3n este de AMA Supercross 250SX de 2021, se unir\u00e1 a Sexton para la serie SX de 2023, quien se muda a Honda y a la categor\u00efa principal despu\u00e9s de una carrera exitosa a bordo de motos de un cuarto de litro.<\/span><\/p>\n<p><img decoding=\"async\" class=\"alignnone size-full wp-image-61775\" src=\"http:\/\/www.crossprensa.com.ar\/news\/wp-content\/uploads\/2022\/12\/6392db85227dc4.60511272-1.jpg\" alt=\"\" width=\"800\" height=\"533\" srcset=\"https:\/\/www.crossprensa.com.ar\/news\/wp-content\/uploads\/2022\/12\/6392db85227dc4.60511272-1.jpg 800w, https:\/\/www.crossprensa.com.ar\/news\/wp-content\/uploads\/2022\/12\/6392db85227dc4.60511272-1-300x200.jpg 300w, https:\/\/www.crossprensa.com.ar\/news\/wp-content\/uploads\/2022\/12\/6392db85227dc4.60511272-1-600x400.jpg 600w, https:\/\/www.crossprensa.com.ar\/news\/wp-content\/uploads\/2022\/12\/6392db85227dc4.60511272-1-768x512.jpg 768w, https:\/\/www.crossprensa.com.ar\/news\/wp-content\/uploads\/2022\/12\/6392db85227dc4.60511272-1-750x500.jpg 750w\" sizes=\"(max-width: 800px) 100vw, 800px\" \/><\/p>\n<p><span>Por tercer a\u00f1o consecutivo, el equipo de 250 del Team Honda HRC est\u00e1 encabezado por los hermanos australianos Hunter y Jett Lawrence, ambos en campa\u00f1a con la CRF250R.\u00a0La temporada pasada, Jett no solo defendi\u00f3 con \u00e9xito su t\u00edtulo AMA Pro Motocross 250, sino que tambi\u00e9n gan\u00f3 la corona AMA Supercross 250SX East Region, mientras que Hunter fue segundo en la regi\u00f3n oeste y tercero en motocross. Para 2023, los hermanos est\u00e1n intercambiando regiones de supercross, con Jett en el Oeste y Hunter en el Este.\u00a0Mientras tanto, Chance Hymas avanza desde ser un piloto amateur para pasar a profesional y unirse a Hunter en apariciones seleccionadas en la Regi\u00f3n Este.<\/span><\/p>\n<p><span>Adem\u00e1s de su participaci\u00f3n en 250, Jett tiene la intenci\u00f3n de cambiarse a la CRF450RWE a tiempo completo para el AMA Pro Motocross.\u00a0En ese momento, Hymas ocupar\u00e1 su puesto 250 a tiempo completo junto a Hunter Lawrence.<\/span><\/p>\n<p><img decoding=\"async\" class=\"alignnone size-full wp-image-61776\" src=\"http:\/\/www.crossprensa.com.ar\/news\/wp-content\/uploads\/2022\/12\/6392dca315ffa2.08212030.jpg\" alt=\"\" width=\"800\" height=\"533\" srcset=\"https:\/\/www.crossprensa.com.ar\/news\/wp-content\/uploads\/2022\/12\/6392dca315ffa2.08212030.jpg 800w, https:\/\/www.crossprensa.com.ar\/news\/wp-content\/uploads\/2022\/12\/6392dca315ffa2.08212030-300x200.jpg 300w, https:\/\/www.crossprensa.com.ar\/news\/wp-content\/uploads\/2022\/12\/6392dca315ffa2.08212030-600x400.jpg 600w, https:\/\/www.crossprensa.com.ar\/news\/wp-content\/uploads\/2022\/12\/6392dca315ffa2.08212030-768x512.jpg 768w, https:\/\/www.crossprensa.com.ar\/news\/wp-content\/uploads\/2022\/12\/6392dca315ffa2.08212030-750x500.jpg 750w\" sizes=\"(max-width: 800px) 100vw, 800px\" \/><\/p>\n<p><span>Luego de un exitoso a\u00f1o de debut como Team Manager, Lars Lindstrom contin\u00faa al mando para 2023, una vez m\u00e1s junto con los 450 y 250 Crew Chiefs Shane Drew y Grant Hutcheson, respectivamente.\u00a0Brandon Zimmerman es el mec\u00e1nico de Sexton, mientras que el t\u00e9cnico de Nichols es Jordan Troxell.\u00a0Christien Ducharme y Cameron Camera contin\u00faan como mec\u00e1nicos para Jett y Hunter Lawrence, y Thomas Harris gira las llaves para Hymas.<\/span><\/p>\n<p><img loading=\"lazy\" decoding=\"async\" class=\"alignnone size-full wp-image-61777\" src=\"http:\/\/www.crossprensa.com.ar\/news\/wp-content\/uploads\/2022\/12\/6392dcb0383476.09026095.jpg\" alt=\"\" width=\"800\" height=\"533\" srcset=\"https:\/\/www.crossprensa.com.ar\/news\/wp-content\/uploads\/2022\/12\/6392dcb0383476.09026095.jpg 800w, https:\/\/www.crossprensa.com.ar\/news\/wp-content\/uploads\/2022\/12\/6392dcb0383476.09026095-300x200.jpg 300w, https:\/\/www.crossprensa.com.ar\/news\/wp-content\/uploads\/2022\/12\/6392dcb0383476.09026095-600x400.jpg 600w, https:\/\/www.crossprensa.com.ar\/news\/wp-content\/uploads\/2022\/12\/6392dcb0383476.09026095-768x512.jpg 768w, https:\/\/www.crossprensa.com.ar\/news\/wp-content\/uploads\/2022\/12\/6392dcb0383476.09026095-750x500.jpg 750w\" sizes=\"(max-width: 800px) 100vw, 800px\" \/><\/p>\n<p><span>\u201cLa temporada 2023 marcar\u00e1 50 a\u00f1os de motocross para American Honda, y estamos emocionados de comenzar\u201d, dijo Brandon Wilson, Gerente de Deportes y Experiencia en American Honda.\u00a0\u201cTuvimos un buen \u00e9xito en 2022, incluidos campeonatos bajo techo y al aire libre en la clase 250, pero tenemos hambre de m\u00e1s.\u00a0Tenemos una gran alineaci\u00f3n de motociclistas a bordo de maquinaria competitiva, y un equipo y una gerencia talentosos detr\u00e1s de ellos.\u00a0Honda ha recopilado una impresionante herencia de motocross y supercross durante el \u00faltimo medio siglo, pero estamos enfocados en agregarla a medida que avanzamos hacia los pr\u00f3ximos 50 a\u00f1os\u201d.<\/span><\/p>\n<p><img loading=\"lazy\" decoding=\"async\" class=\"alignnone size-full wp-image-61213\" src=\"http:\/\/www.crossprensa.com.ar\/news\/wp-content\/uploads\/2022\/10\/Sin-t\u00edtulo-7102.jpg\" alt=\"\" width=\"1281\" height=\"109\" \/><\/p>\n<p><img loading=\"lazy\" decoding=\"async\" class=\"alignnone size-full wp-image-61778\" src=\"http:\/\/www.crossprensa.com.ar\/news\/wp-content\/uploads\/2022\/12\/6392dbc6f1d223.50394694.jpg\" alt=\"\" width=\"800\" height=\"551\" srcset=\"https:\/\/www.crossprensa.com.ar\/news\/wp-content\/uploads\/2022\/12\/6392dbc6f1d223.50394694.jpg 800w, https:\/\/www.crossprensa.com.ar\/news\/wp-content\/uploads\/2022\/12\/6392dbc6f1d223.50394694-300x207.jpg 300w, https:\/\/www.crossprensa.com.ar\/news\/wp-content\/uploads\/2022\/12\/6392dbc6f1d223.50394694-581x400.jpg 581w, https:\/\/www.crossprensa.com.ar\/news\/wp-content\/uploads\/2022\/12\/6392dbc6f1d223.50394694-768x529.jpg 768w, https:\/\/www.crossprensa.com.ar\/news\/wp-content\/uploads\/2022\/12\/6392dbc6f1d223.50394694-750x517.jpg 750w\" sizes=\"(max-width: 800px) 100vw, 800px\" \/><\/p>\n<p><span>La temporada 2023 presenta un nuevo formato, con la serie AMA Supercross de 17 rondas que comienza el 7 de enero en Anaheim, California;\u00a0la serie AMA Pro Motocross de 11 rondas que comenzar\u00e1 el 27 de mayo en Pala, California;\u00a0y el nuevo Campeonato Mundial de SuperMotocross de tres rondas a partir del 9 de septiembre en una ubicaci\u00f3n a\u00fan por anunciar.<\/span><\/p>\n<p><img loading=\"lazy\" decoding=\"async\" class=\"alignnone size-full wp-image-61779\" src=\"http:\/\/www.crossprensa.com.ar\/news\/wp-content\/uploads\/2022\/12\/6392dcbc572851.97648809.jpg\" alt=\"\" width=\"800\" height=\"533\" srcset=\"https:\/\/www.crossprensa.com.ar\/news\/wp-content\/uploads\/2022\/12\/6392dcbc572851.97648809.jpg 800w, https:\/\/www.crossprensa.com.ar\/news\/wp-content\/uploads\/2022\/12\/6392dcbc572851.97648809-300x200.jpg 300w, https:\/\/www.crossprensa.com.ar\/news\/wp-content\/uploads\/2022\/12\/6392dcbc572851.97648809-600x400.jpg 600w, https:\/\/www.crossprensa.com.ar\/news\/wp-content\/uploads\/2022\/12\/6392dcbc572851.97648809-768x512.jpg 768w, https:\/\/www.crossprensa.com.ar\/news\/wp-content\/uploads\/2022\/12\/6392dcbc572851.97648809-750x500.jpg 750w\" sizes=\"(max-width: 800px) 100vw, 800px\" \/><\/p>\n","protected":false},"excerpt":{"rendered":"<p>50 A\u00d1OS DE MOTOCROSS PARA AMERICAN HONDA el equipo Honda HRC present\u00f3 su lista de&#8230;<\/p>\n","protected":false},"author":2,"featured_media":61774,"comment_status":"open","ping_status":"open","sticky":false,"template":"","format":"standard","meta":{"om_disable_all_campaigns":false,"_monsterinsights_skip_tracking":false,"_monsterinsights_sitenote_active":false,"_monsterinsights_sitenote_note":"","_monsterinsights_sitenote_category":0,"_uf_show_specific_survey":0,"_uf_disable_surveys":false,"footnotes":""},"categories":[25,30,37],"tags":[],"class_list":["post-61773","post","type-post","status-publish","format-standard","has-post-thumbnail","hentry","category-ama-motocross","category-ama-supercross","category-crossprensa"],"aioseo_notices":[],"_links":{"self":[{"href":"https:\/\/www.crossprensa.com.ar\/news\/wp-json\/wp\/v2\/posts\/61773","targetHints":{"allow":["GET"]}}],"collection":[{"href":"https:\/\/www.crossprensa.com.ar\/news\/wp-json\/wp\/v2\/posts"}],"about":[{"href":"https:\/\/www.crossprensa.com.ar\/news\/wp-json\/wp\/v2\/types\/post"}],"author":[{"embeddable":true,"href":"https:\/\/www.crossprensa.com.ar\/news\/wp-json\/wp\/v2\/users\/2"}],"replies":[{"embeddable":true,"href":"https:\/\/www.crossprensa.com.ar\/news\/wp-json\/wp\/v2\/comments?post=61773"}],"version-history":[{"count":1,"href":"https:\/\/www.crossprensa.com.ar\/news\/wp-json\/wp\/v2\/posts\/61773\/revisions"}],"predecessor-version":[{"id":61780,"href":"https:\/\/www.crossprensa.com.ar\/news\/wp-json\/wp\/v2\/posts\/61773\/revisions\/61780"}],"wp:featuredmedia":[{"embeddable":true,"href":"https:\/\/www.crossprensa.com.ar\/news\/wp-json\/wp\/v2\/media\/61774"}],"wp:attachment":[{"href":"https:\/\/www.crossprensa.com.ar\/news\/wp-json\/wp\/v2\/media?parent=61773"}],"wp:term":[{"taxonomy":"category","embeddable":true,"href":"https:\/\/www.crossprensa.com.ar\/news\/wp-json\/wp\/v2\/categories?post=61773"},{"taxonomy":"post_tag","embeddable":true,"href":"https:\/\/www.crossprensa.com.ar\/news\/wp-json\/wp\/v2\/tags?post=61773"}],"curies":[{"name":"wp","href":"https:\/\/api.w.org\/{rel}","templated":true}]}}