{"id":61761,"date":"2022-12-08T16:15:10","date_gmt":"2022-12-08T19:15:10","guid":{"rendered":"http:\/\/www.crossprensa.com.ar\/news\/?p=61761"},"modified":"2022-12-08T16:15:10","modified_gmt":"2022-12-08T19:15:10","slug":"tom-vialle-sobre-su-nuevo-reto-en-america","status":"publish","type":"post","link":"https:\/\/www.crossprensa.com.ar\/news\/tom-vialle-sobre-su-nuevo-reto-en-america\/ama-motocross\/","title":{"rendered":"Tom Vialle sobre su nuevo reto en Am\u00e9rica"},"content":{"rendered":"<p>La temporada 2023 ser\u00e1 completamente nueva para Tom Vialle despu\u00e9s de varios a\u00f1os compitiendo en el paddock de GP con el sistema EMX250 antes de asegurarse un a\u00f1o completo como oficial de f\u00e1brica con KTM y convertirse en dos veces campe\u00f3n mundial de MX2.<\/p>\n<p><!--more--><\/p>\n<p>El talento franc\u00e9s ahora ha decidido mudarse a Estados Unidos y competir\u00e1 en la serie AMA 250SX East Coast 2023 que comienza en febrero.<\/p>\n<p>Vialle ha confirmado que est\u00e1 trabajando duro en Florida trabajando con Aldon Baker (tambi\u00e9n est\u00e1 trabajando con Mike Brown).<\/p>\n<p><em>\u201cPara m\u00ed, es una nueva vida.\u00a0Despu\u00e9s de ganar el t\u00edtulo en 2022 en el Campeonato Mundial MX2, me mud\u00e9 a los EE. UU. y fue una decisi\u00f3n dif\u00edcil, pero hasta ahora todo ha sido muy bueno.\u00a0Estoy entrenando en Florida con Aldon y el grupo en The Baker&#8217;s Factory y hasta ahora todo muy bien.\u00a0Me gusta mucho.\u00a0Disfruto entrenando supercross, es una disciplina nueva para m\u00ed, as\u00ed que tengo mucho que aprender.\u00a0Estoy haciendo un buen trabajo entrenando con el equipo y los mec\u00e1nicos, todos son muy amables conmigo, as\u00ed que realmente hemos avanzado\u201d, declar\u00f3 Vialle en un comunicado de prensa de KTM.\u00a0<\/em><\/p>\n<p>Vialle est\u00e1 ansioso de comenzar su carrera en Estados Unidos compitiendo en Supercross antes de cambiar su atenci\u00f3n a la serie AMA Pro Motocross, donde espera ser un candidato.<\/p>\n<p><em>\u201cNunca he corrido un supercross aqu\u00ed en los EE. UU., as\u00ed que estoy muy entusiasmado.\u00a0Solo ir all\u00ed y ver c\u00f3mo ser\u00e1 correr de noche en el estadio, y correr frente a tantos fan\u00e1ticos ser\u00e1 algo muy importante para m\u00ed.\u00a0Y luego pasar\u00e9 al motocross en el verano, tambi\u00e9n estoy ansioso por eso.\u00a0Ese ser\u00e1 un nuevo desaf\u00edo para m\u00ed, un poco m\u00e1s cerca de lo que he estado entrenando durante los \u00faltimos cuatro a\u00f1os en Europa, pero estoy muy emocionado de competir tanto en SX como en MX por primera vez en los EE. UU. Para m\u00ed, Vienen muchas cosas nuevas y no veo la hora de empezar a correr\u201d, concluy\u00f3 Vialle.\u00a0<\/em><\/p>\n<p>Aunque es pronto para Vialle en Estados Unidos, a\u00fan no ha corrido, pero ser\u00e1 interesante estar atento a su desarrollo y si su futuro a largo plazo est\u00e1 en Estados Unidos.<\/p>\n","protected":false},"excerpt":{"rendered":"<p>La temporada 2023 ser\u00e1 completamente nueva para Tom Vialle despu\u00e9s de varios a\u00f1os compitiendo en&#8230;<\/p>\n","protected":false},"author":2,"featured_media":61764,"comment_status":"open","ping_status":"open","sticky":false,"template":"","format":"standard","meta":{"om_disable_all_campaigns":false,"_monsterinsights_skip_tracking":false,"_monsterinsights_sitenote_active":false,"_monsterinsights_sitenote_note":"","_monsterinsights_sitenote_category":0,"_uf_show_specific_survey":0,"_uf_disable_surveys":false,"footnotes":""},"categories":[25,30],"tags":[],"class_list":["post-61761","post","type-post","status-publish","format-standard","has-post-thumbnail","hentry","category-ama-motocross","category-ama-supercross"],"aioseo_notices":[],"_links":{"self":[{"href":"https:\/\/www.crossprensa.com.ar\/news\/wp-json\/wp\/v2\/posts\/61761","targetHints":{"allow":["GET"]}}],"collection":[{"href":"https:\/\/www.crossprensa.com.ar\/news\/wp-json\/wp\/v2\/posts"}],"about":[{"href":"https:\/\/www.crossprensa.com.ar\/news\/wp-json\/wp\/v2\/types\/post"}],"author":[{"embeddable":true,"href":"https:\/\/www.crossprensa.com.ar\/news\/wp-json\/wp\/v2\/users\/2"}],"replies":[{"embeddable":true,"href":"https:\/\/www.crossprensa.com.ar\/news\/wp-json\/wp\/v2\/comments?post=61761"}],"version-history":[{"count":3,"href":"https:\/\/www.crossprensa.com.ar\/news\/wp-json\/wp\/v2\/posts\/61761\/revisions"}],"predecessor-version":[{"id":61765,"href":"https:\/\/www.crossprensa.com.ar\/news\/wp-json\/wp\/v2\/posts\/61761\/revisions\/61765"}],"wp:featuredmedia":[{"embeddable":true,"href":"https:\/\/www.crossprensa.com.ar\/news\/wp-json\/wp\/v2\/media\/61764"}],"wp:attachment":[{"href":"https:\/\/www.crossprensa.com.ar\/news\/wp-json\/wp\/v2\/media?parent=61761"}],"wp:term":[{"taxonomy":"category","embeddable":true,"href":"https:\/\/www.crossprensa.com.ar\/news\/wp-json\/wp\/v2\/categories?post=61761"},{"taxonomy":"post_tag","embeddable":true,"href":"https:\/\/www.crossprensa.com.ar\/news\/wp-json\/wp\/v2\/tags?post=61761"}],"curies":[{"name":"wp","href":"https:\/\/api.w.org\/{rel}","templated":true}]}}