{"id":61757,"date":"2022-12-07T16:08:07","date_gmt":"2022-12-07T19:08:07","guid":{"rendered":"http:\/\/www.crossprensa.com.ar\/news\/?p=61757"},"modified":"2022-12-07T16:08:07","modified_gmt":"2022-12-07T19:08:07","slug":"ahora-si-es-oficial-ken-roczen-firma-con-hep-%e2%80%8b%e2%80%8bsuzuki-para-2023","status":"publish","type":"post","link":"https:\/\/www.crossprensa.com.ar\/news\/ahora-si-es-oficial-ken-roczen-firma-con-hep-%e2%80%8b%e2%80%8bsuzuki-para-2023\/ama-motocross\/","title":{"rendered":"Ahora si, es OFICIAL: Ken Roczen firma con HEP \u200b\u200bSuzuki para 2023"},"content":{"rendered":"<p><span>HEP Motorsports se complace en anunciar que el equipo ha contratado a Ken Roczen como su principal piloto para la temporada 2023.\u00a0<\/span><span>El ex campe\u00f3n de motocross de AMA, Roczen, estar\u00e1 a bordo de un Suzuki RM-Z450.\u00a0\u00a0<\/span><\/p>\n<p><!--more--><\/p>\n<p><span>Roczen, quien gan\u00f3 su campeonato m\u00e1s reciente con una Suzuki, se reunir\u00e1 con la marca y traer\u00e1 su emocionante estilo, determinaci\u00f3n y valent\u00eda al RM Army.\u00a0Ken Roczen competir\u00e1 en la pr\u00f3xima serie del Campeonato de Supercross y Motocross 2023 que comenzar\u00e1 el 7 de enero en el Anaheim Stadium en el sur de California.<\/span><\/p>\n<p><em><span>\u201cEstoy m\u00e1s que emocionado de volver a conectarme con Suzuki por tercera vez en mi carrera.\u00a0Hemos tenido mucho \u00e9xito en el pasado y estoy deseando ver lo que podemos lograr juntos en nuestro futuro\u201d.\u00a0dijo\u00a0<\/span><strong><span>Roczen<\/span><\/strong><span>\u00a0, \u201cTengo mucha confianza en Suzuki y en el programa HEP Motorsports y estoy emocionado de finalmente comenzar el nuevo a\u00f1o con un nuevo comienzo.\u00a0Desde el momento en que me sub\u00ed a la moto me sent\u00ed como en casa.\u00a0Ha sido una grata sorpresa lo r\u00e1pido que me he adaptado a la moto y al equipo.\u00a0Estaremos listos para competir el 7 de enero\u201d.<\/span><\/em><\/p>\n<p><span>Una especie de regreso a casa, Ken Roczen y Suzuki disfrutaron de mucho \u00e9xito en el pasado, incluida una carrera amateur muy exitosa en su Alemania natal en m\u00e1quinas de motocross Suzuki. A bordo de la generaci\u00f3n anterior Suzuki RM-Z450 Roczen gan\u00f3 el Campeonato de Motocross AMA 450 en 2016. Roczen y Suzuki est\u00e1 decidida a continuar con esta tradici\u00f3n de \u00e9xito en 2023 con la Suzuki RM-Z450 en competencias de Supercross y Motocross.<\/span><\/p>\n<p><img fetchpriority=\"high\" decoding=\"async\" class=\"alignnone size-full wp-image-61759\" src=\"http:\/\/www.crossprensa.com.ar\/news\/wp-content\/uploads\/2022\/12\/Roczen-new-1024x846.jpg\" alt=\"\" width=\"1024\" height=\"846\" srcset=\"https:\/\/www.crossprensa.com.ar\/news\/wp-content\/uploads\/2022\/12\/Roczen-new-1024x846.jpg 1024w, https:\/\/www.crossprensa.com.ar\/news\/wp-content\/uploads\/2022\/12\/Roczen-new-1024x846-300x248.jpg 300w, https:\/\/www.crossprensa.com.ar\/news\/wp-content\/uploads\/2022\/12\/Roczen-new-1024x846-768x635.jpg 768w, https:\/\/www.crossprensa.com.ar\/news\/wp-content\/uploads\/2022\/12\/Roczen-new-1024x846-484x400.jpg 484w\" sizes=\"(max-width: 1024px) 100vw, 1024px\" \/><\/p>\n<p><em><span>\u201cNos complace tener a Ken nuevamente en Suzuki y como parte del RM Army\u201d, dijo\u00a0<\/span><strong><span>Chris Wheeler<\/span><\/strong><span>\u00a0, gerente de deportes de motor de Suzuki Motor USA, LLC.\u00a0\u201cLa experiencia, la determinaci\u00f3n y la incre\u00edble habilidad de Ken son todo lo que necesitamos para ayudar a Suzuki y HEP Motorsports a lograr el \u00e9xito que todos anhelamos en 2023\u201d.<\/span><\/em><\/p>\n<p><em><span>\u201cTodos est\u00e1n muy emocionados de tener a Ken Roczen a bordo\u201d, dijo Dustin Pipes, director del equipo en HEP \u200b\u200bMotorsports.\u00a0&#8220;Tener a Ken como parte de nuestro equipo seguramente elevar\u00e1 nuestro desempe\u00f1o y estamos ansiosos por competir en A1 en enero&#8221;.<\/span><\/em><\/p>\n<p><span>HEP Motorsports debutar\u00e1 con la alineaci\u00f3n completa del equipo en la ronda 1 del Campeonato de Supercross 2023 el 7 de enero de 2023 en el Angel Stadium de Anaheim.\u00a0<\/span><\/p>\n<p><em>NdR: No nos lo cre\u00edmos en lo previo por lo que todos saben y es la falta de desarrollo oficial de la moto de f\u00e1brica (Que como equipo hace mucho no existe oficialmente) y qui\u00e9n se har\u00e1 cargo de todo lo que eso conlleva. Roczen se pone al hombro un proyecto que puede catapultarlo a lo mas alto! Y para anunciarlo hab\u00eda que esperar EL COMUNICADO OFICIAL, solamente eso.\u00a0<\/em><\/p>\n<p><em>O no.<\/em><\/p>\n<p><em>La falta de resultados estuvo a la vista desde hace mucho, pero vuelven a apostar a un piloto de primer\u00edsima l\u00ednea. Y la pregunta es&#8230; Ser\u00e1 la vuelta de la marca POR FIN?<\/em><\/p>\n<p><em>Veremos que sucede.<\/em><\/p>\n<p>N\u00e9stor Guti\u00e9rrez.<\/p>\n<p>Crossprensa.<\/p>\n","protected":false},"excerpt":{"rendered":"<p>HEP Motorsports se complace en anunciar que el equipo ha contratado a Ken Roczen como&#8230;<\/p>\n","protected":false},"author":2,"featured_media":61758,"comment_status":"open","ping_status":"open","sticky":false,"template":"","format":"standard","meta":{"om_disable_all_campaigns":false,"_monsterinsights_skip_tracking":false,"_monsterinsights_sitenote_active":false,"_monsterinsights_sitenote_note":"","_monsterinsights_sitenote_category":0,"_uf_show_specific_survey":0,"_uf_disable_surveys":false,"footnotes":""},"categories":[25,30,37],"tags":[],"class_list":["post-61757","post","type-post","status-publish","format-standard","has-post-thumbnail","hentry","category-ama-motocross","category-ama-supercross","category-crossprensa"],"aioseo_notices":[],"_links":{"self":[{"href":"https:\/\/www.crossprensa.com.ar\/news\/wp-json\/wp\/v2\/posts\/61757","targetHints":{"allow":["GET"]}}],"collection":[{"href":"https:\/\/www.crossprensa.com.ar\/news\/wp-json\/wp\/v2\/posts"}],"about":[{"href":"https:\/\/www.crossprensa.com.ar\/news\/wp-json\/wp\/v2\/types\/post"}],"author":[{"embeddable":true,"href":"https:\/\/www.crossprensa.com.ar\/news\/wp-json\/wp\/v2\/users\/2"}],"replies":[{"embeddable":true,"href":"https:\/\/www.crossprensa.com.ar\/news\/wp-json\/wp\/v2\/comments?post=61757"}],"version-history":[{"count":1,"href":"https:\/\/www.crossprensa.com.ar\/news\/wp-json\/wp\/v2\/posts\/61757\/revisions"}],"predecessor-version":[{"id":61760,"href":"https:\/\/www.crossprensa.com.ar\/news\/wp-json\/wp\/v2\/posts\/61757\/revisions\/61760"}],"wp:featuredmedia":[{"embeddable":true,"href":"https:\/\/www.crossprensa.com.ar\/news\/wp-json\/wp\/v2\/media\/61758"}],"wp:attachment":[{"href":"https:\/\/www.crossprensa.com.ar\/news\/wp-json\/wp\/v2\/media?parent=61757"}],"wp:term":[{"taxonomy":"category","embeddable":true,"href":"https:\/\/www.crossprensa.com.ar\/news\/wp-json\/wp\/v2\/categories?post=61757"},{"taxonomy":"post_tag","embeddable":true,"href":"https:\/\/www.crossprensa.com.ar\/news\/wp-json\/wp\/v2\/tags?post=61757"}],"curies":[{"name":"wp","href":"https:\/\/api.w.org\/{rel}","templated":true}]}}