{"id":61752,"date":"2022-12-14T08:42:56","date_gmt":"2022-12-14T11:42:56","guid":{"rendered":"http:\/\/www.crossprensa.com.ar\/news\/?p=61752"},"modified":"2022-12-14T08:42:56","modified_gmt":"2022-12-14T11:42:56","slug":"ama-supercross-cambios-en-el-reglamento","status":"publish","type":"post","link":"https:\/\/www.crossprensa.com.ar\/news\/ama-supercross-cambios-en-el-reglamento\/ama-motocross\/","title":{"rendered":"AMA SUPERCROSS &#8211; CAMBIOS EN EL REGLAMENTO"},"content":{"rendered":"<p>Con la novedad del Campeonato de SUPERMOTOCROSS que la AMA implementa para 2023, los cambios reglamentarios eran de esperarse, y aqu\u00ed les ofrecemos un resumen de como se correr\u00e1 y bajo que reglas desde el a\u00f1o pr\u00f3ximo.<\/p>\n<p><!--more--><\/p>\n<p>La Asociaci\u00f3n Estadounidense de Motociclistas (AMA) public\u00f3 recientemente nuevas actualizaciones de reglas para el Campeonato Monster Energy AMA Supercross 2023.\u00a0Hay varias actualizaciones en la \u00faltima publicaci\u00f3n del bolet\u00edn (incluidos algunos matices con el nuevo Campeonato Mundial de SuperMotocross), pero la actualizaci\u00f3n m\u00e1s importante es la regla sobre la divisi\u00f3n 250SX y su sistema de puntos.<\/p>\n<p>Para 2023, la clase 250SX ya no ver\u00e1 a los corredores fuera de la categor\u00eda a menos que ganen un campeonato.\u00a0Si bien esta nueva regla reemplaza la regla anterior (establecida en 2007) donde un corredor que gana al menos 135 puntos 250SX en un campeonato de nueve carreras o 120 puntos de campeonato 250SX en una temporada de ocho carreras durante cuatro temporadas de competencia 250SX es entonces forzado a pasar a la Clase 450SX, esto solo se aplica a 2023 y m\u00e1s all\u00e1.<\/p>\n<p>Adem\u00e1s, esto solo se aplica a los pilotos que se encuentran actualmente en la clase 250SX, ya que los corredores que ya avanzaron a la categor\u00eda principal del anterior reglamento pasan a la clase principal.\u00a0Piensen en pilotos como\u00a0Joey Savatgy\u00a0y\u00a0Shane McElrath:\u00a0no ganaron t\u00edtulos de 250SX, pero por reglamento tuvieron que ascender.\u00a0La nueva regla (en la Secci\u00f3n 5, 5.2 Pautas del Campeonato 250SX Este\/Oeste) establece:<\/p>\n<div class=\"attribution\">\n<p>\u201c2.\u00a0Un piloto que gane un Campeonato 250SX ser\u00e1 elegible para participar en la clase 250SX por un m\u00e1ximo de cuatro a\u00f1os en total.<\/p>\n<p>uno- Si un piloto gana el Campeonato 250SX en su cuarta o m\u00e1s temporadas, ese piloto ser\u00e1 elegible para competir en la clase 250SX solo en la temporada siguiente.<\/p>\n<p>b.\u00a0Un corredor debe ganar al menos cinco puntos para que cuente como una temporada.<\/p>\n<p>3. Un corredor que gane un segundo Campeonato 250SX ser\u00e1 elegible para participar en la clase 250SX por un m\u00e1ximo de tres a\u00f1os en total, independientemente del a\u00f1o en que gan\u00f3 su segundo t\u00edtulo.\u00a0(es decir, si un piloto gana su segundo Campeonato en su tercer a\u00f1o de competencia 250SX, no ser\u00e1 elegible para la clase 250SX)\u201d.<\/p>\n<\/div>\n<p>Algunas otras cosas a tener en cuenta en los cambios de reglamento son:<\/p>\n<ul>\n<li>Los tacos de salida ahora son legales en cualquier superficie AMA Supercross y SMX.\u00a0|\u00a0Secci\u00f3n 4, 4.23 Procedimientos de arranque<\/li>\n<li>Solo para los eventos de la Triple Corona, los corredores pueden cambiar a su segunda moto despu\u00e9s de la vuelta previa, pero el cambio debe realizarse antes de que se muestre el tablero de 30 segundos.\u00a0Piense en la situaci\u00f3n de\u00a0Pierce Brown\u00a0de la Triple Corona de Supercross de St. Louis 2022 en abril cuando tuvo problemas con la moto.\u00a0|\u00a0Secci\u00f3n 4, 4.23 Procedimientos de arranque<\/li>\n<li>Actualizaciones de los logotipos en las camisetas de los corredor.\u00a0|\u00a0Secci\u00f3n 1, 1.17 Ropa del piloto *Tambi\u00e9n actualizado en la Secci\u00f3n 5.8<\/li>\n<li>Actualizaciones de los logotipos de AMA.\u00a0|\u00a0Secci\u00f3n 1, 1.18 Visualizaci\u00f3n del logotipo de AMA *Tambi\u00e9n actualizado en la Secci\u00f3n 5.9 b.<\/li>\n<li>Actualizaciones de los portan\u00fameros delanteros.\u00a0|Secci\u00f3n 2, 2.3 N\u00fameros y placas de matr\u00edcula *Tambi\u00e9n actualizado en la Secci\u00f3n 5.8<\/li>\n<li>La clasificaci\u00f3n de puntos de SMX, y un campeonato, contar\u00e1n para los n\u00fameros nacionales, los n\u00fameros de carrera de un solo d\u00edgito y los n\u00fameros de carrera de dos d\u00edgitos.\u00a0|\u00a0Secci\u00f3n 3, 3.3 N\u00fameros Nacionales<img fetchpriority=\"high\" decoding=\"async\" class=\"alignnone size-full wp-image-61806\" src=\"http:\/\/www.crossprensa.com.ar\/news\/wp-content\/uploads\/2022\/12\/1200x100-Global-Parts.jpg\" alt=\"\" width=\"5001\" height=\"418\" \/> <img decoding=\"async\" class=\"alignnone size-full wp-image-61807\" src=\"http:\/\/www.crossprensa.com.ar\/news\/wp-content\/uploads\/2022\/12\/1200x100-Dunlop.jpg\" alt=\"\" width=\"5001\" height=\"418\" \/> <img decoding=\"async\" class=\"alignnone size-full wp-image-61808\" src=\"http:\/\/www.crossprensa.com.ar\/news\/wp-content\/uploads\/2022\/12\/1200x100-Leat.jpg\" alt=\"\" width=\"5001\" height=\"418\" \/> <img loading=\"lazy\" decoding=\"async\" class=\"alignnone size-full wp-image-61809\" src=\"http:\/\/www.crossprensa.com.ar\/news\/wp-content\/uploads\/2022\/12\/1200x100-Odi.jpg\" alt=\"\" width=\"5001\" height=\"418\" \/> <img loading=\"lazy\" decoding=\"async\" class=\"alignnone size-full wp-image-61810\" src=\"http:\/\/www.crossprensa.com.ar\/news\/wp-content\/uploads\/2022\/12\/1200x100-Twin-Air.jpg\" alt=\"\" width=\"5001\" height=\"417\" \/> <img loading=\"lazy\" decoding=\"async\" class=\"alignnone size-full wp-image-61813\" src=\"http:\/\/www.crossprensa.com.ar\/news\/wp-content\/uploads\/2022\/12\/Sin-t\u00edtulo-5.jpg\" alt=\"\" width=\"1594\" height=\"174\" \/> <img loading=\"lazy\" decoding=\"async\" class=\"alignnone size-full wp-image-61814\" src=\"http:\/\/www.crossprensa.com.ar\/news\/wp-content\/uploads\/2022\/12\/Sin-t\u00edtulo-7040.jpg\" alt=\"\" width=\"1284\" height=\"109\" \/> <img loading=\"lazy\" decoding=\"async\" class=\"alignnone size-full wp-image-61815\" src=\"http:\/\/www.crossprensa.com.ar\/news\/wp-content\/uploads\/2022\/12\/Sin-t\u00edtulo-7044.jpg\" alt=\"\" width=\"1594\" height=\"174\" \/> <img loading=\"lazy\" decoding=\"async\" class=\"alignnone size-full wp-image-61816\" src=\"http:\/\/www.crossprensa.com.ar\/news\/wp-content\/uploads\/2022\/12\/Sin-t\u00edtulo-7052.jpg\" alt=\"\" width=\"1584\" height=\"127\" \/> <img loading=\"lazy\" decoding=\"async\" class=\"alignnone size-full wp-image-61817\" src=\"http:\/\/www.crossprensa.com.ar\/news\/wp-content\/uploads\/2022\/12\/Sin-t\u00edtulo-7053.jpg\" alt=\"\" width=\"2586\" height=\"220\" \/> <img loading=\"lazy\" decoding=\"async\" class=\"alignnone size-full wp-image-61818\" src=\"http:\/\/www.crossprensa.com.ar\/news\/wp-content\/uploads\/2022\/12\/Sin-t\u00edtulo-7054.jpg\" alt=\"\" width=\"1596\" height=\"176\" \/> <img loading=\"lazy\" decoding=\"async\" class=\"alignnone size-full wp-image-61819\" src=\"http:\/\/www.crossprensa.com.ar\/news\/wp-content\/uploads\/2022\/12\/Sin-t\u00edtulo-7079.jpg\" alt=\"\" width=\"1283\" height=\"109\" \/> <img loading=\"lazy\" decoding=\"async\" class=\"alignnone size-full wp-image-61820\" src=\"http:\/\/www.crossprensa.com.ar\/news\/wp-content\/uploads\/2022\/12\/Sin-t\u00edtulo-7081.jpg\" alt=\"\" width=\"1283\" height=\"109\" \/> <img loading=\"lazy\" decoding=\"async\" class=\"alignnone size-full wp-image-61821\" src=\"http:\/\/www.crossprensa.com.ar\/news\/wp-content\/uploads\/2022\/12\/Sin-t\u00edtulo-7083.jpg\" alt=\"\" width=\"1283\" height=\"109\" \/> <img loading=\"lazy\" decoding=\"async\" class=\"alignnone size-full wp-image-61822\" src=\"http:\/\/www.crossprensa.com.ar\/news\/wp-content\/uploads\/2022\/12\/Sin-t\u00edtulo-7084.jpg\" alt=\"\" width=\"1283\" height=\"109\" \/> <img loading=\"lazy\" decoding=\"async\" class=\"alignnone size-full wp-image-61823\" src=\"http:\/\/www.crossprensa.com.ar\/news\/wp-content\/uploads\/2022\/12\/Sin-t\u00edtulo-7088.jpg\" alt=\"\" width=\"1278\" height=\"107\" \/> <img loading=\"lazy\" decoding=\"async\" class=\"alignnone size-full wp-image-61824\" src=\"http:\/\/www.crossprensa.com.ar\/news\/wp-content\/uploads\/2022\/12\/Sin-t\u00edtulo-7092.jpg\" alt=\"\" width=\"1284\" height=\"109\" \/> <img loading=\"lazy\" decoding=\"async\" class=\"alignnone size-full wp-image-61825\" src=\"http:\/\/www.crossprensa.com.ar\/news\/wp-content\/uploads\/2022\/12\/Sin-t\u00edtulo-7095.jpg\" alt=\"\" width=\"1284\" height=\"109\" \/> <img loading=\"lazy\" decoding=\"async\" class=\"alignnone  wp-image-61826\" src=\"http:\/\/www.crossprensa.com.ar\/news\/wp-content\/uploads\/2022\/12\/Sin-t\u00edtulo-7098.jpg\" alt=\"\" width=\"780\" height=\"68\" \/> <img loading=\"lazy\" decoding=\"async\" class=\"alignnone size-full wp-image-61827\" src=\"http:\/\/www.crossprensa.com.ar\/news\/wp-content\/uploads\/2022\/12\/Sin-t\u00edtulo-7102.jpg\" alt=\"\" width=\"1281\" height=\"109\" \/> <img loading=\"lazy\" decoding=\"async\" class=\"alignnone size-full wp-image-61828\" src=\"http:\/\/www.crossprensa.com.ar\/news\/wp-content\/uploads\/2022\/12\/Sin-t\u00edtulo-7103.jpg\" alt=\"\" width=\"1280\" height=\"106\" \/><\/li>\n<\/ul>\n","protected":false},"excerpt":{"rendered":"<p>Con la novedad del Campeonato de SUPERMOTOCROSS que la AMA implementa para 2023, los cambios&#8230;<\/p>\n","protected":false},"author":2,"featured_media":61754,"comment_status":"open","ping_status":"open","sticky":false,"template":"","format":"standard","meta":{"om_disable_all_campaigns":false,"_monsterinsights_skip_tracking":false,"_monsterinsights_sitenote_active":false,"_monsterinsights_sitenote_note":"","_monsterinsights_sitenote_category":0,"_uf_show_specific_survey":0,"_uf_disable_surveys":false,"footnotes":""},"categories":[25,30],"tags":[],"class_list":["post-61752","post","type-post","status-publish","format-standard","has-post-thumbnail","hentry","category-ama-motocross","category-ama-supercross"],"aioseo_notices":[],"_links":{"self":[{"href":"https:\/\/www.crossprensa.com.ar\/news\/wp-json\/wp\/v2\/posts\/61752","targetHints":{"allow":["GET"]}}],"collection":[{"href":"https:\/\/www.crossprensa.com.ar\/news\/wp-json\/wp\/v2\/posts"}],"about":[{"href":"https:\/\/www.crossprensa.com.ar\/news\/wp-json\/wp\/v2\/types\/post"}],"author":[{"embeddable":true,"href":"https:\/\/www.crossprensa.com.ar\/news\/wp-json\/wp\/v2\/users\/2"}],"replies":[{"embeddable":true,"href":"https:\/\/www.crossprensa.com.ar\/news\/wp-json\/wp\/v2\/comments?post=61752"}],"version-history":[{"count":3,"href":"https:\/\/www.crossprensa.com.ar\/news\/wp-json\/wp\/v2\/posts\/61752\/revisions"}],"predecessor-version":[{"id":61829,"href":"https:\/\/www.crossprensa.com.ar\/news\/wp-json\/wp\/v2\/posts\/61752\/revisions\/61829"}],"wp:featuredmedia":[{"embeddable":true,"href":"https:\/\/www.crossprensa.com.ar\/news\/wp-json\/wp\/v2\/media\/61754"}],"wp:attachment":[{"href":"https:\/\/www.crossprensa.com.ar\/news\/wp-json\/wp\/v2\/media?parent=61752"}],"wp:term":[{"taxonomy":"category","embeddable":true,"href":"https:\/\/www.crossprensa.com.ar\/news\/wp-json\/wp\/v2\/categories?post=61752"},{"taxonomy":"post_tag","embeddable":true,"href":"https:\/\/www.crossprensa.com.ar\/news\/wp-json\/wp\/v2\/tags?post=61752"}],"curies":[{"name":"wp","href":"https:\/\/api.w.org\/{rel}","templated":true}]}}