{"id":61002,"date":"2022-10-12T21:53:20","date_gmt":"2022-10-13T00:53:20","guid":{"rendered":"http:\/\/www.crossprensa.com.ar\/news\/?p=61002"},"modified":"2022-10-12T21:53:20","modified_gmt":"2022-10-13T00:53:20","slug":"expedicion-acerbis-a-50-anos-de-la-caida-del-avion-uruguayo","status":"publish","type":"post","link":"https:\/\/www.crossprensa.com.ar\/news\/expedicion-acerbis-a-50-anos-de-la-caida-del-avion-uruguayo\/historia\/","title":{"rendered":"EXPEDICION ACERBIS, A 50 A\u00d1OS DE LA CA\u00cdDA DEL AVION URUGUAYO."},"content":{"rendered":"<p>La historia es conocida, los rugbiers uruguayos que cayeron en los Andes, y este homenaje es realmente una haza\u00f1a que les vamos a mostrar, protagonizada por Julio Quiroga y \u201cGato\u201d Barbery que utilizaron una KTM EXC F250 Six Days y Una KTM EXC 300 respectivamente. Aqu\u00ed el homenaje a este grupo de uruguayos que 50 a\u00f1os atr\u00e1s tuvieron este accidente donde perdieron a seres queridos\u00a0 y donde 16 de ellos lograron una de las supervivencias m\u00e1s conocidas de la historia.<\/p>\n<p><!--more--><\/p>\n<p>El 13 de octubre de 1972 el vuelo #571 de la fuerza a\u00e9rea uruguaya que transportaba al equipo de rugby Old Christians Club sufri\u00f3 un accidente por un error de c\u00e1lculo en la navegaci\u00f3n. El trayecto que deb\u00edan recorrer era desde Montevideo a Santiago de Chile pero el avi\u00f3n cay\u00f3 en la provincia de Mendoza muy cerca de la frontera con Chile. Fueron 43 pasajeros y los dos pilotos los involucrados en la ca\u00edda. De ah\u00ed en m\u00e1s comenzar\u00eda la supervivencia de un grupo por m\u00e1s de 70 d\u00edas en el medio de la cordillera de Los Andes. La haza\u00f1a qued\u00f3 plasmada en el famoso libro \u201cViven\u201d que luego tuvo su versi\u00f3n cinematogr\u00e1fica.<\/p>\n<p><img fetchpriority=\"high\" decoding=\"async\" class=\"alignnone size-full wp-image-61005\" src=\"http:\/\/www.crossprensa.com.ar\/news\/wp-content\/uploads\/2022\/10\/0cd7796f-5adb-4243-a849-d9e6b1f3b209.jpg\" alt=\"\" width=\"768\" height=\"1024\" \/><\/p>\n<p>Este a\u00f1o se cumplen 50 a\u00f1os de esta tragedia en Los Andes. Como un respetuoso homenaje decidimos hacer la \u201cExpedici\u00f3n Acerbis\u201d donde un grupo de ocho personas partimos desde Mendoza el 13 de marzo de 2022 para llegar hasta El Sosneado y luego seguir 80 kms m\u00e1s monta\u00f1a adentro hasta el puesto Araya, donde comenz\u00f3 la aventura. El objetivo consisti\u00f3 en en que dos motos de enduro lograran completar por primera vez el sendero que los vaqueanos (conocedores expertos de la zona) Lima y Araya, este \u00faltimo abuelo de nuestro gu\u00eda, abrieron en 1973 cuando subieron para buscar el cuerpo de una de las v\u00edctimas a pedido de su familia. Replicar este camino cruzando los seis r\u00edos, llegar a los restos del avi\u00f3n y volver, llev\u00f3 al grupo tres duros d\u00edas.<\/p>\n<p><img decoding=\"async\" class=\"alignnone size-full wp-image-61006\" src=\"http:\/\/www.crossprensa.com.ar\/news\/wp-content\/uploads\/2022\/10\/0d75604b-f0f6-487e-b509-be8cf013342f.jpg\" alt=\"\" width=\"1600\" height=\"1066\" \/><\/p>\n<p><strong>Se estar\u00e1n publicando tres cap\u00edtulos de la \u201cExpedici\u00f3n Acerbis\u201d en Youtube<\/strong><\/p>\n<p><strong><u>Canales<\/u><\/strong><strong>: Acerbis Motorsports<\/strong><\/p>\n<p><strong>\u00a0\u00a0\u00a0\u00a0\u00a0\u00a0\u00a0\u00a0\u00a0\u00a0\u00a0\u00a0\u00a0\u00a0 Gatomotos Fueluniverse<\/strong><\/p>\n<p><strong>Ya pueden ver el tr\u00e1iler del cap\u00edtulo 1 el 13 de Octubre y el primer cap\u00edtulo el 14 de Octubre.<\/strong><\/p>\n<div style=\"width: 640px;\" class=\"wp-video\"><!--[if lt IE 9]><script>document.createElement('video');<\/script><![endif]-->\n<video class=\"wp-video-shortcode\" id=\"video-61002-1\" width=\"640\" height=\"360\" preload=\"metadata\" controls=\"controls\"><source type=\"video\/mp4\" src=\"http:\/\/www.crossprensa.com.ar\/news\/wp-content\/uploads\/2022\/10\/Trailer-Expedicion-Acerbis-4.mp4?_=1\" \/><a href=\"http:\/\/www.crossprensa.com.ar\/news\/wp-content\/uploads\/2022\/10\/Trailer-Expedicion-Acerbis-4.mp4\">http:\/\/www.crossprensa.com.ar\/news\/wp-content\/uploads\/2022\/10\/Trailer-Expedicion-Acerbis-4.mp4<\/a><\/video><\/div>\n","protected":false},"excerpt":{"rendered":"<p>La historia es conocida, los rugbiers uruguayos que cayeron en los Andes, y este homenaje&#8230;<\/p>\n","protected":false},"author":2,"featured_media":0,"comment_status":"open","ping_status":"open","sticky":false,"template":"","format":"standard","meta":{"om_disable_all_campaigns":false,"_monsterinsights_skip_tracking":false,"_monsterinsights_sitenote_active":false,"_monsterinsights_sitenote_note":"","_monsterinsights_sitenote_category":0,"_uf_show_specific_survey":0,"_uf_disable_surveys":false,"footnotes":""},"categories":[37,13],"tags":[],"class_list":["post-61002","post","type-post","status-publish","format-standard","hentry","category-crossprensa","category-historia"],"aioseo_notices":[],"_links":{"self":[{"href":"https:\/\/www.crossprensa.com.ar\/news\/wp-json\/wp\/v2\/posts\/61002","targetHints":{"allow":["GET"]}}],"collection":[{"href":"https:\/\/www.crossprensa.com.ar\/news\/wp-json\/wp\/v2\/posts"}],"about":[{"href":"https:\/\/www.crossprensa.com.ar\/news\/wp-json\/wp\/v2\/types\/post"}],"author":[{"embeddable":true,"href":"https:\/\/www.crossprensa.com.ar\/news\/wp-json\/wp\/v2\/users\/2"}],"replies":[{"embeddable":true,"href":"https:\/\/www.crossprensa.com.ar\/news\/wp-json\/wp\/v2\/comments?post=61002"}],"version-history":[{"count":1,"href":"https:\/\/www.crossprensa.com.ar\/news\/wp-json\/wp\/v2\/posts\/61002\/revisions"}],"predecessor-version":[{"id":61007,"href":"https:\/\/www.crossprensa.com.ar\/news\/wp-json\/wp\/v2\/posts\/61002\/revisions\/61007"}],"wp:attachment":[{"href":"https:\/\/www.crossprensa.com.ar\/news\/wp-json\/wp\/v2\/media?parent=61002"}],"wp:term":[{"taxonomy":"category","embeddable":true,"href":"https:\/\/www.crossprensa.com.ar\/news\/wp-json\/wp\/v2\/categories?post=61002"},{"taxonomy":"post_tag","embeddable":true,"href":"https:\/\/www.crossprensa.com.ar\/news\/wp-json\/wp\/v2\/tags?post=61002"}],"curies":[{"name":"wp","href":"https:\/\/api.w.org\/{rel}","templated":true}]}}