{"id":60860,"date":"2022-10-01T09:26:14","date_gmt":"2022-10-01T12:26:14","guid":{"rendered":"http:\/\/www.crossprensa.com.ar\/news\/?p=60860"},"modified":"2022-10-01T09:26:14","modified_gmt":"2022-10-01T12:26:14","slug":"mxgp-y-ama-mx-juntos","status":"publish","type":"post","link":"https:\/\/www.crossprensa.com.ar\/news\/mxgp-y-ama-mx-juntos\/mxgp\/","title":{"rendered":"MXGP Y AMA MX JUNTOS???"},"content":{"rendered":"<p><strong>Con motivo del Motocross de las Naciones habl\u00e1bamos de la existencia de un proyecto que deber\u00eda llegar en los pr\u00f3ximos a\u00f1os\u2026\u2026 Se trata de la posible realizaci\u00f3n de una carrera \u201cGP\/NACIONAL\u201d encaminada a reunir pilotos AMA y MXGP .<\/strong><\/p>\n<p><!--more--><\/p>\n<p><a href=\"https:\/\/www.instagram.com\/avantmotos_oficial\/?hl=en\"><img fetchpriority=\"high\" decoding=\"async\" class=\"alignnone wp-image-60670 size-full\" src=\"http:\/\/www.crossprensa.com.ar\/news\/wp-content\/uploads\/2022\/09\/Cascos-1.gif\" alt=\"\" width=\"1200\" height=\"108\" \/><\/a><\/p>\n<p>Los rumores son fuertes: MX Sports, con el promotor estadounidense de motocross Davey Coombs, e Infront Moto Racing, el promotor mundial de MXGP a trav\u00e9s de David Luongo, est\u00e1n trabajando en una conjunci\u00f3n que no tendr\u00eda precedentes.\u00a0De hecho, se tratar\u00eda de unir fuerzas para organizar un evento h\u00edbrido AMA\/MXGP, v\u00e1lido para ambos campeonatos.\u00a0Este evento podr\u00eda reunir a los 20 mejores pilotos de cada categor\u00eda (MX2 con 250MX y MXGP con 450MX), los pilotos presentes sumar\u00edan los puntos de este evento en sus respectivos campeonatos.<\/p>\n<p><a href=\"https:\/\/foxracing.ar\/\"><img decoding=\"async\" class=\"alignnone wp-image-60651 size-full\" src=\"http:\/\/www.crossprensa.com.ar\/news\/wp-content\/uploads\/2022\/09\/1200x100-Fox-1.jpg\" alt=\"\" width=\"5001\" height=\"418\" \/><\/a><\/p>\n<p>Davey Coombs &amp; David Luongo en persona estar\u00edan al frente de tal proyecto, se trata de una iniciativa en construcci\u00f3n en la que la FIM y la AMA est\u00e1n enfrascadas en una guerra &#8220;territorial&#8221; m\u00e1s por la llegada de un nuevo campeonato que est\u00e1 logrando muchas discusiones: el Supercross mundial que colisionar\u00eda directamente con los campeonatos estadounidenses.<\/p>\n<p>El \u00faltimo Gran Premio de Estados Unidos tuvo lugar en 2017, con una carrera final en el WW Ranch en Jacksonville.\u00a0El GP de EE. UU. tuvo solo unos pocos pilotos de AMA en cada edici\u00f3n y esta nueva f\u00f3rmula h\u00edbrida que cuenta tanto para el campeonato MXGP como para el campeonato AMA garantizar\u00eda ver a los mejores estadounidenses y europeos luchar en un evento \u00fanico que podr\u00eda entonces convertirse en lo m\u00e1s destacado de la temporada de Motocross para los aficionados;\u00a0una versi\u00f3n mejorada del Motocross de las Naciones, ser\u00eda un Am\u00e9rica VS Europa.<\/p>\n<p><a href=\"https:\/\/www.instagram.com\/mdcalcos\/?hl=en\"><img decoding=\"async\" class=\"alignnone wp-image-60533 size-full\" src=\"http:\/\/www.crossprensa.com.ar\/news\/wp-content\/uploads\/2022\/09\/Sin-t\u00edtulo-7052.jpg\" alt=\"\" width=\"1584\" height=\"127\" \/><\/a><\/p>\n<p>Este proyecto est\u00e1 solo en sus inicios, pero se especula que este evento se llevar\u00e1 a cabo en los EE. UU., ya que tendr\u00e1 que complementar el calendario del campeonato nacional AMA.<\/p>\n<p><strong>Davey Coombs, director ejecutivo de MX Sports:<\/strong>\u201cCon David Luongo, estamos trabajando en algo muy, muy interesante.\u00a0No ser\u00e1 para 2023 porque hay muchas cosas que arreglar para que esto funcione, pero puedo decirles que ambos estamos extremadamente emocionados.\u00a0Este proyecto es algo que todos siempre han querido, que todos los fan\u00e1ticos del motocross siempre han querido.\u00a0No queremos perturbar el Motocross de las Naciones, este evento funciona, es una fiesta, un encuentro.\u00a0Entonces estamos tratando de encontrar la manera de hacer algo sin venir a competir con el Motocross of Nations, organizando un evento diferente que podamos integrar al campeonato MXGP y al campeonato AMA Pro Motocross, algo que no le quita nada a uno o el otro campeonato. .\u00a0Por lo tanto, tendr\u00edamos un segundo evento para celebrar cada a\u00f1o.\u00a0Giuseppe nos contact\u00f3 despu\u00e9s de Maggiora en 2016,\u00a0empezamos a trabajar juntos y ahora me he convertido en un muy buen amigo de David Luongo, compartimos la misma visi\u00f3n que los aficionados.\u00a0Como hincha, un d\u00eda tuvimos la idea de juntar las dos ligas de una forma u otra, y me dec\u00edan \u201ctienes que organizar esto, tienes que hacerlo\u201d.\u00a0Pens\u00e9 que nunca suceder\u00eda, pero las cosas han cambiado desde entonces y estamos trabajando en ello.\u00a0Hay muchas cosas en las que tendremos que trabajar, \u00a1pero eso ser\u00eda realmente excelente!\u00a0&#8221;\u00a0Hay muchas cosas en las que tendremos que trabajar, \u00a1pero eso ser\u00eda realmente excelente!\u00a0&#8221;\u00a0Hay muchas cosas en las que tendremos que trabajar, \u00a1pero eso ser\u00eda realmente excelente!\u00a0&#8221;<\/p>\n<p><a href=\"https:\/\/globalparts.ar\/\"><img loading=\"lazy\" decoding=\"async\" class=\"alignnone wp-image-60521 size-full\" src=\"http:\/\/www.crossprensa.com.ar\/news\/wp-content\/uploads\/2022\/09\/1200x100-Global-Parts.jpg\" alt=\"\" width=\"5001\" height=\"418\" \/><\/a><\/p>\n<p><strong>As\u00ed que ahora nos queda esperar, porque habr\u00e1 el Mundial de Supercross, luego el AMA SX, mas las novedades internacionales en Argentina, el MXGP y\u00a0 parece que habr\u00e1 muchos eventos\u2026 Est\u00e9n atentos\u2026.<\/strong><\/p>\n","protected":false},"excerpt":{"rendered":"<p>Con motivo del Motocross de las Naciones habl\u00e1bamos de la existencia de un proyecto que&#8230;<\/p>\n","protected":false},"author":2,"featured_media":0,"comment_status":"open","ping_status":"open","sticky":false,"template":"","format":"standard","meta":{"om_disable_all_campaigns":false,"_monsterinsights_skip_tracking":false,"_monsterinsights_sitenote_active":false,"_monsterinsights_sitenote_note":"","_monsterinsights_sitenote_category":0,"_uf_show_specific_survey":0,"_uf_disable_surveys":false,"footnotes":""},"categories":[25,37,24],"tags":[],"class_list":["post-60860","post","type-post","status-publish","format-standard","hentry","category-ama-motocross","category-crossprensa","category-mxgp"],"aioseo_notices":[],"_links":{"self":[{"href":"https:\/\/www.crossprensa.com.ar\/news\/wp-json\/wp\/v2\/posts\/60860","targetHints":{"allow":["GET"]}}],"collection":[{"href":"https:\/\/www.crossprensa.com.ar\/news\/wp-json\/wp\/v2\/posts"}],"about":[{"href":"https:\/\/www.crossprensa.com.ar\/news\/wp-json\/wp\/v2\/types\/post"}],"author":[{"embeddable":true,"href":"https:\/\/www.crossprensa.com.ar\/news\/wp-json\/wp\/v2\/users\/2"}],"replies":[{"embeddable":true,"href":"https:\/\/www.crossprensa.com.ar\/news\/wp-json\/wp\/v2\/comments?post=60860"}],"version-history":[{"count":2,"href":"https:\/\/www.crossprensa.com.ar\/news\/wp-json\/wp\/v2\/posts\/60860\/revisions"}],"predecessor-version":[{"id":60864,"href":"https:\/\/www.crossprensa.com.ar\/news\/wp-json\/wp\/v2\/posts\/60860\/revisions\/60864"}],"wp:attachment":[{"href":"https:\/\/www.crossprensa.com.ar\/news\/wp-json\/wp\/v2\/media?parent=60860"}],"wp:term":[{"taxonomy":"category","embeddable":true,"href":"https:\/\/www.crossprensa.com.ar\/news\/wp-json\/wp\/v2\/categories?post=60860"},{"taxonomy":"post_tag","embeddable":true,"href":"https:\/\/www.crossprensa.com.ar\/news\/wp-json\/wp\/v2\/tags?post=60860"}],"curies":[{"name":"wp","href":"https:\/\/api.w.org\/{rel}","templated":true}]}}