{"id":6061,"date":"2014-11-14T15:36:54","date_gmt":"2014-11-14T18:36:54","guid":{"rendered":"http:\/\/www.crossprensa.com.ar\/news\/?p=6061"},"modified":"2014-11-14T15:36:54","modified_gmt":"2014-11-14T18:36:54","slug":"sx-paris-lille-primer-video","status":"publish","type":"post","link":"https:\/\/www.crossprensa.com.ar\/news\/sx-paris-lille-primer-video\/sin-categoria\/","title":{"rendered":"SX PARIS-LILLE, primer video."},"content":{"rendered":"<p>Comienzan las grandes im\u00e1genes, de un gran espect\u00e1culo. Paris Lille va a ser ENORME este fin de semana y tanto S\u00e1bado como Domingo lo tendr\u00e1n EN VIVO por CROSSPRENSA.<\/p>\n<p><!--more--><\/p>\n<p><iframe src=\"\/\/www.dailymotion.com\/embed\/video\/x2a6svw\" width=\"480\" height=\"270\" frameborder=\"0\" allowfullscreen=\"allowfullscreen\"><\/iframe><br \/>\n<a href=\"http:\/\/www.dailymotion.com\/video\/x2a6svw_supercross-de-paris-lille-press-day_auto\" target=\"_blank\">Supercross de Paris-Lille, Press Day<\/a> <i>por <a href=\"http:\/\/www.dailymotion.com\/moto-verte\" target=\"_blank\">moto-verte<\/a><\/i><\/p>\n","protected":false},"excerpt":{"rendered":"<p>Comienzan las grandes im\u00e1genes, de un gran espect\u00e1culo. Paris Lille va a ser ENORME este&#8230;<\/p>\n","protected":false},"author":2,"featured_media":0,"comment_status":"open","ping_status":"open","sticky":false,"template":"","format":"standard","meta":{"om_disable_all_campaigns":false,"_monsterinsights_skip_tracking":false,"_uf_show_specific_survey":0,"_uf_disable_surveys":false,"footnotes":""},"categories":[1],"tags":[5],"class_list":["post-6061","post","type-post","status-publish","format-standard","hentry","category-sin-categoria","tag-slice"],"aioseo_notices":[],"_links":{"self":[{"href":"https:\/\/www.crossprensa.com.ar\/news\/wp-json\/wp\/v2\/posts\/6061","targetHints":{"allow":["GET"]}}],"collection":[{"href":"https:\/\/www.crossprensa.com.ar\/news\/wp-json\/wp\/v2\/posts"}],"about":[{"href":"https:\/\/www.crossprensa.com.ar\/news\/wp-json\/wp\/v2\/types\/post"}],"author":[{"embeddable":true,"href":"https:\/\/www.crossprensa.com.ar\/news\/wp-json\/wp\/v2\/users\/2"}],"replies":[{"embeddable":true,"href":"https:\/\/www.crossprensa.com.ar\/news\/wp-json\/wp\/v2\/comments?post=6061"}],"version-history":[{"count":1,"href":"https:\/\/www.crossprensa.com.ar\/news\/wp-json\/wp\/v2\/posts\/6061\/revisions"}],"predecessor-version":[{"id":6063,"href":"https:\/\/www.crossprensa.com.ar\/news\/wp-json\/wp\/v2\/posts\/6061\/revisions\/6063"}],"wp:attachment":[{"href":"https:\/\/www.crossprensa.com.ar\/news\/wp-json\/wp\/v2\/media?parent=6061"}],"wp:term":[{"taxonomy":"category","embeddable":true,"href":"https:\/\/www.crossprensa.com.ar\/news\/wp-json\/wp\/v2\/categories?post=6061"},{"taxonomy":"post_tag","embeddable":true,"href":"https:\/\/www.crossprensa.com.ar\/news\/wp-json\/wp\/v2\/tags?post=6061"}],"curies":[{"name":"wp","href":"https:\/\/api.w.org\/{rel}","templated":true}]}}