{"id":60436,"date":"2022-08-29T18:48:10","date_gmt":"2022-08-29T21:48:10","guid":{"rendered":"http:\/\/www.crossprensa.com.ar\/news\/?p=60436"},"modified":"2022-08-29T18:48:35","modified_gmt":"2022-08-29T21:48:35","slug":"isde-2022-video-y-el-trabajo-de-carla-scaglioni","status":"publish","type":"post","link":"https:\/\/www.crossprensa.com.ar\/news\/isde-2022-video-y-el-trabajo-de-carla-scaglioni\/isde\/","title":{"rendered":"ISDE 2022 &#8211; VIDEO! Y el trabajo de Carla Scaglioni!"},"content":{"rendered":"<p>Arrancaron los ISDE 2022 que hasta el S\u00e1bado 3 de Septiembre nos tendr\u00e1n atentos al trabajo de la piloto argentina, nacida en La Rioja, Carla Scaglioni.<\/p>\n<p><strong>La edici\u00f3n 96 de los FIM International Six Days of Enduro (ISDE) est\u00e1 en marcha, con Espa\u00f1a a la cabeza del equipo World Trophy el primer d\u00eda en Le Puy-En-Velay, Francia.<\/strong><\/p>\n<p><!--more--><\/p>\n<div>\n<p class=\"Body\">Todo se debi\u00f3 a la seriedad de las carreras para los competidores de treinta y dos pa\u00edses en la FIM ISDE de este a\u00f1o.\u00a0Un sol glorioso dio la bienvenida a aquellos con una hora de salida temprana esta ma\u00f1ana cuando largaron de la rampa de salida por primera vez.<\/p>\n<\/div>\n<div>\n<p class=\"Body\">Inmediatamente marcando el ritmo, el espa\u00f1ol Josep Garc\u00eda (KTM) se puso al frente al marcar el tiempo m\u00e1s r\u00e1pido en la primera de las cinco especiales del d\u00eda.\u00a0El piloto de KTM no estuvo paseando hoy y domin\u00f3 las cinco especiales.<\/p>\n<\/div>\n<div>\n<p class=\"Body\">El fuerte apoyo de sus compa\u00f1eros de equipo asegur\u00f3 que Espa\u00f1a liderara la clasificaci\u00f3n del World Trophy por veintid\u00f3s segundos al final del primer d\u00eda.<\/p>\n<\/div>\n<div>\n<p class=\"Body\">\u201c\u00a0<i>Gan\u00e9 todas las pruebas de hoy, as\u00ed que ha sido un gran comienzo de semana<\/i>\u00a0\u201d, dijo Garc\u00eda al final del primer d\u00eda.\u00a0\u201c\u00a0<i>Solo trat\u00e9 de ser inteligente con mi conducci\u00f3n y empujar a un nivel c\u00f3modo.\u00a0Estoy feliz de haber obtenido un resultado como ese el primer d\u00eda.<\/i><\/p>\n<\/div>\n<div>\n<p class=\"Body\">\u201c\u00a0<i>En general, es brillante liderar la clasificaci\u00f3n del World Trophy con Espa\u00f1a.\u00a0Estamos realmente motivados por esto y queremos enorgullecer a nuestro pa\u00eds<\/i>\u00a0\u201d.<\/p>\n<\/div>\n<div>\n<p class=\"Body\">Si bien Espa\u00f1a logr\u00f3 una ventaja temprana, detr\u00e1s de ellos, Italia y Gran Breta\u00f1a est\u00e1n separados por solo fracciones de segundo.\u00a0Italia, en segundo lugar, est\u00e1 a solo tres cent\u00e9simas de segundo por delante de Gran Breta\u00f1a.<\/p>\n<\/div>\n<div>\n<p class=\"Body\">Cuatro segundos m\u00e1s detr\u00e1s de Gran Breta\u00f1a est\u00e1n los Estados Unidos en cuarto lugar.\u00a0Estados Unidos ocupa un lugar destacado en los resultados individuales generales y buscar\u00e1 cerrar esa brecha con Italia y Gran Breta\u00f1a en el segundo d\u00eda.<\/p>\n<\/div>\n<div>\n<p class=\"Body\">Los favoritos locales, Francia, tuvieron su FIM ISDE con un comienzo s\u00f3lido en el primer d\u00eda, terminando quintos en la general.\u00a0Sin embargo, ya est\u00e1n a un minuto del l\u00edder Espa\u00f1a y tendr\u00e1n que luchar ma\u00f1ana.<\/p>\n<\/div>\n<div>\n<p class=\"Body\">Las posiciones sexta a d\u00e9cima est\u00e1n un poco m\u00e1s dispersas.\u00a0Impulsado por Mikael Persson (Husqvarna) que termin\u00f3 su d\u00eda en tercer lugar en la general, Suecia es sexto.<\/p>\n<\/div>\n<div>\n<p class=\"Body\">Australia y B\u00e9lgica terminaron el primer d\u00eda en s\u00e9ptimo y octavo respectivamente.\u00a0Completando las diez primeras naciones del World Trophy est\u00e1n Finlandia y Polonia.<\/p>\n<p><img fetchpriority=\"high\" decoding=\"async\" class=\"alignnone size-full wp-image-60438\" src=\"http:\/\/www.crossprensa.com.ar\/news\/wp-content\/uploads\/2022\/08\/WhatsApp-Image-23022-08-28-at-5.02.06-PM.jpeg\" alt=\"\" width=\"2091\" height=\"895\" \/><\/p>\n<\/div>\n<h3 style=\"text-align: center;\"><span style=\"color: #0000ff;\"><em><strong>10 y 11 de Septiembre, LA CARRERA DE ENDURO MAS GRANDE&#8230; click en el banner.<\/strong><\/em><\/span><\/h3>\n<p><a href=\"https:\/\/www.instagram.com\/enduro.federacion\/\"><img decoding=\"async\" class=\"alignnone wp-image-59699 size-full\" src=\"http:\/\/www.crossprensa.com.ar\/news\/wp-content\/uploads\/2022\/07\/Sin-t\u00edtulo-7085.jpg\" alt=\"\" width=\"1283\" height=\"110\" \/><\/a><\/p>\n<p><iframe title=\"ISDE 2022 France | Day 1 Highlights | the FIM International Six Days of Enduro\" width=\"640\" height=\"360\" src=\"https:\/\/www.youtube.com\/embed\/g0vOrHFng84?feature=oembed\" frameborder=\"0\" allow=\"accelerometer; autoplay; clipboard-write; encrypted-media; gyroscope; picture-in-picture; web-share\" referrerpolicy=\"strict-origin-when-cross-origin\" allowfullscreen><\/iframe><\/p>\n","protected":false},"excerpt":{"rendered":"<p>Arrancaron los ISDE 2022 que hasta el S\u00e1bado 3 de Septiembre nos tendr\u00e1n atentos al&#8230;<\/p>\n","protected":false},"author":2,"featured_media":60437,"comment_status":"open","ping_status":"open","sticky":false,"template":"","format":"standard","meta":{"om_disable_all_campaigns":false,"_monsterinsights_skip_tracking":false,"_monsterinsights_sitenote_active":false,"_monsterinsights_sitenote_note":"","_monsterinsights_sitenote_category":0,"_uf_show_specific_survey":0,"_uf_disable_surveys":false,"footnotes":""},"categories":[39],"tags":[],"class_list":["post-60436","post","type-post","status-publish","format-standard","has-post-thumbnail","hentry","category-isde"],"aioseo_notices":[],"_links":{"self":[{"href":"https:\/\/www.crossprensa.com.ar\/news\/wp-json\/wp\/v2\/posts\/60436","targetHints":{"allow":["GET"]}}],"collection":[{"href":"https:\/\/www.crossprensa.com.ar\/news\/wp-json\/wp\/v2\/posts"}],"about":[{"href":"https:\/\/www.crossprensa.com.ar\/news\/wp-json\/wp\/v2\/types\/post"}],"author":[{"embeddable":true,"href":"https:\/\/www.crossprensa.com.ar\/news\/wp-json\/wp\/v2\/users\/2"}],"replies":[{"embeddable":true,"href":"https:\/\/www.crossprensa.com.ar\/news\/wp-json\/wp\/v2\/comments?post=60436"}],"version-history":[{"count":2,"href":"https:\/\/www.crossprensa.com.ar\/news\/wp-json\/wp\/v2\/posts\/60436\/revisions"}],"predecessor-version":[{"id":60440,"href":"https:\/\/www.crossprensa.com.ar\/news\/wp-json\/wp\/v2\/posts\/60436\/revisions\/60440"}],"wp:featuredmedia":[{"embeddable":true,"href":"https:\/\/www.crossprensa.com.ar\/news\/wp-json\/wp\/v2\/media\/60437"}],"wp:attachment":[{"href":"https:\/\/www.crossprensa.com.ar\/news\/wp-json\/wp\/v2\/media?parent=60436"}],"wp:term":[{"taxonomy":"category","embeddable":true,"href":"https:\/\/www.crossprensa.com.ar\/news\/wp-json\/wp\/v2\/categories?post=60436"},{"taxonomy":"post_tag","embeddable":true,"href":"https:\/\/www.crossprensa.com.ar\/news\/wp-json\/wp\/v2\/tags?post=60436"}],"curies":[{"name":"wp","href":"https:\/\/api.w.org\/{rel}","templated":true}]}}