{"id":60381,"date":"2022-08-29T09:58:05","date_gmt":"2022-08-29T12:58:05","guid":{"rendered":"http:\/\/www.crossprensa.com.ar\/news\/?p=60381"},"modified":"2022-08-29T09:58:05","modified_gmt":"2022-08-29T12:58:05","slug":"campeonato-mundial-junior-65cc-85cc-y-125cc-coronaron-campeones","status":"publish","type":"post","link":"https:\/\/www.crossprensa.com.ar\/news\/campeonato-mundial-junior-65cc-85cc-y-125cc-coronaron-campeones\/mxgp\/","title":{"rendered":"CAMPEONATO MUNDIAL JUNIOR: 65cc., 85cc., y 125cc. Coronaron campeones!"},"content":{"rendered":"<p>Todo Dos Tiempos, con las categor\u00edas que tambi\u00e9n son habituales en Argentina como la 65 y la 85cc., MAS LA QUE NOS FALTA a nivel nacional que es la 125cc., pero que comenzar\u00e1 en el campeonato cordob\u00e9s en la pr\u00f3xima carrera en Pilar y ah\u00ed se espera gran cantidad de pilotos!<\/p>\n<p>Aqui todo lo que pas\u00f3 en Finlandia con el <strong>MUNDIAL JUNIOR FIM y el MXoN JUNIOR.<\/strong><\/p>\n<p><!--more--><\/p>\n<p><img decoding=\"async\" src=\"https:\/\/results.mxgp.com\/images\/2022\/head3761.jpg\" width=\"600\" border=\"0\" \/><br \/>\n<img decoding=\"async\" src=\"https:\/\/www.mxgp.com\/sites\/default\/files\/news\/image\/START-1-JUNIOR-125-MOTOCROSS-GP-23-JUN-FIN-2022.jpg\" width=\"600\" border=\"0\" \/><\/p>\n<p><strong><span style=\"font-family: Arial; font-size: small;\">Los campeones del mundo de motocross junior de la FIM de 2022 y el ganador de la Copa del Mundo han sido coronados en Vantaa, Finlandia, despu\u00e9s de una re\u00f1ida carrera en la que Ivano Van Erp se coron\u00f3 como el campe\u00f3n mundial junior de 125 cc de este a\u00f1o, mientras que Gyan Doensen se convirti\u00f3 en el junior de 85 cc. Campe\u00f3n del Mundo y Lucas Leok gan\u00f3 la Copa del Mundo de 65cc&#8230;&#8221;<\/span><\/strong><\/p>\n<div class=\"e-news-extend\">\n<p><span>En la clasificaci\u00f3n de las naciones, fue el equipo de EE. UU. quien obtuvo la victoria, terminando en lo mas alto del podio por delante de Finlandia y el equipo de Holanda.<\/span><\/p>\n<p><center><img decoding=\"async\" src=\"https:\/\/www.mxgp.com\/sites\/default\/files\/images\/Images%20for%20PR\/MX125-JUNIOR_RGB.jpg\" width=\"100\" border=\"0\" \/><\/center><span>En la primera carrera de 125cc, Ivano Van Erp lider\u00f3 el camino despu\u00e9s de obtener el Fox Holeshot por delante de Casey Cochran y Cas Valk.\u00a0Hubo algunos pilotos que se fueron al suelo en la primera curva, entre ellos tambi\u00e9n Edgar Canet.\u00a0En la tercera vuelta, Valk y Janis Martins Reisulis superaron a Cochran.\u00a0Valk continu\u00f3 su carga y se agarr\u00f3 a la rueda trasera de Van Erp al final de la carrera, aunque Van Erp pudo mantener a raya el EMX125 Presentado por FMF Racing Champion, para ganar la carrera, mientras que Valk se conform\u00f3 con el segundo lugar por delante de J. Reisulis que fue tercero.<\/span><\/p>\n<p><span>En la carrera dos, el Fox Holeshot fue para J. Reisulis mientras lideraba por delante de Mathias Valin, Alexis Fueri, Van Erp y Valk.\u00a0A medida que avanzaba la carrera, Van Erp y Valk sortearon a Valin con Cochran y Ferruccio Zanchi justo detr\u00e1s.\u00a0Al final, J. Reisulis gan\u00f3 la carrera 6,995 segundos por delante de Van Erp y Valk, que estaba 13 segundos m\u00e1s atr\u00e1s.<\/span><\/p>\n<p><span>Una victoria en la carrera inicial y un segundo lugar en la carrera dos significaron que Ivano Van Erp fue coronado oficialmente como el Campe\u00f3n Mundial Junior FIM de 125cc y asegur\u00f3 la medalla de oro, mientras que el ganador de la carrera dos, Janis Martins Reisulis, asegur\u00f3 la plata y Cas Valk se llev\u00f3 a casa la medalla de bronce.<\/span><\/p>\n<p><center><img decoding=\"async\" src=\"https:\/\/www.mxgp.com\/sites\/default\/files\/images\/PODIUM-2-JUNIOR-125-MOTOCROSS-GP-23-JUN-FIN-2022.jpg\" width=\"600\" border=\"0\" \/><center><\/center><span>Foto: Podio del Campeonato del Mundo con Antonio Alias Portela,\u00a0director de la FIM\/CMS<\/span><\/p>\n<p><span>Campe\u00f3n del Mundo Junior de 125cc,<strong> Ivano Van Erp<\/strong>: \u201cMe siento realmente bien en este momento!\u00a0Tuve un gran accidente el mi\u00e9rcoles, as\u00ed que no pude entrenar en mi moto.\u00a0Este fin de semana reci\u00e9n pude subirme despu\u00e9s del accidente y estaba luchando un poco con las sensaciones sobre la moto.\u00a0En la primera carrera, hice una buena largada y control\u00e9 la carrera yo solo.\u00a0En la segunda carrera sal\u00ed sexto o s\u00e9ptimo y luego comet\u00ed un peque\u00f1o error en la primera curva.\u00a0Luego tom\u00e9 el segundo lugar y fui m\u00e1s r\u00e1pido que Janis [Reisulis] al final, pero me lo tom\u00e9 con calma, no presion\u00e9, me qued\u00e9 segundo y me convert\u00ed en Campe\u00f3n del Mundo\u201d.<\/span><\/p>\n<p><span><strong>Campeonato del Mundo J\u00fanior de 125cc &#8211; Carrera 1<\/strong> &#8211; Clasificaci\u00f3n Top 10: 1. Ivano Van Erp (NED, Yamaha), 29:26.078;\u00a02. Cas Valk (NED, Fantic), +0:07.920;\u00a03. Janis Martins Reisulis (LAT, KTM), +0:14.934;\u00a04. Julius Mikula (CZE, KTM), +0:22.807;\u00a05. Karlis Alberts Reisulis (LAT, Yamaha), +0:29.625;\u00a06. Mathis Valin (FRA, GASGAS), +0:31.922;\u00a07. Casey Cochran (EE. UU., Husqvarna), +0:32.880;\u00a08. Francisco Garc\u00eda (ESP, GASGAS), +0:33.688;\u00a09. Kayden Minear (AUS, KTM), +0:40.505;\u00a010. Saku Mansikkam\u00e4ki (FIN, Husqvarna), +0:52.767;<\/span><\/p>\n<p><strong>125cc Junior World Championship &#8211; Race 2<\/strong> \u2013 Top 10 Classification: 1. Janis Martins Reisulis (LAT, KTM), 29:15.458; 2. Ivano Van Erp (NED, Yamaha), +0:06.995; 3. Cas Valk (NED, Fantic), +0:19.521; 4. Casey Cochran (USA, Husqvarna), +0:32.389; 5. Alexis Fueri (FRA, Fantic), +0:34.934; 6. Ferruccio Zanchi (ITA, Yamaha), +0:42.066; 7. Laban Alm (SWE, Husqvarna), +0:43.661; 8. Kayden Minear (AUS, KTM), +0:45.954; 9. Julius Mikula (CZE, KTM), +0:49.380; 10. Francisco Garcia (ESP, GASGAS), +0:54.831;<\/p>\n<p><span><strong>125cc Junior World Championship Top 10 clasificaciones generales:<\/strong> 1. Ivano Van Erp (NED, YAM), 47 puntos;\u00a02. Janis Martins Reisulis (LAT, KTM), 45 p.;\u00a03. Cas Valk (NED, FAN), 42 p.;\u00a04. Casey Cochran (EE. UU., HUS), 32 p.;\u00a05. Julius Mikula (CZE, KTM), 30p.;\u00a06. Ferruccio Zanchi (ITA, YAM), 25 p.;\u00a07. Kayden Minear (AUS, KTM), 25 p\u00e1gs.;\u00a08. Francisco Garc\u00eda (ESP, GAS), 24 p.;\u00a09. Alexis Fueri (FRA, FAN), 23 p.;\u00a010. Laban Alm (SWE, HUS), 23 p.;<\/span><\/p>\n<p><center><img decoding=\"async\" src=\"https:\/\/www.mxgp.com\/sites\/default\/files\/images\/Images%20for%20PR\/MX85-JUNIOR_RGB.jpg\" width=\"100\" border=\"0\" \/><\/center><center><img decoding=\"async\" src=\"https:\/\/www.mxgp.com\/sites\/default\/files\/images\/PODIUM-1-JUNIOR-85-MOTOCROSS-GP-23-JUN-FIN-2022.jpg\" width=\"600\" border=\"0\" \/><\/center><span>En la primera carrera de 85 cc, el Fox Holeshot fue para Mano Faure, mientras que Gyan Doensen tuvo un comienzo decente mientras se abr\u00eda camino hasta el segundo puesto.\u00a0Jarn\u00e9 Bervoets fue l\u00edder durante cinco vueltas hasta que cometi\u00f3 un error que permiti\u00f3 a Doensen ponerse en cabeza.\u00a0Bervoets luego se cay\u00f3, lo que tambi\u00e9n permiti\u00f3 a Vitezslav Marek llegar tercero.\u00a0Marek tuvo que remontar desde la s\u00e9ptima posici\u00f3n despu\u00e9s de un comienzo en la mitad de la parrilla.<\/span><\/p>\n<p><span>En la segunda carrera, el Fox Holeshot fue ganado por Filippo Mantovani, pero su tiempo en la punta se vio interrumpido porque Doensen se apresur\u00f3 a tomar el primer lugar en la segunda curva.\u00a0Marek tambi\u00e9n estaba all\u00ed, siguiendo al holand\u00e9s mientras los dos luchaban de cerca.\u00a0Marek empuj\u00f3 con fuerza, buscando cualquier oportunidad para pasar, y despu\u00e9s de 11 minutos de carrera, finalmente pudo sortear a Doensen y tomar la delantera.\u00a0Marek parec\u00eda tener el control hasta la pen\u00faltima vuelta donde se cae, lo que le dio la victoria en la carrera y el t\u00edtulo a Doensen.\u00a0Bervoets termin\u00f3 tercero.<\/span><\/p>\n<p><span>Un resultado de 1-1 signific\u00f3 que Gyan Doensen fue coronado Campe\u00f3n del Mundo de Motocross Junior FIM de 85cc de 2022 por delante de Vitezslav Marek, que ocup\u00f3 el segundo lugar y Jarn\u00e9 Bervoets, que ocup\u00f3 el tercer lugar en la general y asegur\u00f3 la medalla de bronce.<\/span><\/p>\n<p><center><img decoding=\"async\" src=\"https:\/\/www.mxgp.com\/sites\/default\/files\/images\/DOENSEN-SUN-MOTOCROSS-GP-23-JUN-FIN-2022.jpg\" width=\"600\" border=\"0\" \/><\/center><center><img decoding=\"async\" src=\"https:\/\/www.mxgp.com\/sites\/default\/files\/images\/MAREK-MOTOCROSS-GP-23-JUN-FIN-2022.jpg\" width=\"600\" border=\"0\" \/><\/center><span>Foto superior: Podio del Campeonato del Mundo Junior FIM de 85cc<\/span><br \/>\n<span>Fotos inferiores: 1. Gyan Doensen 2. Vitezslav Marek<\/span><br \/>\n<span><strong>Campe\u00f3n del Mundo Junior de 85cc, Gyan Doensen:<\/strong> \u201cS\u00ed, ya sabes, estoy sin palabras.\u00a0Trabaj\u00e9 muy duro para esto y este a\u00f1o ten\u00eda que suceder, y sucedi\u00f3, \u00a1as\u00ed que estoy s\u00faper feliz!\u00a0Qued\u00e9 segundo en el Campeonato de Europa y ahora primero en el Campeonato del Mundo, as\u00ed que s\u00ed, estoy muy feliz.\u00a0Quiero dar las gracias a mi equipo por todo el esfuerzo y a mi familia y por supuesto amigos, a todos\u201d.<\/span><\/p>\n<p><span><strong>Campeonato del Mundo Junior FIM de 85cc &#8211; Carrera 1<\/strong> &#8211; Clasificaci\u00f3n Top 10: 1. Gyan Doensen (NED, Husqvarna), 25:21.453;\u00a02. Vitezslav Marek (CZE, KTM), +0:15.814;\u00a03. Jarne Bervoets (BEL, KTM), +0:19.217;\u00a04. Amaury Maindru (FRA, KTM), +0:37.805;\u00a05. Dani Heitink (NED, Husqvarna), +0:38.550;\u00a06. Tristen Mardo (EST, Husqvarna), +0:45.750;\u00a07. Erik Frisag\u00e5rd (SUE, KTM), +0:49.881;\u00a08. Freddie Bartlett (SUE, KTM), +0:50.243;\u00a09. Douwe Van Mechgelen (BEL, Husqvarna), +0:55.634;\u00a010. Landon Gibson (EE. UU., KTM), +0:57.898;<\/span><\/p>\n<p><span><strong>Campeonato Mundial Junior FIM 85cc &#8211; Carrera 2<\/strong> &#8211; Clasificaci\u00f3n Top 10: 1. Gyan Doensen (NED, Husqvarna), 25:00.890;\u00a02. Vitezslav Marek (CZE, KTM), +0:31.165;\u00a03. Jarne Bervoets (BEL, KTM), +0:34.745;\u00a04. Seth Dennis (EE. UU., KTM), +0:40.355;\u00a05. Freddie Bartlett (SUE, KTM), +0:41.959;\u00a06. Heath Fisher (AUS, Husqvarna), +0:43.816;\u00a07. Josh Vail (GBR, Husqvarna), +0:45.492;\u00a08. Ian Ampoorter (BEL, KTM), +0:49.916;\u00a09. Mat\u00edas Miettinen (FIN, KTM), +0:50.911;\u00a010. Tristen Mardo (EST, Husqvarna), +0:52.259;<\/span><\/p>\n<p><span><strong>85cc Junior World Championship Top 10 Clasificaci\u00f3n general:<\/strong> 1. Gyan Doensen (NED, HUS), 50 puntos;\u00a02. Vitezslav Marek (CZE, KTM), 44 p\u00e1gs.;\u00a03. Jarne Bervoets (BEL, KTM), 40 p\u00e1gs.;\u00a04. Freddie Bartlett (SWE, KTM), 29 p\u00e1gs.;\u00a05. Tristen Mardo (EST, HUS), 26 p.;\u00a06. Seth Dennis (EE. UU., KTM), 25 p\u00e1gs.;\u00a07. Heath Fisher (AUS, HUS), 25 p.;\u00a08. Dani Heitink (NED, HUS), 24 p.;\u00a09. Matias Miettinen (FIN, KTM), 20 p.;\u00a010. Amaury Maindru (FRA, KTM), 18 p\u00e1gs.;<\/span><\/p>\n<p><center><img decoding=\"async\" src=\"https:\/\/www.mxgp.com\/sites\/default\/files\/images\/Images%20for%20PR\/MX65-JUNIOR_RGB.jpg\" width=\"100\" border=\"0\" \/><\/center><center><img decoding=\"async\" src=\"https:\/\/www.mxgp.com\/sites\/default\/files\/images\/PODIUM-1-JUNIOPR-65-MOTOCROSS-GP-23-JUN-FIN-2022.jpg\" width=\"600\" border=\"0\" \/><\/center><span>En la primera carrera de 65cc, fue Enri Lusts quien tom\u00f3 el Fox Holeshot, aunque en la segunda curva fue adelantado por Lucas Leok, quien lider\u00f3 las siete vueltas completas de la carrera.\u00a0Lusts volvi\u00f3 a caer al puesto 12, mientras que cruzaron la l\u00ednea en segundo lugar Viktor Lepp\u00e4l\u00e4 y Moritz Ernecker, quienes terminaron terceros.<\/span><\/p>\n<p><span>La carrera dos vio a Lusts tomar el Fox Holeshot una vez m\u00e1s, aunque Andrea Uccellini lo pas\u00f3 r\u00e1pidamente.\u00a0Uccellini cometi\u00f3 un error que permiti\u00f3 a Eeka Laaksonen pasar al primer lugar, pero en ese momento Aston Allas y Leok tambi\u00e9n se estaban acercando. En la tercera vuelta, Allas y Leok pudieron pasar al l\u00edder.\u00a0Dos curvas despu\u00e9s, Allas se estrellaba y Leok era el nuevo l\u00edder de la carrera.\u00a0El joven estonio pudo abrir una buena brecha con el resto de los pilotos.\u00a0Por su parte Ricardo Bauer fue cuarto y estuvo a la carga.\u00a0El austriaco logr\u00f3 atrapar y pasar a Jorge Salvador y Pau Ruiz Caudet para terminar segundo y Leok volvi\u00f3 a ganar la carrera.<\/span><\/p>\n<p><span>Una puntuaci\u00f3n perfecta con dos victorias en la carrera signific\u00f3 que Lucas Leok fue coronado como el ganador de la Copa del Mundo de 65cc de 2022 con Ricardo Bauer asegurando la medalla de plata mientras que Moritz Ernecker reclam\u00f3 el bronce.<\/span><\/p>\n<p><center><img decoding=\"async\" src=\"https:\/\/www.mxgp.com\/sites\/default\/files\/images\/LEOK-MOTOCROSS-GP-23-JUN-FIN-2022(1).jpg\" width=\"600\" border=\"0\" \/><\/center><center><img decoding=\"async\" src=\"https:\/\/www.mxgp.com\/sites\/default\/files\/images\/BAUER-MOTOCROSS-GP-23-JUN-FIN-2022.jpg\" width=\"600\" border=\"0\" \/><\/center><span>Foto superior: Podio de la Copa del Mundo FIM de 65cc<\/span><br \/>\n<span>Fotos inferiores: 1. Lucas Leok 2. Ricardo Bauer<\/span><\/p>\n<p><span><strong>Ganador de la Copa del Mundo J\u00fanior de 65cc, Lucas Leok:<\/strong> \u201cEstoy muy feliz y ten\u00eda muchas ganas de ganar aqu\u00ed.\u00a0trabajamos duro para esto con todo el equipo.\u00a0Esta fue mi primera participaci\u00f3n en la Copa del Mundo, por lo que significa mucho para m\u00ed.\u00a0La segunda carrera, luch\u00e9 un poco y la pista ya no era f\u00e1cil\u201d.<\/span><\/p>\n<p><span><strong>Copa del Mundo Junior de 65cc &#8211; Carrera 1<\/strong> &#8211; Clasificaci\u00f3n Top 10: 1. Lucas Leok (EST, Husqvarna), 17:04.411;\u00a02. Viktor Lepp\u00e4l\u00e4 (FIN, KTM), +0:33.405;\u00a03. Moritz Ernecker (AUT, Husqvarna), +1:00.808;\u00a04. Marten Raud (EST, Husqvarna), +1:07.731;\u00a05. Jekabs Hudolejs (LAT, Yamaha), +1:11.296;\u00a06. Aston Allas (EST, Husqvarna), +1:13.338;\u00a07. Ricardo Bauer (AUT, KTM), +1:24.697;\u00a08. Casey Karstrom (DEN, Yamaha), +1:27.020;\u00a09. Torre Van Mechgelen (BEL, KTM), +1:30.263;\u00a010. Severi Hyt\u00f6nen (FIN, KTM), +1:32.592;<\/span><\/p>\n<p><span><strong>Copa del Mundo J\u00fanior de 65cc &#8211; Carrera 2<\/strong> &#8211; Clasificaci\u00f3n Top 10: 1. Lucas Leok (EST, Husqvarna), 16:50.217;\u00a02. Ricardo Bauer (AUT, KTM), +0:37.325;\u00a03. Jorge Salvador (ESP, GASGAS), +0:42.734;\u00a04. Pau Caudet Ruiz (ESP, KTM), +0:44.148;\u00a05. Tayce Morgan (EE. UU., KTM), +0: 48.233;\u00a06. Eeka Laksonen (FIN, GASGAS), +0:50.071;\u00a07. Marten Raud (EST, Husqvarna), +0:52.627;\u00a08. Moritz Ernecker (AUT, Husqvarna), +0:53.310;\u00a09. Francesco Assini (ROCA, SCAR), +1:04.402;\u00a010. Mauno Keskikallio (FIN, KTM), +1:05.802;<\/span><\/p>\n<p><span><strong>65cc Junior World Cup Top 10 clasificaciones generales:<\/strong> 1. Lucas Leok (EST, HUS), 50 puntos;\u00a02. Ricardo Bauer (AUT, KTM), 36 p.;\u00a03. Moritz Ernecker (AUT, CASA), 33 p.;\u00a04. Marten Raud (ESTE, HUS), 32 p.;\u00a05. Viktor Leppal\u00e4 (FIN, KTM), 32 p\u00e1gs.;\u00a06. Jorge Salvador (ESP, GAS), 26 p.;\u00a07. Tayce Morgan (EE. UU., KTM), 24 p\u00e1gs.;\u00a08. Aston Allas (ESTE, HUS), 24 p.;\u00a09. Pau Caudet Ruiz (ESP, KTM), 23 p.;\u00a010. Jacobs Hudolejs (LAT, YAM), 16 p\u00e1gs.;<\/span><\/p>\n<div><strong class=\"bbcode bold\"><span>CLASIFICACIONES NACIONES Y RIDE GREEN CUP<\/span><\/strong><\/div>\n<p><span>En las clasificaciones de las naciones, el equipo de EE. UU. fue el ganador general con 17 puntos, mientras que el segundo con 25 puntos fue Finlandia, seguido por el equipo de Holanda en tercer lugar con 26 puntos.<\/span><\/p>\n<p><span>Mientras tanto, el equipo de Sud\u00e1frica fue declarado ganador de la Copa Ride Green por mostrar su dedicaci\u00f3n al cuidado del medio ambiente.<\/span><\/p>\n<p><span>2022 Junior World Championship Nations Top 5 Clasificaciones: 1. USA 17p.;\u00a02. Finlandia 25p.;\u00a03. Holanda 26p.;\u00a04. Francia 31p.;\u00a05. Estonia 32p.<\/span><\/p>\n<p><center><img decoding=\"async\" src=\"https:\/\/www.mxgp.com\/sites\/default\/files\/images\/PODIUM-TEAMS-MOTOCROSS-GP-23-JUN-FIN-2022.jpg\" width=\"600\" border=\"0\" \/><\/center><center><img decoding=\"async\" src=\"https:\/\/www.mxgp.com\/sites\/default\/files\/images\/RIDE-GREEN-MOTOCROSS-GP-23-JUN-FIN-2022.jpg\" width=\"600\" border=\"0\" \/><\/center><span>Fotos: 1. Podio general del equipo 2. Equipo ganador de Ride Green Sud\u00e1frica<\/span><\/center>&nbsp;<\/p>\n<\/div>\n","protected":false},"excerpt":{"rendered":"<p>Todo Dos Tiempos, con las categor\u00edas que tambi\u00e9n son habituales en Argentina como la 65&#8230;<\/p>\n","protected":false},"author":2,"featured_media":0,"comment_status":"open","ping_status":"open","sticky":false,"template":"","format":"standard","meta":{"om_disable_all_campaigns":false,"_monsterinsights_skip_tracking":false,"_monsterinsights_sitenote_active":false,"_monsterinsights_sitenote_note":"","_monsterinsights_sitenote_category":0,"_uf_show_specific_survey":0,"_uf_disable_surveys":false,"footnotes":""},"categories":[37,24,115],"tags":[],"class_list":["post-60381","post","type-post","status-publish","format-standard","hentry","category-crossprensa","category-mxgp","category-mxgp-argentina"],"aioseo_notices":[],"_links":{"self":[{"href":"https:\/\/www.crossprensa.com.ar\/news\/wp-json\/wp\/v2\/posts\/60381","targetHints":{"allow":["GET"]}}],"collection":[{"href":"https:\/\/www.crossprensa.com.ar\/news\/wp-json\/wp\/v2\/posts"}],"about":[{"href":"https:\/\/www.crossprensa.com.ar\/news\/wp-json\/wp\/v2\/types\/post"}],"author":[{"embeddable":true,"href":"https:\/\/www.crossprensa.com.ar\/news\/wp-json\/wp\/v2\/users\/2"}],"replies":[{"embeddable":true,"href":"https:\/\/www.crossprensa.com.ar\/news\/wp-json\/wp\/v2\/comments?post=60381"}],"version-history":[{"count":1,"href":"https:\/\/www.crossprensa.com.ar\/news\/wp-json\/wp\/v2\/posts\/60381\/revisions"}],"predecessor-version":[{"id":60383,"href":"https:\/\/www.crossprensa.com.ar\/news\/wp-json\/wp\/v2\/posts\/60381\/revisions\/60383"}],"wp:attachment":[{"href":"https:\/\/www.crossprensa.com.ar\/news\/wp-json\/wp\/v2\/media?parent=60381"}],"wp:term":[{"taxonomy":"category","embeddable":true,"href":"https:\/\/www.crossprensa.com.ar\/news\/wp-json\/wp\/v2\/categories?post=60381"},{"taxonomy":"post_tag","embeddable":true,"href":"https:\/\/www.crossprensa.com.ar\/news\/wp-json\/wp\/v2\/tags?post=60381"}],"curies":[{"name":"wp","href":"https:\/\/api.w.org\/{rel}","templated":true}]}}